{"id":42729,"date":"2021-12-16T12:59:17","date_gmt":"2021-12-16T09:59:17","guid":{"rendered":"https:\/\/bas-tv.md\/?p=42729"},"modified":"2023-06-08T13:14:39","modified_gmt":"2023-06-08T10:14:39","slug":"s-au-schimbat-conditiile-de-intrate-in-tara-pentru-cetatenii-moldoveni","status":"publish","type":"post","link":"https:\/\/bas-tv.md\/ro\/s-au-schimbat-conditiile-de-intrate-in-tara-pentru-cetatenii-moldoveni\/","title":{"rendered":"Important pentru cei care \u0219i-au planificat o c\u0103l\u0103torie \u00een Italia! S-au schimbat condi\u021biile de intrate \u00een \u021bar\u0103 pentru cet\u0103\u021benii moldoveni"},"content":{"rendered":"<p><strong>Autorit\u0103\u021bile italiene au revizuit condi\u021biile de intrare \u00een \u021bar\u0103, \u00een contextul pandemiei de COVID \u2013 19. Astfel, de joi, 16 decembrie, persoanele care vin sau au tranzitat \u00een ultimele 14 zile Republica Moldova, vor putea intra \u00een Republica Italian\u0103 doar pentru motive de munc\u0103, urgen\u021b\u0103 absolut\u0103, nevoile de s\u0103n\u0103tate, nevoile de studiu, \u00eentoarcerea acas\u0103, la domiciliu sau la re\u0219edin\u021b\u0103.<\/strong><\/p>\n<p class=\"bs-intro\">De asemenea, s-a instituit obligativitatea prezent\u0103rii adeverin\u021bei care confirm\u0103 efectuarea unui test diagnostic molecular cu 72 de ore sau antigenic cu 24 de ore \u00eenaintea intr\u0103rii pe teritoriul italian, cu rezultat negativ pentru infec\u021bia cu SARS-CoV-2 (nu se accept\u0103 certificatele de vaccinare ca alternativ\u0103 \u00een schimbul testului).<\/p>\n<p>Persoanele care vin sau au tranzitat \u00een ultimele 14 zile Republica Moldova \u0219i se \u00eencadreaz\u0103 \u00een cerin\u021bele sus-men\u021bionate, trebuie s\u0103 respecte o serie de alte m\u0103suri obligatorii la intrarea\/\u00eentoarcerea din Republica Moldova \u00een Republica Italian\u0103. Ace\u0219tia trebuie s\u0103 completeze formularul digital de localizare, care poate fi accesat aici:\u00a0<a href=\"https:\/\/app.euplf.eu\/#\/\" target=\"_blank\" rel=\"noopener\">https:\/\/app.euplf.eu\/#\/<\/a><\/p>\n<p>Sunt de asemenea, obliga\u021bi s\u0103 prezinte adeverinai care confirm\u0103 efectuarea unui test diagnostic molecular cu 72 de ore sau antigenic cu 24 de ore \u00eenaintea intr\u0103rii pe teritoriul italian, cu rezultat negativ pentru infec\u021bia cu SARS-CoV-2 (nu se accept\u0103 certificatele de vaccinare ca alternativ\u0103 \u00een schimbul testului);<\/p>\n<p>Totodat\u0103, persoanele \u00een cauz\u0103 trebuie s\u0103 se autoizoleze la adresa indicat\u0103 \u00een Formularul de localizare a pasagerilor pentru o perioad\u0103 de zece zile cu informarea autorit\u0103\u021bii sanitare teritoriale \u0219i test\u0103rii suplimentare la sf\u00e2r\u0219itul acestei perioade.<\/p>\n<p>Copiii sub 6 ani sunt scuti\u021bi de efectuarea testului molecular sau de captur\u0103 antigen. M\u0103surile sus-men\u021bionate vor fi valabile \u00een perioada 16 decembrie 2021 \u2013 31 ianuarie 2022<\/p>\n<p>Sursa: <a href=\"https:\/\/tv8.md\/2021\/12\/16\/important-pentru-cei-care-si-au-planificat-o-calatorie-in-italia-s-au-schimbat-conditiile-de-intrate-in-tara-pentru-cetatenii-moldoveni\/\">tv8.md\u00a0<\/a><\/p>\n","protected":false},"excerpt":{"rendered":"<p>Autorit\u0103\u021bile italiene au revizuit condi\u021biile de intrare \u00een \u021bar\u0103, \u00een contextul pandemiei de COVID \u2013 19. Astfel, de joi, 16 decembrie, persoanele care vin sau au tranzitat \u00een ultimele 14 zile Republica Moldova, vor putea intra \u00een Republica Italian\u0103 doar pentru motive de munc\u0103, urgen\u021b\u0103 absolut\u0103, nevoile de s\u0103n\u0103tate, nevoile de studiu, \u00eentoarcerea acas\u0103, la [&hellip;]<\/p>\n","protected":false},"author":3,"featured_media":42731,"comment_status":"open","ping_status":"open","sticky":false,"template":"","format":"standard","meta":{"footnotes":""},"categories":[571,570],"tags":[],"class_list":["post-42729","post","type-post","status-publish","format-standard","has-post-thumbnail","hentry","category-in-lume-actualitate","category-in-moldova"],"yoast_head":"<!-- This site is optimized with the Yoast SEO plugin v27.5 - https:\/\/yoast.com\/product\/yoast-seo-wordpress\/ -->\n<title>Important pentru cei care \u0219i-au planificat o c\u0103l\u0103torie \u00een Italia! S-au schimbat condi\u021biile de intrate \u00een \u021bar\u0103 pentru cet\u0103\u021benii moldoveni - BasTV<\/title>\n<meta name=\"robots\" content=\"index, follow, max-snippet:-1, max-image-preview:large, max-video-preview:-1\" \/>\n<link rel=\"canonical\" href=\"https:\/\/bas-tv.md\/ro\/s-au-schimbat-conditiile-de-intrate-in-tara-pentru-cetatenii-moldoveni\/\" \/>\n<meta property=\"og:locale\" content=\"ro_RO\" \/>\n<meta property=\"og:type\" content=\"article\" \/>\n<meta property=\"og:title\" content=\"Important pentru cei care \u0219i-au planificat o c\u0103l\u0103torie \u00een Italia! S-au schimbat condi\u021biile de intrate \u00een \u021bar\u0103 pentru cet\u0103\u021benii moldoveni - BasTV\" \/>\n<meta property=\"og:description\" content=\"Autorit\u0103\u021bile italiene au revizuit condi\u021biile de intrare \u00een \u021bar\u0103, \u00een contextul pandemiei de COVID \u2013 19. Astfel, de joi, 16 decembrie, persoanele care vin sau au tranzitat \u00een ultimele 14 zile Republica Moldova, vor putea intra \u00een Republica Italian\u0103 doar pentru motive de munc\u0103, urgen\u021b\u0103 absolut\u0103, nevoile de s\u0103n\u0103tate, nevoile de studiu, \u00eentoarcerea acas\u0103, la [&hellip;]\" \/>\n<meta property=\"og:url\" content=\"https:\/\/bas-tv.md\/ro\/s-au-schimbat-conditiile-de-intrate-in-tara-pentru-cetatenii-moldoveni\/\" \/>\n<meta property=\"og:site_name\" content=\"BasTV\" \/>\n<meta property=\"article:published_time\" content=\"2021-12-16T09:59:17+00:00\" \/>\n<meta property=\"article:modified_time\" content=\"2023-06-08T10:14:39+00:00\" \/>\n<meta name=\"author\" content=\"Redactor\" \/>\n<meta name=\"twitter:card\" content=\"summary_large_image\" \/>\n<meta name=\"twitter:label1\" content=\"Scris de\" \/>\n\t<meta name=\"twitter:data1\" content=\"Redactor\" \/>\n\t<meta name=\"twitter:label2\" content=\"Timp estimat pentru citire\" \/>\n\t<meta name=\"twitter:data2\" content=\"1 minut\" \/>\n<script type=\"application\/ld+json\" class=\"yoast-schema-graph\">{\"@context\":\"https:\\\/\\\/schema.org\",\"@graph\":[{\"@type\":\"Article\",\"@id\":\"https:\\\/\\\/bas-tv.md\\\/ro\\\/s-au-schimbat-conditiile-de-intrate-in-tara-pentru-cetatenii-moldoveni\\\/#article\",\"isPartOf\":{\"@id\":\"https:\\\/\\\/bas-tv.md\\\/ro\\\/s-au-schimbat-conditiile-de-intrate-in-tara-pentru-cetatenii-moldoveni\\\/\"},\"author\":{\"name\":\"Redactor\",\"@id\":\"https:\\\/\\\/bas-tv.md\\\/ro\\\/#\\\/schema\\\/person\\\/8740f45ea2eca1f1695284fc03529af0\"},\"headline\":\"Important pentru cei care \u0219i-au planificat o c\u0103l\u0103torie \u00een Italia! S-au schimbat condi\u021biile de intrate \u00een \u021bar\u0103 pentru cet\u0103\u021benii moldoveni\",\"datePublished\":\"2021-12-16T09:59:17+00:00\",\"dateModified\":\"2023-06-08T10:14:39+00:00\",\"mainEntityOfPage\":{\"@id\":\"https:\\\/\\\/bas-tv.md\\\/ro\\\/s-au-schimbat-conditiile-de-intrate-in-tara-pentru-cetatenii-moldoveni\\\/\"},\"wordCount\":304,\"commentCount\":0,\"publisher\":{\"@id\":\"https:\\\/\\\/bas-tv.md\\\/ro\\\/#organization\"},\"image\":{\"@id\":\"https:\\\/\\\/bas-tv.md\\\/ro\\\/s-au-schimbat-conditiile-de-intrate-in-tara-pentru-cetatenii-moldoveni\\\/#primaryimage\"},\"thumbnailUrl\":\"\",\"articleSection\":[\"\u00cen lume\",\"\u00cen Moldova\"],\"inLanguage\":\"ro-RO\",\"potentialAction\":[{\"@type\":\"CommentAction\",\"name\":\"Comment\",\"target\":[\"https:\\\/\\\/bas-tv.md\\\/ro\\\/s-au-schimbat-conditiile-de-intrate-in-tara-pentru-cetatenii-moldoveni\\\/#respond\"]}]},{\"@type\":\"WebPage\",\"@id\":\"https:\\\/\\\/bas-tv.md\\\/ro\\\/s-au-schimbat-conditiile-de-intrate-in-tara-pentru-cetatenii-moldoveni\\\/\",\"url\":\"https:\\\/\\\/bas-tv.md\\\/ro\\\/s-au-schimbat-conditiile-de-intrate-in-tara-pentru-cetatenii-moldoveni\\\/\",\"name\":\"Important pentru cei care \u0219i-au planificat o c\u0103l\u0103torie \u00een Italia! S-au schimbat condi\u021biile de intrate \u00een \u021bar\u0103 pentru cet\u0103\u021benii moldoveni - BasTV\",\"isPartOf\":{\"@id\":\"https:\\\/\\\/bas-tv.md\\\/ro\\\/#website\"},\"primaryImageOfPage\":{\"@id\":\"https:\\\/\\\/bas-tv.md\\\/ro\\\/s-au-schimbat-conditiile-de-intrate-in-tara-pentru-cetatenii-moldoveni\\\/#primaryimage\"},\"image\":{\"@id\":\"https:\\\/\\\/bas-tv.md\\\/ro\\\/s-au-schimbat-conditiile-de-intrate-in-tara-pentru-cetatenii-moldoveni\\\/#primaryimage\"},\"thumbnailUrl\":\"\",\"datePublished\":\"2021-12-16T09:59:17+00:00\",\"dateModified\":\"2023-06-08T10:14:39+00:00\",\"inLanguage\":\"ro-RO\",\"potentialAction\":[{\"@type\":\"ReadAction\",\"target\":[\"https:\\\/\\\/bas-tv.md\\\/ro\\\/s-au-schimbat-conditiile-de-intrate-in-tara-pentru-cetatenii-moldoveni\\\/\"]}]},{\"@type\":\"ImageObject\",\"inLanguage\":\"ro-RO\",\"@id\":\"https:\\\/\\\/bas-tv.md\\\/ro\\\/s-au-schimbat-conditiile-de-intrate-in-tara-pentru-cetatenii-moldoveni\\\/#primaryimage\",\"url\":\"\",\"contentUrl\":\"\"},{\"@type\":\"WebSite\",\"@id\":\"https:\\\/\\\/bas-tv.md\\\/ro\\\/#website\",\"url\":\"https:\\\/\\\/bas-tv.md\\\/ro\\\/\",\"name\":\"BasTV\",\"description\":\"Moldova\",\"publisher\":{\"@id\":\"https:\\\/\\\/bas-tv.md\\\/ro\\\/#organization\"},\"potentialAction\":[{\"@type\":\"SearchAction\",\"target\":{\"@type\":\"EntryPoint\",\"urlTemplate\":\"https:\\\/\\\/bas-tv.md\\\/ro\\\/?s={search_term_string}\"},\"query-input\":{\"@type\":\"PropertyValueSpecification\",\"valueRequired\":true,\"valueName\":\"search_term_string\"}}],\"inLanguage\":\"ro-RO\"},{\"@type\":\"Organization\",\"@id\":\"https:\\\/\\\/bas-tv.md\\\/ro\\\/#organization\",\"name\":\"BasTV\",\"url\":\"https:\\\/\\\/bas-tv.md\\\/ro\\\/\",\"logo\":{\"@type\":\"ImageObject\",\"inLanguage\":\"ro-RO\",\"@id\":\"https:\\\/\\\/bas-tv.md\\\/ro\\\/#\\\/schema\\\/logo\\\/image\\\/\",\"url\":\"https:\\\/\\\/bas-tv.md\\\/wp-content\\\/uploads\\\/2023\\\/05\\\/bas-tv-culoarea-rosie.png\",\"contentUrl\":\"https:\\\/\\\/bas-tv.md\\\/wp-content\\\/uploads\\\/2023\\\/05\\\/bas-tv-culoarea-rosie.png\",\"width\":202,\"height\":50,\"caption\":\"BasTV\"},\"image\":{\"@id\":\"https:\\\/\\\/bas-tv.md\\\/ro\\\/#\\\/schema\\\/logo\\\/image\\\/\"}},{\"@type\":\"Person\",\"@id\":\"https:\\\/\\\/bas-tv.md\\\/ro\\\/#\\\/schema\\\/person\\\/8740f45ea2eca1f1695284fc03529af0\",\"name\":\"Redactor\",\"image\":{\"@type\":\"ImageObject\",\"inLanguage\":\"ro-RO\",\"@id\":\"https:\\\/\\\/bas-tv.md\\\/wp-content\\\/litespeed\\\/avatar\\\/91c0586f3f6f4396a4ec1287c965eeeb.jpg?ver=1777555749\",\"url\":\"https:\\\/\\\/bas-tv.md\\\/wp-content\\\/litespeed\\\/avatar\\\/91c0586f3f6f4396a4ec1287c965eeeb.jpg?ver=1777555749\",\"contentUrl\":\"https:\\\/\\\/bas-tv.md\\\/wp-content\\\/litespeed\\\/avatar\\\/91c0586f3f6f4396a4ec1287c965eeeb.jpg?ver=1777555749\",\"caption\":\"Redactor\"},\"url\":\"https:\\\/\\\/bas-tv.md\\\/ro\\\/author\\\/redactor\\\/\"}]}<\/script>\n<!-- \/ Yoast SEO plugin. -->","yoast_head_json":{"title":"Important pentru cei care \u0219i-au planificat o c\u0103l\u0103torie \u00een Italia! S-au schimbat condi\u021biile de intrate \u00een \u021bar\u0103 pentru cet\u0103\u021benii moldoveni - BasTV","robots":{"index":"index","follow":"follow","max-snippet":"max-snippet:-1","max-image-preview":"max-image-preview:large","max-video-preview":"max-video-preview:-1"},"canonical":"https:\/\/bas-tv.md\/ro\/s-au-schimbat-conditiile-de-intrate-in-tara-pentru-cetatenii-moldoveni\/","og_locale":"ro_RO","og_type":"article","og_title":"Important pentru cei care \u0219i-au planificat o c\u0103l\u0103torie \u00een Italia! S-au schimbat condi\u021biile de intrate \u00een \u021bar\u0103 pentru cet\u0103\u021benii moldoveni - BasTV","og_description":"Autorit\u0103\u021bile italiene au revizuit condi\u021biile de intrare \u00een \u021bar\u0103, \u00een contextul pandemiei de COVID \u2013 19. Astfel, de joi, 16 decembrie, persoanele care vin sau au tranzitat \u00een ultimele 14 zile Republica Moldova, vor putea intra \u00een Republica Italian\u0103 doar pentru motive de munc\u0103, urgen\u021b\u0103 absolut\u0103, nevoile de s\u0103n\u0103tate, nevoile de studiu, \u00eentoarcerea acas\u0103, la [&hellip;]","og_url":"https:\/\/bas-tv.md\/ro\/s-au-schimbat-conditiile-de-intrate-in-tara-pentru-cetatenii-moldoveni\/","og_site_name":"BasTV","article_published_time":"2021-12-16T09:59:17+00:00","article_modified_time":"2023-06-08T10:14:39+00:00","author":"Redactor","twitter_card":"summary_large_image","twitter_misc":{"Scris de":"Redactor","Timp estimat pentru citire":"1 minut"},"schema":{"@context":"https:\/\/schema.org","@graph":[{"@type":"Article","@id":"https:\/\/bas-tv.md\/ro\/s-au-schimbat-conditiile-de-intrate-in-tara-pentru-cetatenii-moldoveni\/#article","isPartOf":{"@id":"https:\/\/bas-tv.md\/ro\/s-au-schimbat-conditiile-de-intrate-in-tara-pentru-cetatenii-moldoveni\/"},"author":{"name":"Redactor","@id":"https:\/\/bas-tv.md\/ro\/#\/schema\/person\/8740f45ea2eca1f1695284fc03529af0"},"headline":"Important pentru cei care \u0219i-au planificat o c\u0103l\u0103torie \u00een Italia! S-au schimbat condi\u021biile de intrate \u00een \u021bar\u0103 pentru cet\u0103\u021benii moldoveni","datePublished":"2021-12-16T09:59:17+00:00","dateModified":"2023-06-08T10:14:39+00:00","mainEntityOfPage":{"@id":"https:\/\/bas-tv.md\/ro\/s-au-schimbat-conditiile-de-intrate-in-tara-pentru-cetatenii-moldoveni\/"},"wordCount":304,"commentCount":0,"publisher":{"@id":"https:\/\/bas-tv.md\/ro\/#organization"},"image":{"@id":"https:\/\/bas-tv.md\/ro\/s-au-schimbat-conditiile-de-intrate-in-tara-pentru-cetatenii-moldoveni\/#primaryimage"},"thumbnailUrl":"","articleSection":["\u00cen lume","\u00cen Moldova"],"inLanguage":"ro-RO","potentialAction":[{"@type":"CommentAction","name":"Comment","target":["https:\/\/bas-tv.md\/ro\/s-au-schimbat-conditiile-de-intrate-in-tara-pentru-cetatenii-moldoveni\/#respond"]}]},{"@type":"WebPage","@id":"https:\/\/bas-tv.md\/ro\/s-au-schimbat-conditiile-de-intrate-in-tara-pentru-cetatenii-moldoveni\/","url":"https:\/\/bas-tv.md\/ro\/s-au-schimbat-conditiile-de-intrate-in-tara-pentru-cetatenii-moldoveni\/","name":"Important pentru cei care \u0219i-au planificat o c\u0103l\u0103torie \u00een Italia! S-au schimbat condi\u021biile de intrate \u00een \u021bar\u0103 pentru cet\u0103\u021benii moldoveni - BasTV","isPartOf":{"@id":"https:\/\/bas-tv.md\/ro\/#website"},"primaryImageOfPage":{"@id":"https:\/\/bas-tv.md\/ro\/s-au-schimbat-conditiile-de-intrate-in-tara-pentru-cetatenii-moldoveni\/#primaryimage"},"image":{"@id":"https:\/\/bas-tv.md\/ro\/s-au-schimbat-conditiile-de-intrate-in-tara-pentru-cetatenii-moldoveni\/#primaryimage"},"thumbnailUrl":"","datePublished":"2021-12-16T09:59:17+00:00","dateModified":"2023-06-08T10:14:39+00:00","inLanguage":"ro-RO","potentialAction":[{"@type":"ReadAction","target":["https:\/\/bas-tv.md\/ro\/s-au-schimbat-conditiile-de-intrate-in-tara-pentru-cetatenii-moldoveni\/"]}]},{"@type":"ImageObject","inLanguage":"ro-RO","@id":"https:\/\/bas-tv.md\/ro\/s-au-schimbat-conditiile-de-intrate-in-tara-pentru-cetatenii-moldoveni\/#primaryimage","url":"","contentUrl":""},{"@type":"WebSite","@id":"https:\/\/bas-tv.md\/ro\/#website","url":"https:\/\/bas-tv.md\/ro\/","name":"BasTV","description":"Moldova","publisher":{"@id":"https:\/\/bas-tv.md\/ro\/#organization"},"potentialAction":[{"@type":"SearchAction","target":{"@type":"EntryPoint","urlTemplate":"https:\/\/bas-tv.md\/ro\/?s={search_term_string}"},"query-input":{"@type":"PropertyValueSpecification","valueRequired":true,"valueName":"search_term_string"}}],"inLanguage":"ro-RO"},{"@type":"Organization","@id":"https:\/\/bas-tv.md\/ro\/#organization","name":"BasTV","url":"https:\/\/bas-tv.md\/ro\/","logo":{"@type":"ImageObject","inLanguage":"ro-RO","@id":"https:\/\/bas-tv.md\/ro\/#\/schema\/logo\/image\/","url":"https:\/\/bas-tv.md\/wp-content\/uploads\/2023\/05\/bas-tv-culoarea-rosie.png","contentUrl":"https:\/\/bas-tv.md\/wp-content\/uploads\/2023\/05\/bas-tv-culoarea-rosie.png","width":202,"height":50,"caption":"BasTV"},"image":{"@id":"https:\/\/bas-tv.md\/ro\/#\/schema\/logo\/image\/"}},{"@type":"Person","@id":"https:\/\/bas-tv.md\/ro\/#\/schema\/person\/8740f45ea2eca1f1695284fc03529af0","name":"Redactor","image":{"@type":"ImageObject","inLanguage":"ro-RO","@id":"https:\/\/bas-tv.md\/wp-content\/litespeed\/avatar\/91c0586f3f6f4396a4ec1287c965eeeb.jpg?ver=1777555749","url":"https:\/\/bas-tv.md\/wp-content\/litespeed\/avatar\/91c0586f3f6f4396a4ec1287c965eeeb.jpg?ver=1777555749","contentUrl":"https:\/\/bas-tv.md\/wp-content\/litespeed\/avatar\/91c0586f3f6f4396a4ec1287c965eeeb.jpg?ver=1777555749","caption":"Redactor"},"url":"https:\/\/bas-tv.md\/ro\/author\/redactor\/"}]}},"views":243,"_links":{"self":[{"href":"https:\/\/bas-tv.md\/ro\/wp-json\/wp\/v2\/posts\/42729","targetHints":{"allow":["GET"]}}],"collection":[{"href":"https:\/\/bas-tv.md\/ro\/wp-json\/wp\/v2\/posts"}],"about":[{"href":"https:\/\/bas-tv.md\/ro\/wp-json\/wp\/v2\/types\/post"}],"author":[{"embeddable":true,"href":"https:\/\/bas-tv.md\/ro\/wp-json\/wp\/v2\/users\/3"}],"replies":[{"embeddable":true,"href":"https:\/\/bas-tv.md\/ro\/wp-json\/wp\/v2\/comments?post=42729"}],"version-history":[{"count":1,"href":"https:\/\/bas-tv.md\/ro\/wp-json\/wp\/v2\/posts\/42729\/revisions"}],"predecessor-version":[{"id":87169,"href":"https:\/\/bas-tv.md\/ro\/wp-json\/wp\/v2\/posts\/42729\/revisions\/87169"}],"wp:featuredmedia":[{"embeddable":true,"href":"https:\/\/bas-tv.md\/ro\/wp-json\/"}],"wp:attachment":[{"href":"https:\/\/bas-tv.md\/ro\/wp-json\/wp\/v2\/media?parent=42729"}],"wp:term":[{"taxonomy":"category","embeddable":true,"href":"https:\/\/bas-tv.md\/ro\/wp-json\/wp\/v2\/categories?post=42729"},{"taxonomy":"post_tag","embeddable":true,"href":"https:\/\/bas-tv.md\/ro\/wp-json\/wp\/v2\/tags?post=42729"}],"curies":[{"name":"wp","href":"https:\/\/api.w.org\/{rel}","templated":true}]}}