{"id":46469,"date":"2022-02-09T09:11:12","date_gmt":"2022-02-09T06:11:12","guid":{"rendered":"https:\/\/bas-tv.md\/?p=46469"},"modified":"2022-02-09T09:11:12","modified_gmt":"2022-02-09T06:11:12","slug":"socialistii-propun-compensatii-de-100-lei-lunar-pentru-paine-ce-categorii-de-persoane-ar-fi-eligibile","status":"publish","type":"post","link":"https:\/\/bas-tv.md\/ro\/socialistii-propun-compensatii-de-100-lei-lunar-pentru-paine-ce-categorii-de-persoane-ar-fi-eligibile\/","title":{"rendered":"Sociali\u0219tii propun compensa\u021bii de 100 lei lunar pentru p\u00e2ine. Ce categorii de persoane ar fi eligibile?"},"content":{"rendered":"<p><strong>Sociali\u0219tii au elaborat un proiect de lege care prevede introducerea compensa\u021biei pentru majorarea pre\u021burilor la p\u00e2ine \u00een m\u0103rime de 100 lei lunar. De ace\u0219ti bani ar beneficia persoanele care au pensii mai mici de 3000 lei. Anun\u021bul a fost f\u0103cut de c\u0103tre deputata PSRM Tatiana Cune\u021bchi \u00een cadrul unui briefing, pe 8 februarie.<\/strong><\/p>\n<p>La acela\u0219i eveniment, consilierul frac\u021biunii parlamentare a BCS, ex-ministrul Agriculturii, Ion Perju a cerut retragerea ini\u021biativei Ministerului Economiei care prevede anularea prevederilor Legii comer\u021bului interior care stabilesc c\u0103 50 la sut\u0103 din lungimea raftului din unit\u0103\u021bile comerciale trebuie oferite produselor agroalimentare autohtone.<\/p>\n<p>Potrivit lui Ion Perju, modific\u0103rile propuse vor avea \u201eun efect dezastruos\u201d pentru produc\u0103torii mici \u0219i mijlocii de produse agricole.<\/p>\n<p>Amintim, c\u0103 la data de 1 iulie 2021, comercian\u021bii de produse alimentare, cu excep\u021bia celor din unit\u0103\u021bile de comer\u021b ambulant, sunt obliga\u021bi s\u0103 v\u00e2nd\u0103 produse provenite din lan\u021bul alimentar scurt \u00een propor\u021bie de cel pu\u021bin 50% din lungimea liniar\u0103 a raftului comercial.<\/p>\n<p>La data de 14 iulie curent, Guvernul, \u00een baza Legii men\u021bionate a aprobat lista produselor alimentare provenite din lan\u021bul alimentar scurt, care include 129 de produse.<\/p>\n<p>Sursa: <a href=\"https:\/\/newsmaker.md\/ro\/socialistii-propun-compensatii-de-100-lei-lunar-pentru-paine-ce-categorii-de-persoane-ar-fi-eligibile\/\">newsmaker.md<\/a><\/p>\n","protected":false},"excerpt":{"rendered":"<p>Sociali\u0219tii au elaborat un proiect de lege care prevede introducerea compensa\u021biei pentru majorarea pre\u021burilor la p\u00e2ine \u00een m\u0103rime de 100 lei lunar. De ace\u0219ti bani ar beneficia persoanele care au pensii mai mici de 3000 lei. Anun\u021bul a fost f\u0103cut de c\u0103tre deputata PSRM Tatiana Cune\u021bchi \u00een cadrul unui briefing, pe 8 februarie. La acela\u0219i [&hellip;]<\/p>\n","protected":false},"author":3,"featured_media":46471,"comment_status":"open","ping_status":"open","sticky":false,"template":"","format":"standard","meta":{"footnotes":""},"categories":[570,10],"tags":[],"class_list":["post-46469","post","type-post","status-publish","format-standard","has-post-thumbnail","hentry","category-in-moldova","category-politika"],"yoast_head":"<!-- This site is optimized with the Yoast SEO plugin v27.5 - https:\/\/yoast.com\/product\/yoast-seo-wordpress\/ -->\n<title>Sociali\u0219tii propun compensa\u021bii de 100 lei lunar pentru p\u00e2ine. Ce categorii de persoane ar fi eligibile? - BasTV<\/title>\n<meta name=\"robots\" content=\"index, follow, max-snippet:-1, max-image-preview:large, max-video-preview:-1\" \/>\n<link rel=\"canonical\" href=\"https:\/\/bas-tv.md\/ro\/socialistii-propun-compensatii-de-100-lei-lunar-pentru-paine-ce-categorii-de-persoane-ar-fi-eligibile\/\" \/>\n<meta property=\"og:locale\" content=\"ro_RO\" \/>\n<meta property=\"og:type\" content=\"article\" \/>\n<meta property=\"og:title\" content=\"Sociali\u0219tii propun compensa\u021bii de 100 lei lunar pentru p\u00e2ine. Ce categorii de persoane ar fi eligibile? - BasTV\" \/>\n<meta property=\"og:description\" content=\"Sociali\u0219tii au elaborat un proiect de lege care prevede introducerea compensa\u021biei pentru majorarea pre\u021burilor la p\u00e2ine \u00een m\u0103rime de 100 lei lunar. De ace\u0219ti bani ar beneficia persoanele care au pensii mai mici de 3000 lei. Anun\u021bul a fost f\u0103cut de c\u0103tre deputata PSRM Tatiana Cune\u021bchi \u00een cadrul unui briefing, pe 8 februarie. La acela\u0219i [&hellip;]\" \/>\n<meta property=\"og:url\" content=\"https:\/\/bas-tv.md\/ro\/socialistii-propun-compensatii-de-100-lei-lunar-pentru-paine-ce-categorii-de-persoane-ar-fi-eligibile\/\" \/>\n<meta property=\"og:site_name\" content=\"BasTV\" \/>\n<meta property=\"article:published_time\" content=\"2022-02-09T06:11:12+00:00\" \/>\n<meta name=\"author\" content=\"Redactor\" \/>\n<meta name=\"twitter:card\" content=\"summary_large_image\" \/>\n<meta name=\"twitter:label1\" content=\"Scris de\" \/>\n\t<meta name=\"twitter:data1\" content=\"Redactor\" \/>\n\t<meta name=\"twitter:label2\" content=\"Timp estimat pentru citire\" \/>\n\t<meta name=\"twitter:data2\" content=\"1 minut\" \/>\n<script type=\"application\/ld+json\" class=\"yoast-schema-graph\">{\"@context\":\"https:\\\/\\\/schema.org\",\"@graph\":[{\"@type\":\"Article\",\"@id\":\"https:\\\/\\\/bas-tv.md\\\/ro\\\/socialistii-propun-compensatii-de-100-lei-lunar-pentru-paine-ce-categorii-de-persoane-ar-fi-eligibile\\\/#article\",\"isPartOf\":{\"@id\":\"https:\\\/\\\/bas-tv.md\\\/ro\\\/socialistii-propun-compensatii-de-100-lei-lunar-pentru-paine-ce-categorii-de-persoane-ar-fi-eligibile\\\/\"},\"author\":{\"name\":\"Redactor\",\"@id\":\"https:\\\/\\\/bas-tv.md\\\/ro\\\/#\\\/schema\\\/person\\\/8740f45ea2eca1f1695284fc03529af0\"},\"headline\":\"Sociali\u0219tii propun compensa\u021bii de 100 lei lunar pentru p\u00e2ine. Ce categorii de persoane ar fi eligibile?\",\"datePublished\":\"2022-02-09T06:11:12+00:00\",\"mainEntityOfPage\":{\"@id\":\"https:\\\/\\\/bas-tv.md\\\/ro\\\/socialistii-propun-compensatii-de-100-lei-lunar-pentru-paine-ce-categorii-de-persoane-ar-fi-eligibile\\\/\"},\"wordCount\":221,\"commentCount\":0,\"publisher\":{\"@id\":\"https:\\\/\\\/bas-tv.md\\\/ro\\\/#organization\"},\"image\":{\"@id\":\"https:\\\/\\\/bas-tv.md\\\/ro\\\/socialistii-propun-compensatii-de-100-lei-lunar-pentru-paine-ce-categorii-de-persoane-ar-fi-eligibile\\\/#primaryimage\"},\"thumbnailUrl\":\"\",\"articleSection\":[\"\u00cen Moldova\",\"\u041f\u043e\u043b\u0438\u0442\u0438\u043a\u0430\"],\"inLanguage\":\"ro-RO\",\"potentialAction\":[{\"@type\":\"CommentAction\",\"name\":\"Comment\",\"target\":[\"https:\\\/\\\/bas-tv.md\\\/ro\\\/socialistii-propun-compensatii-de-100-lei-lunar-pentru-paine-ce-categorii-de-persoane-ar-fi-eligibile\\\/#respond\"]}]},{\"@type\":\"WebPage\",\"@id\":\"https:\\\/\\\/bas-tv.md\\\/ro\\\/socialistii-propun-compensatii-de-100-lei-lunar-pentru-paine-ce-categorii-de-persoane-ar-fi-eligibile\\\/\",\"url\":\"https:\\\/\\\/bas-tv.md\\\/ro\\\/socialistii-propun-compensatii-de-100-lei-lunar-pentru-paine-ce-categorii-de-persoane-ar-fi-eligibile\\\/\",\"name\":\"Sociali\u0219tii propun compensa\u021bii de 100 lei lunar pentru p\u00e2ine. Ce categorii de persoane ar fi eligibile? - BasTV\",\"isPartOf\":{\"@id\":\"https:\\\/\\\/bas-tv.md\\\/ro\\\/#website\"},\"primaryImageOfPage\":{\"@id\":\"https:\\\/\\\/bas-tv.md\\\/ro\\\/socialistii-propun-compensatii-de-100-lei-lunar-pentru-paine-ce-categorii-de-persoane-ar-fi-eligibile\\\/#primaryimage\"},\"image\":{\"@id\":\"https:\\\/\\\/bas-tv.md\\\/ro\\\/socialistii-propun-compensatii-de-100-lei-lunar-pentru-paine-ce-categorii-de-persoane-ar-fi-eligibile\\\/#primaryimage\"},\"thumbnailUrl\":\"\",\"datePublished\":\"2022-02-09T06:11:12+00:00\",\"inLanguage\":\"ro-RO\",\"potentialAction\":[{\"@type\":\"ReadAction\",\"target\":[\"https:\\\/\\\/bas-tv.md\\\/ro\\\/socialistii-propun-compensatii-de-100-lei-lunar-pentru-paine-ce-categorii-de-persoane-ar-fi-eligibile\\\/\"]}]},{\"@type\":\"ImageObject\",\"inLanguage\":\"ro-RO\",\"@id\":\"https:\\\/\\\/bas-tv.md\\\/ro\\\/socialistii-propun-compensatii-de-100-lei-lunar-pentru-paine-ce-categorii-de-persoane-ar-fi-eligibile\\\/#primaryimage\",\"url\":\"\",\"contentUrl\":\"\"},{\"@type\":\"WebSite\",\"@id\":\"https:\\\/\\\/bas-tv.md\\\/ro\\\/#website\",\"url\":\"https:\\\/\\\/bas-tv.md\\\/ro\\\/\",\"name\":\"BasTV\",\"description\":\"Moldova\",\"publisher\":{\"@id\":\"https:\\\/\\\/bas-tv.md\\\/ro\\\/#organization\"},\"potentialAction\":[{\"@type\":\"SearchAction\",\"target\":{\"@type\":\"EntryPoint\",\"urlTemplate\":\"https:\\\/\\\/bas-tv.md\\\/ro\\\/?s={search_term_string}\"},\"query-input\":{\"@type\":\"PropertyValueSpecification\",\"valueRequired\":true,\"valueName\":\"search_term_string\"}}],\"inLanguage\":\"ro-RO\"},{\"@type\":\"Organization\",\"@id\":\"https:\\\/\\\/bas-tv.md\\\/ro\\\/#organization\",\"name\":\"BasTV\",\"url\":\"https:\\\/\\\/bas-tv.md\\\/ro\\\/\",\"logo\":{\"@type\":\"ImageObject\",\"inLanguage\":\"ro-RO\",\"@id\":\"https:\\\/\\\/bas-tv.md\\\/ro\\\/#\\\/schema\\\/logo\\\/image\\\/\",\"url\":\"https:\\\/\\\/bas-tv.md\\\/wp-content\\\/uploads\\\/2023\\\/05\\\/bas-tv-culoarea-rosie.png\",\"contentUrl\":\"https:\\\/\\\/bas-tv.md\\\/wp-content\\\/uploads\\\/2023\\\/05\\\/bas-tv-culoarea-rosie.png\",\"width\":202,\"height\":50,\"caption\":\"BasTV\"},\"image\":{\"@id\":\"https:\\\/\\\/bas-tv.md\\\/ro\\\/#\\\/schema\\\/logo\\\/image\\\/\"}},{\"@type\":\"Person\",\"@id\":\"https:\\\/\\\/bas-tv.md\\\/ro\\\/#\\\/schema\\\/person\\\/8740f45ea2eca1f1695284fc03529af0\",\"name\":\"Redactor\",\"image\":{\"@type\":\"ImageObject\",\"inLanguage\":\"ro-RO\",\"@id\":\"https:\\\/\\\/bas-tv.md\\\/wp-content\\\/litespeed\\\/avatar\\\/91c0586f3f6f4396a4ec1287c965eeeb.jpg?ver=1777555749\",\"url\":\"https:\\\/\\\/bas-tv.md\\\/wp-content\\\/litespeed\\\/avatar\\\/91c0586f3f6f4396a4ec1287c965eeeb.jpg?ver=1777555749\",\"contentUrl\":\"https:\\\/\\\/bas-tv.md\\\/wp-content\\\/litespeed\\\/avatar\\\/91c0586f3f6f4396a4ec1287c965eeeb.jpg?ver=1777555749\",\"caption\":\"Redactor\"},\"url\":\"https:\\\/\\\/bas-tv.md\\\/ro\\\/author\\\/redactor\\\/\"}]}<\/script>\n<!-- \/ Yoast SEO plugin. -->","yoast_head_json":{"title":"Sociali\u0219tii propun compensa\u021bii de 100 lei lunar pentru p\u00e2ine. Ce categorii de persoane ar fi eligibile? - BasTV","robots":{"index":"index","follow":"follow","max-snippet":"max-snippet:-1","max-image-preview":"max-image-preview:large","max-video-preview":"max-video-preview:-1"},"canonical":"https:\/\/bas-tv.md\/ro\/socialistii-propun-compensatii-de-100-lei-lunar-pentru-paine-ce-categorii-de-persoane-ar-fi-eligibile\/","og_locale":"ro_RO","og_type":"article","og_title":"Sociali\u0219tii propun compensa\u021bii de 100 lei lunar pentru p\u00e2ine. Ce categorii de persoane ar fi eligibile? - BasTV","og_description":"Sociali\u0219tii au elaborat un proiect de lege care prevede introducerea compensa\u021biei pentru majorarea pre\u021burilor la p\u00e2ine \u00een m\u0103rime de 100 lei lunar. De ace\u0219ti bani ar beneficia persoanele care au pensii mai mici de 3000 lei. Anun\u021bul a fost f\u0103cut de c\u0103tre deputata PSRM Tatiana Cune\u021bchi \u00een cadrul unui briefing, pe 8 februarie. La acela\u0219i [&hellip;]","og_url":"https:\/\/bas-tv.md\/ro\/socialistii-propun-compensatii-de-100-lei-lunar-pentru-paine-ce-categorii-de-persoane-ar-fi-eligibile\/","og_site_name":"BasTV","article_published_time":"2022-02-09T06:11:12+00:00","author":"Redactor","twitter_card":"summary_large_image","twitter_misc":{"Scris de":"Redactor","Timp estimat pentru citire":"1 minut"},"schema":{"@context":"https:\/\/schema.org","@graph":[{"@type":"Article","@id":"https:\/\/bas-tv.md\/ro\/socialistii-propun-compensatii-de-100-lei-lunar-pentru-paine-ce-categorii-de-persoane-ar-fi-eligibile\/#article","isPartOf":{"@id":"https:\/\/bas-tv.md\/ro\/socialistii-propun-compensatii-de-100-lei-lunar-pentru-paine-ce-categorii-de-persoane-ar-fi-eligibile\/"},"author":{"name":"Redactor","@id":"https:\/\/bas-tv.md\/ro\/#\/schema\/person\/8740f45ea2eca1f1695284fc03529af0"},"headline":"Sociali\u0219tii propun compensa\u021bii de 100 lei lunar pentru p\u00e2ine. Ce categorii de persoane ar fi eligibile?","datePublished":"2022-02-09T06:11:12+00:00","mainEntityOfPage":{"@id":"https:\/\/bas-tv.md\/ro\/socialistii-propun-compensatii-de-100-lei-lunar-pentru-paine-ce-categorii-de-persoane-ar-fi-eligibile\/"},"wordCount":221,"commentCount":0,"publisher":{"@id":"https:\/\/bas-tv.md\/ro\/#organization"},"image":{"@id":"https:\/\/bas-tv.md\/ro\/socialistii-propun-compensatii-de-100-lei-lunar-pentru-paine-ce-categorii-de-persoane-ar-fi-eligibile\/#primaryimage"},"thumbnailUrl":"","articleSection":["\u00cen Moldova","\u041f\u043e\u043b\u0438\u0442\u0438\u043a\u0430"],"inLanguage":"ro-RO","potentialAction":[{"@type":"CommentAction","name":"Comment","target":["https:\/\/bas-tv.md\/ro\/socialistii-propun-compensatii-de-100-lei-lunar-pentru-paine-ce-categorii-de-persoane-ar-fi-eligibile\/#respond"]}]},{"@type":"WebPage","@id":"https:\/\/bas-tv.md\/ro\/socialistii-propun-compensatii-de-100-lei-lunar-pentru-paine-ce-categorii-de-persoane-ar-fi-eligibile\/","url":"https:\/\/bas-tv.md\/ro\/socialistii-propun-compensatii-de-100-lei-lunar-pentru-paine-ce-categorii-de-persoane-ar-fi-eligibile\/","name":"Sociali\u0219tii propun compensa\u021bii de 100 lei lunar pentru p\u00e2ine. Ce categorii de persoane ar fi eligibile? - BasTV","isPartOf":{"@id":"https:\/\/bas-tv.md\/ro\/#website"},"primaryImageOfPage":{"@id":"https:\/\/bas-tv.md\/ro\/socialistii-propun-compensatii-de-100-lei-lunar-pentru-paine-ce-categorii-de-persoane-ar-fi-eligibile\/#primaryimage"},"image":{"@id":"https:\/\/bas-tv.md\/ro\/socialistii-propun-compensatii-de-100-lei-lunar-pentru-paine-ce-categorii-de-persoane-ar-fi-eligibile\/#primaryimage"},"thumbnailUrl":"","datePublished":"2022-02-09T06:11:12+00:00","inLanguage":"ro-RO","potentialAction":[{"@type":"ReadAction","target":["https:\/\/bas-tv.md\/ro\/socialistii-propun-compensatii-de-100-lei-lunar-pentru-paine-ce-categorii-de-persoane-ar-fi-eligibile\/"]}]},{"@type":"ImageObject","inLanguage":"ro-RO","@id":"https:\/\/bas-tv.md\/ro\/socialistii-propun-compensatii-de-100-lei-lunar-pentru-paine-ce-categorii-de-persoane-ar-fi-eligibile\/#primaryimage","url":"","contentUrl":""},{"@type":"WebSite","@id":"https:\/\/bas-tv.md\/ro\/#website","url":"https:\/\/bas-tv.md\/ro\/","name":"BasTV","description":"Moldova","publisher":{"@id":"https:\/\/bas-tv.md\/ro\/#organization"},"potentialAction":[{"@type":"SearchAction","target":{"@type":"EntryPoint","urlTemplate":"https:\/\/bas-tv.md\/ro\/?s={search_term_string}"},"query-input":{"@type":"PropertyValueSpecification","valueRequired":true,"valueName":"search_term_string"}}],"inLanguage":"ro-RO"},{"@type":"Organization","@id":"https:\/\/bas-tv.md\/ro\/#organization","name":"BasTV","url":"https:\/\/bas-tv.md\/ro\/","logo":{"@type":"ImageObject","inLanguage":"ro-RO","@id":"https:\/\/bas-tv.md\/ro\/#\/schema\/logo\/image\/","url":"https:\/\/bas-tv.md\/wp-content\/uploads\/2023\/05\/bas-tv-culoarea-rosie.png","contentUrl":"https:\/\/bas-tv.md\/wp-content\/uploads\/2023\/05\/bas-tv-culoarea-rosie.png","width":202,"height":50,"caption":"BasTV"},"image":{"@id":"https:\/\/bas-tv.md\/ro\/#\/schema\/logo\/image\/"}},{"@type":"Person","@id":"https:\/\/bas-tv.md\/ro\/#\/schema\/person\/8740f45ea2eca1f1695284fc03529af0","name":"Redactor","image":{"@type":"ImageObject","inLanguage":"ro-RO","@id":"https:\/\/bas-tv.md\/wp-content\/litespeed\/avatar\/91c0586f3f6f4396a4ec1287c965eeeb.jpg?ver=1777555749","url":"https:\/\/bas-tv.md\/wp-content\/litespeed\/avatar\/91c0586f3f6f4396a4ec1287c965eeeb.jpg?ver=1777555749","contentUrl":"https:\/\/bas-tv.md\/wp-content\/litespeed\/avatar\/91c0586f3f6f4396a4ec1287c965eeeb.jpg?ver=1777555749","caption":"Redactor"},"url":"https:\/\/bas-tv.md\/ro\/author\/redactor\/"}]}},"views":188,"_links":{"self":[{"href":"https:\/\/bas-tv.md\/ro\/wp-json\/wp\/v2\/posts\/46469","targetHints":{"allow":["GET"]}}],"collection":[{"href":"https:\/\/bas-tv.md\/ro\/wp-json\/wp\/v2\/posts"}],"about":[{"href":"https:\/\/bas-tv.md\/ro\/wp-json\/wp\/v2\/types\/post"}],"author":[{"embeddable":true,"href":"https:\/\/bas-tv.md\/ro\/wp-json\/wp\/v2\/users\/3"}],"replies":[{"embeddable":true,"href":"https:\/\/bas-tv.md\/ro\/wp-json\/wp\/v2\/comments?post=46469"}],"version-history":[{"count":0,"href":"https:\/\/bas-tv.md\/ro\/wp-json\/wp\/v2\/posts\/46469\/revisions"}],"wp:featuredmedia":[{"embeddable":true,"href":"https:\/\/bas-tv.md\/ro\/wp-json\/"}],"wp:attachment":[{"href":"https:\/\/bas-tv.md\/ro\/wp-json\/wp\/v2\/media?parent=46469"}],"wp:term":[{"taxonomy":"category","embeddable":true,"href":"https:\/\/bas-tv.md\/ro\/wp-json\/wp\/v2\/categories?post=46469"},{"taxonomy":"post_tag","embeddable":true,"href":"https:\/\/bas-tv.md\/ro\/wp-json\/wp\/v2\/tags?post=46469"}],"curies":[{"name":"wp","href":"https:\/\/api.w.org\/{rel}","templated":true}]}}