{"id":46480,"date":"2022-02-09T09:57:00","date_gmt":"2022-02-09T06:57:00","guid":{"rendered":"https:\/\/bas-tv.md\/?p=46480"},"modified":"2022-02-09T09:57:00","modified_gmt":"2022-02-09T06:57:00","slug":"grosu-despre-scaderea-ratingului-pas-in-sondaje-cand-oamenii-vor-vedea-efectul-o-sa-dea-o-apreciere","status":"publish","type":"post","link":"https:\/\/bas-tv.md\/ro\/grosu-despre-scaderea-ratingului-pas-in-sondaje-cand-oamenii-vor-vedea-efectul-o-sa-dea-o-apreciere\/","title":{"rendered":"Grosu, despre sc\u0103derea ratingului PAS \u00een sondaje: \u201eC\u00e2nd oamenii vor vedea efectul, o s\u0103 dea o apreciere\u201d"},"content":{"rendered":"<p><strong>Pre\u0219edintele Parlamentului Igor Grosu a comentat rezultatele sondajului publicat ast\u0103zi de IDIS \u201eViitorul\u201d, care arat\u0103 o sc\u0103dere a simpatiei cet\u0103\u021benilor \u00een Partidul Ac\u021biune \u0219i Solidaritate (PAS) \u0219i a \u00eencrederii \u00een pre\u0219edinta \u021b\u0103rii, Maia Sandu. \u00cen cadrul unui interviu pentru Radio Europa Liber\u0103, speakerul Legislativului a men\u021bionat c\u0103 cet\u0103\u021benii vor da o apreciere a ac\u021biunilor partidului de guvernare dup\u0103 ce efectele reformelor se vor face sim\u021bite.<\/strong><\/p>\n<blockquote><p>\u201e<em>M\u0103 g\u00e2ndeam c\u0103 o s\u0103 m\u0103 \u00eentreba\u021bi de sondaj. Eu spun a\u0219a: c\u00e2nd te afli la guvernare, \u00eentr-o perioad\u0103 foarte complicat\u0103, cum este criza gazelor, criza pre\u021burilor, \u0219.a.m.d. ar fi cinic pentru un partid de guvernare s\u0103 se \u00eengrijeasc\u0103 \u00een primul r\u00e2nd de ratingul din sondaje. Atunci c\u00e2nd e\u0219ti la \u00eenceputul guvern\u0103rii, \u00een special, te apuci de treab\u0103. Cu riscurile de a nu pl\u0103cea cuiva, unor lideri de opinie. Opozi\u021biei Doamne fere\u0219te s\u0103 placi, c\u0103 asta \u00eenseamn\u0103 c\u0103 ceva nu e \u00een regul\u0103, unor mijloace de informare \u00een mas\u0103\u2026 Nu e timpul s\u0103 te ui\u021bi de fiecare dat\u0103 \u00een oglind\u0103 ca s\u0103 vezi dac\u0103 st\u0103 bine coafura. Trebuie s\u0103 r\u0103sufleci m\u00e2necile \u0219i s\u0103 te apuci de treab\u0103. Ulterior, c\u00e2nd oamenii vor vedea efectul, o s\u0103 dea o apreciere\u201d<\/em>, a declarat Grosu.<\/p><\/blockquote>\n<p>Igor Grosu s-a referit \u0219i la numirile \u00een func\u021bii publice, care provoac\u0103 uneori critici.<\/p>\n<blockquote><p>\u201e<em>Evident, vor fi dintre cei care nu s-au reg\u0103sit \u00een func\u021bii publice sau au avut ni\u0219te a\u0219tept\u0103ri, \u0219i-au imaginat \u00eentr-un fel sau altul o reform\u0103\u2026 Noi vedem lucrurile \u00een felul nostru \u0219i credem c\u0103 trebuie de procedat a\u0219a cum am spus de fiecare dat\u0103: consecvent ne asum\u0103m oamenii pe care \u00eei promov\u0103m \u00een anumite func\u021bii. O s\u0103 gre\u0219im \u2013 o s\u0103 recunoa\u0219tem gre\u0219elile\u201d,\u00a0<\/em>a men\u021bionat pre\u0219edintele Parlamentului.<\/p><\/blockquote>\n<p>***<\/p>\n<p>Amintim c\u0103 un\u00a0sondaj\u00a0publicat pe 8 ianuarie \u0219i realizat de Institutul de \u0218tiin\u021be Politice \u0219i Rela\u021bii Interna\u021bionale \u201eIoan I.C. Br\u0103tianu\u201d al Academiei Rom\u00e2ne, \u00een parteneriat cu Institutul pentru Dezvoltare \u0219i Ini\u021biative Sociale (IDIS) \u201eViitorul\u201d din Chi\u0219in\u0103u, arat\u0103 c\u0103, dac\u0103 duminica viitoare \u00een Republica Moldova s-ar organiza alegeri parlamentare, 25,2% din responden\u021bi ar vota cu Blocul electoral al Comuni\u0219tilor \u0219i Sociali\u0219tilor. Al\u021bi 22,7% din responden\u021bi ar vota cu Partidul Ac\u021biune \u0219i Solidaritate, iar 8,1% \u0219i-ar da votul pentru Partidul \u0218or. Alte forma\u021biuni politice nu ar trece pragul electoral.<\/p>\n<p>Iar la \u00eentrebarea deschis\u0103\u00a0<em>\u201enumi\u021bi personalitatea politic\u0103 \u00een care ave\u021bi cea mai mare \u00eencredere\u201d<\/em>, 16,6% dintre responden\u021bi au numit-o pe pre\u0219edinta \u021b\u0103rii, Maia Sandu. Ea este urmat\u0103 de c\u0103tre pre\u0219edintele de onoare al PSRM Igor Dodon \u2013 10,3%. La distan\u021b\u0103 mare de primii doi s-a clasat deputatul cercetat penal Ilan \u0218or \u2013 2,1%. \u00cen liderul PCRM, deputatul Vladimir Voronin \u0219i \u00een primarul de Chi\u0219in\u0103u Ion Ceban au \u00eencredere \u2013 1,7% dintre participan\u021bii la sondaj.<\/p>\n<p>De men\u021bionat c\u0103 \u0219i-au amintit de pre\u0219edintele Parlamentului Igor Grosu la capitolul \u00eencredere doar 0,6% dintre responden\u021bi, iar de premierul Natalia Gavrili\u021ba \u2013 0,3%.<\/p>\n<p>Datele arat\u0103 un rezultat diferit atunci c\u00e2nd cet\u0103\u021benii au fost ruga\u021bi s\u0103 dea apreciere \u00eentr-un spectru mai larg al capitolului \u201e\u00eencredere\u201d.<\/p>\n<p>Astfel, de aceast\u0103 dat\u0103, lider al clasamentului s-a dovedit a fi primarul capitalei Ion Ceban. Au \u00eencredere \u00een edil 44% dintre responden\u021bi. La fel, edilul are cel mai mic rating negativ \u2013 39,6%.<\/p>\n<p>Ex-pre\u0219edintele \u021b\u0103rii Igor Dodon se bucur\u0103 de \u00eencrederea a 38,4% dintre responden\u021bi, \u00eens\u0103 rating-ul s\u0103u negativ constituie 58,4%.<\/p>\n<p>\u00cen Maia Sandu \u00een acest caz au \u00eencredere 37,6% dintre responden\u021bi. Nu au \u00eencredere \u00een \u0219efa statului 59,7%.<\/p>\n<p>Sursa:<a href=\"https:\/\/newsmaker.md\/ro\/grosu-despre-scaderea-ratingului-pas-in-sondaje-cand-oamenii-vor-vedea-efectul-o-sa-dea-o-apreciere\/\"> newsmaker.md<\/a><\/p>\n","protected":false},"excerpt":{"rendered":"<p>Pre\u0219edintele Parlamentului Igor Grosu a comentat rezultatele sondajului publicat ast\u0103zi de IDIS \u201eViitorul\u201d, care arat\u0103 o sc\u0103dere a simpatiei cet\u0103\u021benilor \u00een Partidul Ac\u021biune \u0219i Solidaritate (PAS) \u0219i a \u00eencrederii \u00een pre\u0219edinta \u021b\u0103rii, Maia Sandu. \u00cen cadrul unui interviu pentru Radio Europa Liber\u0103, speakerul Legislativului a men\u021bionat c\u0103 cet\u0103\u021benii vor da o apreciere a ac\u021biunilor partidului [&hellip;]<\/p>\n","protected":false},"author":3,"featured_media":46481,"comment_status":"open","ping_status":"open","sticky":false,"template":"","format":"standard","meta":{"footnotes":""},"categories":[570,199],"tags":[],"class_list":["post-46480","post","type-post","status-publish","format-standard","has-post-thumbnail","hentry","category-in-moldova","category-politica"],"yoast_head":"<!-- This site is optimized with the Yoast SEO plugin v27.5 - https:\/\/yoast.com\/product\/yoast-seo-wordpress\/ -->\n<title>Grosu, despre sc\u0103derea ratingului PAS \u00een sondaje: \u201eC\u00e2nd oamenii vor vedea efectul, o s\u0103 dea o apreciere\u201d - BasTV<\/title>\n<meta name=\"robots\" content=\"index, follow, max-snippet:-1, max-image-preview:large, max-video-preview:-1\" \/>\n<link rel=\"canonical\" href=\"https:\/\/bas-tv.md\/ro\/grosu-despre-scaderea-ratingului-pas-in-sondaje-cand-oamenii-vor-vedea-efectul-o-sa-dea-o-apreciere\/\" \/>\n<meta property=\"og:locale\" content=\"ro_RO\" \/>\n<meta property=\"og:type\" content=\"article\" \/>\n<meta property=\"og:title\" content=\"Grosu, despre sc\u0103derea ratingului PAS \u00een sondaje: \u201eC\u00e2nd oamenii vor vedea efectul, o s\u0103 dea o apreciere\u201d - BasTV\" \/>\n<meta property=\"og:description\" content=\"Pre\u0219edintele Parlamentului Igor Grosu a comentat rezultatele sondajului publicat ast\u0103zi de IDIS \u201eViitorul\u201d, care arat\u0103 o sc\u0103dere a simpatiei cet\u0103\u021benilor \u00een Partidul Ac\u021biune \u0219i Solidaritate (PAS) \u0219i a \u00eencrederii \u00een pre\u0219edinta \u021b\u0103rii, Maia Sandu. \u00cen cadrul unui interviu pentru Radio Europa Liber\u0103, speakerul Legislativului a men\u021bionat c\u0103 cet\u0103\u021benii vor da o apreciere a ac\u021biunilor partidului [&hellip;]\" \/>\n<meta property=\"og:url\" content=\"https:\/\/bas-tv.md\/ro\/grosu-despre-scaderea-ratingului-pas-in-sondaje-cand-oamenii-vor-vedea-efectul-o-sa-dea-o-apreciere\/\" \/>\n<meta property=\"og:site_name\" content=\"BasTV\" \/>\n<meta property=\"article:published_time\" content=\"2022-02-09T06:57:00+00:00\" \/>\n<meta name=\"author\" content=\"Redactor\" \/>\n<meta name=\"twitter:card\" content=\"summary_large_image\" \/>\n<meta name=\"twitter:label1\" content=\"Scris de\" \/>\n\t<meta name=\"twitter:data1\" content=\"Redactor\" \/>\n\t<meta name=\"twitter:label2\" content=\"Timp estimat pentru citire\" \/>\n\t<meta name=\"twitter:data2\" content=\"3 minute\" \/>\n<script type=\"application\/ld+json\" class=\"yoast-schema-graph\">{\"@context\":\"https:\\\/\\\/schema.org\",\"@graph\":[{\"@type\":\"Article\",\"@id\":\"https:\\\/\\\/bas-tv.md\\\/ro\\\/grosu-despre-scaderea-ratingului-pas-in-sondaje-cand-oamenii-vor-vedea-efectul-o-sa-dea-o-apreciere\\\/#article\",\"isPartOf\":{\"@id\":\"https:\\\/\\\/bas-tv.md\\\/ro\\\/grosu-despre-scaderea-ratingului-pas-in-sondaje-cand-oamenii-vor-vedea-efectul-o-sa-dea-o-apreciere\\\/\"},\"author\":{\"name\":\"Redactor\",\"@id\":\"https:\\\/\\\/bas-tv.md\\\/ro\\\/#\\\/schema\\\/person\\\/8740f45ea2eca1f1695284fc03529af0\"},\"headline\":\"Grosu, despre sc\u0103derea ratingului PAS \u00een sondaje: \u201eC\u00e2nd oamenii vor vedea efectul, o s\u0103 dea o apreciere\u201d\",\"datePublished\":\"2022-02-09T06:57:00+00:00\",\"mainEntityOfPage\":{\"@id\":\"https:\\\/\\\/bas-tv.md\\\/ro\\\/grosu-despre-scaderea-ratingului-pas-in-sondaje-cand-oamenii-vor-vedea-efectul-o-sa-dea-o-apreciere\\\/\"},\"wordCount\":633,\"commentCount\":0,\"publisher\":{\"@id\":\"https:\\\/\\\/bas-tv.md\\\/ro\\\/#organization\"},\"image\":{\"@id\":\"https:\\\/\\\/bas-tv.md\\\/ro\\\/grosu-despre-scaderea-ratingului-pas-in-sondaje-cand-oamenii-vor-vedea-efectul-o-sa-dea-o-apreciere\\\/#primaryimage\"},\"thumbnailUrl\":\"\",\"articleSection\":[\"\u00cen Moldova\",\"Politic\u0103\"],\"inLanguage\":\"ro-RO\",\"potentialAction\":[{\"@type\":\"CommentAction\",\"name\":\"Comment\",\"target\":[\"https:\\\/\\\/bas-tv.md\\\/ro\\\/grosu-despre-scaderea-ratingului-pas-in-sondaje-cand-oamenii-vor-vedea-efectul-o-sa-dea-o-apreciere\\\/#respond\"]}]},{\"@type\":\"WebPage\",\"@id\":\"https:\\\/\\\/bas-tv.md\\\/ro\\\/grosu-despre-scaderea-ratingului-pas-in-sondaje-cand-oamenii-vor-vedea-efectul-o-sa-dea-o-apreciere\\\/\",\"url\":\"https:\\\/\\\/bas-tv.md\\\/ro\\\/grosu-despre-scaderea-ratingului-pas-in-sondaje-cand-oamenii-vor-vedea-efectul-o-sa-dea-o-apreciere\\\/\",\"name\":\"Grosu, despre sc\u0103derea ratingului PAS \u00een sondaje: \u201eC\u00e2nd oamenii vor vedea efectul, o s\u0103 dea o apreciere\u201d - BasTV\",\"isPartOf\":{\"@id\":\"https:\\\/\\\/bas-tv.md\\\/ro\\\/#website\"},\"primaryImageOfPage\":{\"@id\":\"https:\\\/\\\/bas-tv.md\\\/ro\\\/grosu-despre-scaderea-ratingului-pas-in-sondaje-cand-oamenii-vor-vedea-efectul-o-sa-dea-o-apreciere\\\/#primaryimage\"},\"image\":{\"@id\":\"https:\\\/\\\/bas-tv.md\\\/ro\\\/grosu-despre-scaderea-ratingului-pas-in-sondaje-cand-oamenii-vor-vedea-efectul-o-sa-dea-o-apreciere\\\/#primaryimage\"},\"thumbnailUrl\":\"\",\"datePublished\":\"2022-02-09T06:57:00+00:00\",\"inLanguage\":\"ro-RO\",\"potentialAction\":[{\"@type\":\"ReadAction\",\"target\":[\"https:\\\/\\\/bas-tv.md\\\/ro\\\/grosu-despre-scaderea-ratingului-pas-in-sondaje-cand-oamenii-vor-vedea-efectul-o-sa-dea-o-apreciere\\\/\"]}]},{\"@type\":\"ImageObject\",\"inLanguage\":\"ro-RO\",\"@id\":\"https:\\\/\\\/bas-tv.md\\\/ro\\\/grosu-despre-scaderea-ratingului-pas-in-sondaje-cand-oamenii-vor-vedea-efectul-o-sa-dea-o-apreciere\\\/#primaryimage\",\"url\":\"\",\"contentUrl\":\"\"},{\"@type\":\"WebSite\",\"@id\":\"https:\\\/\\\/bas-tv.md\\\/ro\\\/#website\",\"url\":\"https:\\\/\\\/bas-tv.md\\\/ro\\\/\",\"name\":\"BasTV\",\"description\":\"Moldova\",\"publisher\":{\"@id\":\"https:\\\/\\\/bas-tv.md\\\/ro\\\/#organization\"},\"potentialAction\":[{\"@type\":\"SearchAction\",\"target\":{\"@type\":\"EntryPoint\",\"urlTemplate\":\"https:\\\/\\\/bas-tv.md\\\/ro\\\/?s={search_term_string}\"},\"query-input\":{\"@type\":\"PropertyValueSpecification\",\"valueRequired\":true,\"valueName\":\"search_term_string\"}}],\"inLanguage\":\"ro-RO\"},{\"@type\":\"Organization\",\"@id\":\"https:\\\/\\\/bas-tv.md\\\/ro\\\/#organization\",\"name\":\"BasTV\",\"url\":\"https:\\\/\\\/bas-tv.md\\\/ro\\\/\",\"logo\":{\"@type\":\"ImageObject\",\"inLanguage\":\"ro-RO\",\"@id\":\"https:\\\/\\\/bas-tv.md\\\/ro\\\/#\\\/schema\\\/logo\\\/image\\\/\",\"url\":\"https:\\\/\\\/bas-tv.md\\\/wp-content\\\/uploads\\\/2023\\\/05\\\/bas-tv-culoarea-rosie.png\",\"contentUrl\":\"https:\\\/\\\/bas-tv.md\\\/wp-content\\\/uploads\\\/2023\\\/05\\\/bas-tv-culoarea-rosie.png\",\"width\":202,\"height\":50,\"caption\":\"BasTV\"},\"image\":{\"@id\":\"https:\\\/\\\/bas-tv.md\\\/ro\\\/#\\\/schema\\\/logo\\\/image\\\/\"}},{\"@type\":\"Person\",\"@id\":\"https:\\\/\\\/bas-tv.md\\\/ro\\\/#\\\/schema\\\/person\\\/8740f45ea2eca1f1695284fc03529af0\",\"name\":\"Redactor\",\"image\":{\"@type\":\"ImageObject\",\"inLanguage\":\"ro-RO\",\"@id\":\"https:\\\/\\\/bas-tv.md\\\/wp-content\\\/litespeed\\\/avatar\\\/91c0586f3f6f4396a4ec1287c965eeeb.jpg?ver=1777555749\",\"url\":\"https:\\\/\\\/bas-tv.md\\\/wp-content\\\/litespeed\\\/avatar\\\/91c0586f3f6f4396a4ec1287c965eeeb.jpg?ver=1777555749\",\"contentUrl\":\"https:\\\/\\\/bas-tv.md\\\/wp-content\\\/litespeed\\\/avatar\\\/91c0586f3f6f4396a4ec1287c965eeeb.jpg?ver=1777555749\",\"caption\":\"Redactor\"},\"url\":\"https:\\\/\\\/bas-tv.md\\\/ro\\\/author\\\/redactor\\\/\"}]}<\/script>\n<!-- \/ Yoast SEO plugin. -->","yoast_head_json":{"title":"Grosu, despre sc\u0103derea ratingului PAS \u00een sondaje: \u201eC\u00e2nd oamenii vor vedea efectul, o s\u0103 dea o apreciere\u201d - BasTV","robots":{"index":"index","follow":"follow","max-snippet":"max-snippet:-1","max-image-preview":"max-image-preview:large","max-video-preview":"max-video-preview:-1"},"canonical":"https:\/\/bas-tv.md\/ro\/grosu-despre-scaderea-ratingului-pas-in-sondaje-cand-oamenii-vor-vedea-efectul-o-sa-dea-o-apreciere\/","og_locale":"ro_RO","og_type":"article","og_title":"Grosu, despre sc\u0103derea ratingului PAS \u00een sondaje: \u201eC\u00e2nd oamenii vor vedea efectul, o s\u0103 dea o apreciere\u201d - BasTV","og_description":"Pre\u0219edintele Parlamentului Igor Grosu a comentat rezultatele sondajului publicat ast\u0103zi de IDIS \u201eViitorul\u201d, care arat\u0103 o sc\u0103dere a simpatiei cet\u0103\u021benilor \u00een Partidul Ac\u021biune \u0219i Solidaritate (PAS) \u0219i a \u00eencrederii \u00een pre\u0219edinta \u021b\u0103rii, Maia Sandu. \u00cen cadrul unui interviu pentru Radio Europa Liber\u0103, speakerul Legislativului a men\u021bionat c\u0103 cet\u0103\u021benii vor da o apreciere a ac\u021biunilor partidului [&hellip;]","og_url":"https:\/\/bas-tv.md\/ro\/grosu-despre-scaderea-ratingului-pas-in-sondaje-cand-oamenii-vor-vedea-efectul-o-sa-dea-o-apreciere\/","og_site_name":"BasTV","article_published_time":"2022-02-09T06:57:00+00:00","author":"Redactor","twitter_card":"summary_large_image","twitter_misc":{"Scris de":"Redactor","Timp estimat pentru citire":"3 minute"},"schema":{"@context":"https:\/\/schema.org","@graph":[{"@type":"Article","@id":"https:\/\/bas-tv.md\/ro\/grosu-despre-scaderea-ratingului-pas-in-sondaje-cand-oamenii-vor-vedea-efectul-o-sa-dea-o-apreciere\/#article","isPartOf":{"@id":"https:\/\/bas-tv.md\/ro\/grosu-despre-scaderea-ratingului-pas-in-sondaje-cand-oamenii-vor-vedea-efectul-o-sa-dea-o-apreciere\/"},"author":{"name":"Redactor","@id":"https:\/\/bas-tv.md\/ro\/#\/schema\/person\/8740f45ea2eca1f1695284fc03529af0"},"headline":"Grosu, despre sc\u0103derea ratingului PAS \u00een sondaje: \u201eC\u00e2nd oamenii vor vedea efectul, o s\u0103 dea o apreciere\u201d","datePublished":"2022-02-09T06:57:00+00:00","mainEntityOfPage":{"@id":"https:\/\/bas-tv.md\/ro\/grosu-despre-scaderea-ratingului-pas-in-sondaje-cand-oamenii-vor-vedea-efectul-o-sa-dea-o-apreciere\/"},"wordCount":633,"commentCount":0,"publisher":{"@id":"https:\/\/bas-tv.md\/ro\/#organization"},"image":{"@id":"https:\/\/bas-tv.md\/ro\/grosu-despre-scaderea-ratingului-pas-in-sondaje-cand-oamenii-vor-vedea-efectul-o-sa-dea-o-apreciere\/#primaryimage"},"thumbnailUrl":"","articleSection":["\u00cen Moldova","Politic\u0103"],"inLanguage":"ro-RO","potentialAction":[{"@type":"CommentAction","name":"Comment","target":["https:\/\/bas-tv.md\/ro\/grosu-despre-scaderea-ratingului-pas-in-sondaje-cand-oamenii-vor-vedea-efectul-o-sa-dea-o-apreciere\/#respond"]}]},{"@type":"WebPage","@id":"https:\/\/bas-tv.md\/ro\/grosu-despre-scaderea-ratingului-pas-in-sondaje-cand-oamenii-vor-vedea-efectul-o-sa-dea-o-apreciere\/","url":"https:\/\/bas-tv.md\/ro\/grosu-despre-scaderea-ratingului-pas-in-sondaje-cand-oamenii-vor-vedea-efectul-o-sa-dea-o-apreciere\/","name":"Grosu, despre sc\u0103derea ratingului PAS \u00een sondaje: \u201eC\u00e2nd oamenii vor vedea efectul, o s\u0103 dea o apreciere\u201d - BasTV","isPartOf":{"@id":"https:\/\/bas-tv.md\/ro\/#website"},"primaryImageOfPage":{"@id":"https:\/\/bas-tv.md\/ro\/grosu-despre-scaderea-ratingului-pas-in-sondaje-cand-oamenii-vor-vedea-efectul-o-sa-dea-o-apreciere\/#primaryimage"},"image":{"@id":"https:\/\/bas-tv.md\/ro\/grosu-despre-scaderea-ratingului-pas-in-sondaje-cand-oamenii-vor-vedea-efectul-o-sa-dea-o-apreciere\/#primaryimage"},"thumbnailUrl":"","datePublished":"2022-02-09T06:57:00+00:00","inLanguage":"ro-RO","potentialAction":[{"@type":"ReadAction","target":["https:\/\/bas-tv.md\/ro\/grosu-despre-scaderea-ratingului-pas-in-sondaje-cand-oamenii-vor-vedea-efectul-o-sa-dea-o-apreciere\/"]}]},{"@type":"ImageObject","inLanguage":"ro-RO","@id":"https:\/\/bas-tv.md\/ro\/grosu-despre-scaderea-ratingului-pas-in-sondaje-cand-oamenii-vor-vedea-efectul-o-sa-dea-o-apreciere\/#primaryimage","url":"","contentUrl":""},{"@type":"WebSite","@id":"https:\/\/bas-tv.md\/ro\/#website","url":"https:\/\/bas-tv.md\/ro\/","name":"BasTV","description":"Moldova","publisher":{"@id":"https:\/\/bas-tv.md\/ro\/#organization"},"potentialAction":[{"@type":"SearchAction","target":{"@type":"EntryPoint","urlTemplate":"https:\/\/bas-tv.md\/ro\/?s={search_term_string}"},"query-input":{"@type":"PropertyValueSpecification","valueRequired":true,"valueName":"search_term_string"}}],"inLanguage":"ro-RO"},{"@type":"Organization","@id":"https:\/\/bas-tv.md\/ro\/#organization","name":"BasTV","url":"https:\/\/bas-tv.md\/ro\/","logo":{"@type":"ImageObject","inLanguage":"ro-RO","@id":"https:\/\/bas-tv.md\/ro\/#\/schema\/logo\/image\/","url":"https:\/\/bas-tv.md\/wp-content\/uploads\/2023\/05\/bas-tv-culoarea-rosie.png","contentUrl":"https:\/\/bas-tv.md\/wp-content\/uploads\/2023\/05\/bas-tv-culoarea-rosie.png","width":202,"height":50,"caption":"BasTV"},"image":{"@id":"https:\/\/bas-tv.md\/ro\/#\/schema\/logo\/image\/"}},{"@type":"Person","@id":"https:\/\/bas-tv.md\/ro\/#\/schema\/person\/8740f45ea2eca1f1695284fc03529af0","name":"Redactor","image":{"@type":"ImageObject","inLanguage":"ro-RO","@id":"https:\/\/bas-tv.md\/wp-content\/litespeed\/avatar\/91c0586f3f6f4396a4ec1287c965eeeb.jpg?ver=1777555749","url":"https:\/\/bas-tv.md\/wp-content\/litespeed\/avatar\/91c0586f3f6f4396a4ec1287c965eeeb.jpg?ver=1777555749","contentUrl":"https:\/\/bas-tv.md\/wp-content\/litespeed\/avatar\/91c0586f3f6f4396a4ec1287c965eeeb.jpg?ver=1777555749","caption":"Redactor"},"url":"https:\/\/bas-tv.md\/ro\/author\/redactor\/"}]}},"views":215,"_links":{"self":[{"href":"https:\/\/bas-tv.md\/ro\/wp-json\/wp\/v2\/posts\/46480","targetHints":{"allow":["GET"]}}],"collection":[{"href":"https:\/\/bas-tv.md\/ro\/wp-json\/wp\/v2\/posts"}],"about":[{"href":"https:\/\/bas-tv.md\/ro\/wp-json\/wp\/v2\/types\/post"}],"author":[{"embeddable":true,"href":"https:\/\/bas-tv.md\/ro\/wp-json\/wp\/v2\/users\/3"}],"replies":[{"embeddable":true,"href":"https:\/\/bas-tv.md\/ro\/wp-json\/wp\/v2\/comments?post=46480"}],"version-history":[{"count":0,"href":"https:\/\/bas-tv.md\/ro\/wp-json\/wp\/v2\/posts\/46480\/revisions"}],"wp:featuredmedia":[{"embeddable":true,"href":"https:\/\/bas-tv.md\/ro\/wp-json\/"}],"wp:attachment":[{"href":"https:\/\/bas-tv.md\/ro\/wp-json\/wp\/v2\/media?parent=46480"}],"wp:term":[{"taxonomy":"category","embeddable":true,"href":"https:\/\/bas-tv.md\/ro\/wp-json\/wp\/v2\/categories?post=46480"},{"taxonomy":"post_tag","embeddable":true,"href":"https:\/\/bas-tv.md\/ro\/wp-json\/wp\/v2\/tags?post=46480"}],"curies":[{"name":"wp","href":"https:\/\/api.w.org\/{rel}","templated":true}]}}