{"id":46491,"date":"2022-02-09T11:44:43","date_gmt":"2022-02-09T08:44:43","guid":{"rendered":"https:\/\/bas-tv.md\/?p=46491"},"modified":"2022-02-09T11:44:43","modified_gmt":"2022-02-09T08:44:43","slug":"sondaj-raiting-ul-lui-ilan-sor-continua-sa-creasca-iar-maia-sandu-pierde-din-increderea-cetatenilor","status":"publish","type":"post","link":"https:\/\/bas-tv.md\/ro\/sondaj-raiting-ul-lui-ilan-sor-continua-sa-creasca-iar-maia-sandu-pierde-din-increderea-cetatenilor\/","title":{"rendered":"Sondaj: Raiting-ul lui Ilan \u0218or continu\u0103 s\u0103 creasc\u0103, iar Maia Sandu pierde din \u00eencrederea cet\u0103\u021benilor"},"content":{"rendered":"<p><strong>Pre\u0219edintele Maia Sandu se pare c\u0103 pierde din \u00eencrederea cet\u0103\u021benilor, care \u00eei crediteaz\u0103 mai mult pe unii lideri politici de opozi\u021bie, precum Ilan \u0218or \u0219i Ion Ceban. Cel pu\u021bin, asta arat\u0103 datele unui sondaj de opinie realizat de CBS Research, la comanda IDIS Viitorul \u0219i ISPRI din Rom\u00e2nia. Potrivit cercet\u0103rii, dac\u0103 duminica viitoare ar avea loc alegeri parlamentare anticipate, \u00een Legislativ ar accede forma\u021biunile politice care se afl\u0103 deja acolo.<\/strong><\/p>\n<p>Potrivit cercet\u0103rii, la \u00eentrebarea \u201cc\u00e2t\u0103 \u00eencredere ave\u021bi \u00een urm\u0103toarele personalit\u0103\u021bi politice?\u201d, 29,3% dintre responden\u021bi spun c\u0103 au \u201doarecare \u00eencredere\u201d \u00een primarul municipiului Chi\u0219in\u0103u, Ion Ceban. Liderul Partidului \u201e\u0218OR\u201d, Ilan \u0218or, cu 21,9% \u00eei devanseaz\u0103 pe fostul pre\u0219edinte Igor Dodon, care a acumulat 21,4% \u0219i pe actualul \u0219ef de stat Maia Sandu, \u00een care au oarecaare \u00eencredere 20,7% dintre persoanele care au r\u0103spuns la aceast\u0103 \u00eentrebare.<\/p>\n<p>Totodat\u0103, la aceea\u0219i \u00eentrebare, 17% dintre responden\u021bi au declarat c\u0103 au \u201cfoarte mult\u0103 \u00eencredere\u201d \u00een fostul \u0219ef de stat Igor Dodon. Pe locul doi, la mic\u0103 diferen\u021b\u0103 s-a clasat pre\u0219edintele \u021b\u0103rii Maia Sandu. Urmeaz\u0103 primarul capitalei Ion Ceban, cu aproape 15% \u0219i pre\u0219edintele Partidului \u201c\u0218OR\u201d \u00een care au \u201cfoarte mult\u0103 \u00eencredere\u201d 9,1% dintre cei care au participat la sondaj.<\/p>\n<p>&nbsp;<\/p>\n<p>La scurt timp, deputatul PAS Marian Radu a reac\u021bionat la rezultatele sondajului. Acesta a scris pe Facebook c\u0103<\/p>\n<p>RADU MARIAN, deputat PAS: \u201e\u0218tim c\u0103 ceea ce facem deranjeaz\u0103 multe interese, \u00een\u021belegem c\u0103 facem gre\u0219eli pe drum, dar miza e s\u0103 schimb\u0103m lucrurile \u00een \u021bar\u0103 spre binele cet\u0103\u021benilor\u201d.<\/p>\n<p>Acela\u0219i sondaj arat\u0103 c\u0103 dac\u0103 duminica viitoare ar avea loc alegeri parlamentare, 40 la sut\u0103 din totalul celor deci\u0219i ar vota cu Blocul Comuni\u0219tilor \u0219i Sociali\u0219tilor. 36% \u0219i-ar da votul pentru Partidul Ac\u021biune \u0219i Solidaritate, iar aproape 13 la sut\u0103 din responden\u021bi ar bifa \u00een dreptul Partidului \u201d\u0218OR\u201d. Alte forma\u021biuni politice nu ar trece pragul electoral.<\/p>\n<p>&nbsp;<\/p>\n<p>De asemenea, responden\u021bii au fost ruga\u021bi s\u0103 r\u0103spund\u0103 la \u00eentrebarea \u201ecum tr\u0103iesc oamenii \u00een Republica Moldova, comparativ cu doi ani \u00een urm\u0103?\u201d. Peste 41% au spus c\u0103 tr\u0103iesc mult mai r\u0103u, iar peste 38 au declarat c\u0103 mai r\u0103u. Doar pu\u021bin peste 13 la sut\u0103 dintre cei intervieva\u021bi consider\u0103 c\u0103 moldovenii tr\u0103iesc mai bine.<\/p>\n<p>Totodat\u0103, 65 la sut\u0103 dintre cet\u0103\u021beni consider\u0103 c\u0103 direc\u021bia \u00een care se \u00eendreapt\u0103 \u021bara noastr\u0103 \u00een 2022 este una gre\u0219it\u0103.<\/p>\n<p>Cercetarea a fost realizat \u00een perioada 25 ianuarie \u2013 5 februarie 2022 pe un e\u0219antion de 1134 de persoane. Marja de eroare este de 3%.<\/p>\n<p>Sursa: <a href=\"https:\/\/tv6.md\/ro\/2022\/02\/08\/sondaj-raiting-ul-lui-ilan-sor-continua-sa-creasca-iar-maia-sandu-pierde-din-increderea-cetatenilor-video\/\">tv6.md<\/a><\/p>\n","protected":false},"excerpt":{"rendered":"<p>Pre\u0219edintele Maia Sandu se pare c\u0103 pierde din \u00eencrederea cet\u0103\u021benilor, care \u00eei crediteaz\u0103 mai mult pe unii lideri politici de opozi\u021bie, precum Ilan \u0218or \u0219i Ion Ceban. Cel pu\u021bin, asta arat\u0103 datele unui sondaj de opinie realizat de CBS Research, la comanda IDIS Viitorul \u0219i ISPRI din Rom\u00e2nia. Potrivit cercet\u0103rii, dac\u0103 duminica viitoare ar avea [&hellip;]<\/p>\n","protected":false},"author":3,"featured_media":46502,"comment_status":"open","ping_status":"open","sticky":false,"template":"","format":"standard","meta":{"footnotes":""},"categories":[570,199],"tags":[],"class_list":["post-46491","post","type-post","status-publish","format-standard","has-post-thumbnail","hentry","category-in-moldova","category-politica"],"yoast_head":"<!-- This site is optimized with the Yoast SEO plugin v27.5 - https:\/\/yoast.com\/product\/yoast-seo-wordpress\/ -->\n<title>Sondaj: Raiting-ul lui Ilan \u0218or continu\u0103 s\u0103 creasc\u0103, iar Maia Sandu pierde din \u00eencrederea cet\u0103\u021benilor - BasTV<\/title>\n<meta name=\"robots\" content=\"index, follow, max-snippet:-1, max-image-preview:large, max-video-preview:-1\" \/>\n<link rel=\"canonical\" href=\"https:\/\/bas-tv.md\/ro\/sondaj-raiting-ul-lui-ilan-sor-continua-sa-creasca-iar-maia-sandu-pierde-din-increderea-cetatenilor\/\" \/>\n<meta property=\"og:locale\" content=\"ro_RO\" \/>\n<meta property=\"og:type\" content=\"article\" \/>\n<meta property=\"og:title\" content=\"Sondaj: Raiting-ul lui Ilan \u0218or continu\u0103 s\u0103 creasc\u0103, iar Maia Sandu pierde din \u00eencrederea cet\u0103\u021benilor - BasTV\" \/>\n<meta property=\"og:description\" content=\"Pre\u0219edintele Maia Sandu se pare c\u0103 pierde din \u00eencrederea cet\u0103\u021benilor, care \u00eei crediteaz\u0103 mai mult pe unii lideri politici de opozi\u021bie, precum Ilan \u0218or \u0219i Ion Ceban. Cel pu\u021bin, asta arat\u0103 datele unui sondaj de opinie realizat de CBS Research, la comanda IDIS Viitorul \u0219i ISPRI din Rom\u00e2nia. Potrivit cercet\u0103rii, dac\u0103 duminica viitoare ar avea [&hellip;]\" \/>\n<meta property=\"og:url\" content=\"https:\/\/bas-tv.md\/ro\/sondaj-raiting-ul-lui-ilan-sor-continua-sa-creasca-iar-maia-sandu-pierde-din-increderea-cetatenilor\/\" \/>\n<meta property=\"og:site_name\" content=\"BasTV\" \/>\n<meta property=\"article:published_time\" content=\"2022-02-09T08:44:43+00:00\" \/>\n<meta name=\"author\" content=\"Redactor\" \/>\n<meta name=\"twitter:card\" content=\"summary_large_image\" \/>\n<meta name=\"twitter:label1\" content=\"Scris de\" \/>\n\t<meta name=\"twitter:data1\" content=\"Redactor\" \/>\n\t<meta name=\"twitter:label2\" content=\"Timp estimat pentru citire\" \/>\n\t<meta name=\"twitter:data2\" content=\"3 minute\" \/>\n<script type=\"application\/ld+json\" class=\"yoast-schema-graph\">{\"@context\":\"https:\\\/\\\/schema.org\",\"@graph\":[{\"@type\":\"Article\",\"@id\":\"https:\\\/\\\/bas-tv.md\\\/ro\\\/sondaj-raiting-ul-lui-ilan-sor-continua-sa-creasca-iar-maia-sandu-pierde-din-increderea-cetatenilor\\\/#article\",\"isPartOf\":{\"@id\":\"https:\\\/\\\/bas-tv.md\\\/ro\\\/sondaj-raiting-ul-lui-ilan-sor-continua-sa-creasca-iar-maia-sandu-pierde-din-increderea-cetatenilor\\\/\"},\"author\":{\"name\":\"Redactor\",\"@id\":\"https:\\\/\\\/bas-tv.md\\\/ro\\\/#\\\/schema\\\/person\\\/8740f45ea2eca1f1695284fc03529af0\"},\"headline\":\"Sondaj: Raiting-ul lui Ilan \u0218or continu\u0103 s\u0103 creasc\u0103, iar Maia Sandu pierde din \u00eencrederea cet\u0103\u021benilor\",\"datePublished\":\"2022-02-09T08:44:43+00:00\",\"mainEntityOfPage\":{\"@id\":\"https:\\\/\\\/bas-tv.md\\\/ro\\\/sondaj-raiting-ul-lui-ilan-sor-continua-sa-creasca-iar-maia-sandu-pierde-din-increderea-cetatenilor\\\/\"},\"wordCount\":443,\"commentCount\":0,\"publisher\":{\"@id\":\"https:\\\/\\\/bas-tv.md\\\/ro\\\/#organization\"},\"image\":{\"@id\":\"https:\\\/\\\/bas-tv.md\\\/ro\\\/sondaj-raiting-ul-lui-ilan-sor-continua-sa-creasca-iar-maia-sandu-pierde-din-increderea-cetatenilor\\\/#primaryimage\"},\"thumbnailUrl\":\"\",\"articleSection\":[\"\u00cen Moldova\",\"Politic\u0103\"],\"inLanguage\":\"ro-RO\",\"potentialAction\":[{\"@type\":\"CommentAction\",\"name\":\"Comment\",\"target\":[\"https:\\\/\\\/bas-tv.md\\\/ro\\\/sondaj-raiting-ul-lui-ilan-sor-continua-sa-creasca-iar-maia-sandu-pierde-din-increderea-cetatenilor\\\/#respond\"]}]},{\"@type\":\"WebPage\",\"@id\":\"https:\\\/\\\/bas-tv.md\\\/ro\\\/sondaj-raiting-ul-lui-ilan-sor-continua-sa-creasca-iar-maia-sandu-pierde-din-increderea-cetatenilor\\\/\",\"url\":\"https:\\\/\\\/bas-tv.md\\\/ro\\\/sondaj-raiting-ul-lui-ilan-sor-continua-sa-creasca-iar-maia-sandu-pierde-din-increderea-cetatenilor\\\/\",\"name\":\"Sondaj: Raiting-ul lui Ilan \u0218or continu\u0103 s\u0103 creasc\u0103, iar Maia Sandu pierde din \u00eencrederea cet\u0103\u021benilor - BasTV\",\"isPartOf\":{\"@id\":\"https:\\\/\\\/bas-tv.md\\\/ro\\\/#website\"},\"primaryImageOfPage\":{\"@id\":\"https:\\\/\\\/bas-tv.md\\\/ro\\\/sondaj-raiting-ul-lui-ilan-sor-continua-sa-creasca-iar-maia-sandu-pierde-din-increderea-cetatenilor\\\/#primaryimage\"},\"image\":{\"@id\":\"https:\\\/\\\/bas-tv.md\\\/ro\\\/sondaj-raiting-ul-lui-ilan-sor-continua-sa-creasca-iar-maia-sandu-pierde-din-increderea-cetatenilor\\\/#primaryimage\"},\"thumbnailUrl\":\"\",\"datePublished\":\"2022-02-09T08:44:43+00:00\",\"inLanguage\":\"ro-RO\",\"potentialAction\":[{\"@type\":\"ReadAction\",\"target\":[\"https:\\\/\\\/bas-tv.md\\\/ro\\\/sondaj-raiting-ul-lui-ilan-sor-continua-sa-creasca-iar-maia-sandu-pierde-din-increderea-cetatenilor\\\/\"]}]},{\"@type\":\"ImageObject\",\"inLanguage\":\"ro-RO\",\"@id\":\"https:\\\/\\\/bas-tv.md\\\/ro\\\/sondaj-raiting-ul-lui-ilan-sor-continua-sa-creasca-iar-maia-sandu-pierde-din-increderea-cetatenilor\\\/#primaryimage\",\"url\":\"\",\"contentUrl\":\"\"},{\"@type\":\"WebSite\",\"@id\":\"https:\\\/\\\/bas-tv.md\\\/ro\\\/#website\",\"url\":\"https:\\\/\\\/bas-tv.md\\\/ro\\\/\",\"name\":\"BasTV\",\"description\":\"Moldova\",\"publisher\":{\"@id\":\"https:\\\/\\\/bas-tv.md\\\/ro\\\/#organization\"},\"potentialAction\":[{\"@type\":\"SearchAction\",\"target\":{\"@type\":\"EntryPoint\",\"urlTemplate\":\"https:\\\/\\\/bas-tv.md\\\/ro\\\/?s={search_term_string}\"},\"query-input\":{\"@type\":\"PropertyValueSpecification\",\"valueRequired\":true,\"valueName\":\"search_term_string\"}}],\"inLanguage\":\"ro-RO\"},{\"@type\":\"Organization\",\"@id\":\"https:\\\/\\\/bas-tv.md\\\/ro\\\/#organization\",\"name\":\"BasTV\",\"url\":\"https:\\\/\\\/bas-tv.md\\\/ro\\\/\",\"logo\":{\"@type\":\"ImageObject\",\"inLanguage\":\"ro-RO\",\"@id\":\"https:\\\/\\\/bas-tv.md\\\/ro\\\/#\\\/schema\\\/logo\\\/image\\\/\",\"url\":\"https:\\\/\\\/bas-tv.md\\\/wp-content\\\/uploads\\\/2023\\\/05\\\/bas-tv-culoarea-rosie.png\",\"contentUrl\":\"https:\\\/\\\/bas-tv.md\\\/wp-content\\\/uploads\\\/2023\\\/05\\\/bas-tv-culoarea-rosie.png\",\"width\":202,\"height\":50,\"caption\":\"BasTV\"},\"image\":{\"@id\":\"https:\\\/\\\/bas-tv.md\\\/ro\\\/#\\\/schema\\\/logo\\\/image\\\/\"}},{\"@type\":\"Person\",\"@id\":\"https:\\\/\\\/bas-tv.md\\\/ro\\\/#\\\/schema\\\/person\\\/8740f45ea2eca1f1695284fc03529af0\",\"name\":\"Redactor\",\"image\":{\"@type\":\"ImageObject\",\"inLanguage\":\"ro-RO\",\"@id\":\"https:\\\/\\\/bas-tv.md\\\/wp-content\\\/litespeed\\\/avatar\\\/91c0586f3f6f4396a4ec1287c965eeeb.jpg?ver=1777555749\",\"url\":\"https:\\\/\\\/bas-tv.md\\\/wp-content\\\/litespeed\\\/avatar\\\/91c0586f3f6f4396a4ec1287c965eeeb.jpg?ver=1777555749\",\"contentUrl\":\"https:\\\/\\\/bas-tv.md\\\/wp-content\\\/litespeed\\\/avatar\\\/91c0586f3f6f4396a4ec1287c965eeeb.jpg?ver=1777555749\",\"caption\":\"Redactor\"},\"url\":\"https:\\\/\\\/bas-tv.md\\\/ro\\\/author\\\/redactor\\\/\"}]}<\/script>\n<!-- \/ Yoast SEO plugin. -->","yoast_head_json":{"title":"Sondaj: Raiting-ul lui Ilan \u0218or continu\u0103 s\u0103 creasc\u0103, iar Maia Sandu pierde din \u00eencrederea cet\u0103\u021benilor - BasTV","robots":{"index":"index","follow":"follow","max-snippet":"max-snippet:-1","max-image-preview":"max-image-preview:large","max-video-preview":"max-video-preview:-1"},"canonical":"https:\/\/bas-tv.md\/ro\/sondaj-raiting-ul-lui-ilan-sor-continua-sa-creasca-iar-maia-sandu-pierde-din-increderea-cetatenilor\/","og_locale":"ro_RO","og_type":"article","og_title":"Sondaj: Raiting-ul lui Ilan \u0218or continu\u0103 s\u0103 creasc\u0103, iar Maia Sandu pierde din \u00eencrederea cet\u0103\u021benilor - BasTV","og_description":"Pre\u0219edintele Maia Sandu se pare c\u0103 pierde din \u00eencrederea cet\u0103\u021benilor, care \u00eei crediteaz\u0103 mai mult pe unii lideri politici de opozi\u021bie, precum Ilan \u0218or \u0219i Ion Ceban. Cel pu\u021bin, asta arat\u0103 datele unui sondaj de opinie realizat de CBS Research, la comanda IDIS Viitorul \u0219i ISPRI din Rom\u00e2nia. Potrivit cercet\u0103rii, dac\u0103 duminica viitoare ar avea [&hellip;]","og_url":"https:\/\/bas-tv.md\/ro\/sondaj-raiting-ul-lui-ilan-sor-continua-sa-creasca-iar-maia-sandu-pierde-din-increderea-cetatenilor\/","og_site_name":"BasTV","article_published_time":"2022-02-09T08:44:43+00:00","author":"Redactor","twitter_card":"summary_large_image","twitter_misc":{"Scris de":"Redactor","Timp estimat pentru citire":"3 minute"},"schema":{"@context":"https:\/\/schema.org","@graph":[{"@type":"Article","@id":"https:\/\/bas-tv.md\/ro\/sondaj-raiting-ul-lui-ilan-sor-continua-sa-creasca-iar-maia-sandu-pierde-din-increderea-cetatenilor\/#article","isPartOf":{"@id":"https:\/\/bas-tv.md\/ro\/sondaj-raiting-ul-lui-ilan-sor-continua-sa-creasca-iar-maia-sandu-pierde-din-increderea-cetatenilor\/"},"author":{"name":"Redactor","@id":"https:\/\/bas-tv.md\/ro\/#\/schema\/person\/8740f45ea2eca1f1695284fc03529af0"},"headline":"Sondaj: Raiting-ul lui Ilan \u0218or continu\u0103 s\u0103 creasc\u0103, iar Maia Sandu pierde din \u00eencrederea cet\u0103\u021benilor","datePublished":"2022-02-09T08:44:43+00:00","mainEntityOfPage":{"@id":"https:\/\/bas-tv.md\/ro\/sondaj-raiting-ul-lui-ilan-sor-continua-sa-creasca-iar-maia-sandu-pierde-din-increderea-cetatenilor\/"},"wordCount":443,"commentCount":0,"publisher":{"@id":"https:\/\/bas-tv.md\/ro\/#organization"},"image":{"@id":"https:\/\/bas-tv.md\/ro\/sondaj-raiting-ul-lui-ilan-sor-continua-sa-creasca-iar-maia-sandu-pierde-din-increderea-cetatenilor\/#primaryimage"},"thumbnailUrl":"","articleSection":["\u00cen Moldova","Politic\u0103"],"inLanguage":"ro-RO","potentialAction":[{"@type":"CommentAction","name":"Comment","target":["https:\/\/bas-tv.md\/ro\/sondaj-raiting-ul-lui-ilan-sor-continua-sa-creasca-iar-maia-sandu-pierde-din-increderea-cetatenilor\/#respond"]}]},{"@type":"WebPage","@id":"https:\/\/bas-tv.md\/ro\/sondaj-raiting-ul-lui-ilan-sor-continua-sa-creasca-iar-maia-sandu-pierde-din-increderea-cetatenilor\/","url":"https:\/\/bas-tv.md\/ro\/sondaj-raiting-ul-lui-ilan-sor-continua-sa-creasca-iar-maia-sandu-pierde-din-increderea-cetatenilor\/","name":"Sondaj: Raiting-ul lui Ilan \u0218or continu\u0103 s\u0103 creasc\u0103, iar Maia Sandu pierde din \u00eencrederea cet\u0103\u021benilor - BasTV","isPartOf":{"@id":"https:\/\/bas-tv.md\/ro\/#website"},"primaryImageOfPage":{"@id":"https:\/\/bas-tv.md\/ro\/sondaj-raiting-ul-lui-ilan-sor-continua-sa-creasca-iar-maia-sandu-pierde-din-increderea-cetatenilor\/#primaryimage"},"image":{"@id":"https:\/\/bas-tv.md\/ro\/sondaj-raiting-ul-lui-ilan-sor-continua-sa-creasca-iar-maia-sandu-pierde-din-increderea-cetatenilor\/#primaryimage"},"thumbnailUrl":"","datePublished":"2022-02-09T08:44:43+00:00","inLanguage":"ro-RO","potentialAction":[{"@type":"ReadAction","target":["https:\/\/bas-tv.md\/ro\/sondaj-raiting-ul-lui-ilan-sor-continua-sa-creasca-iar-maia-sandu-pierde-din-increderea-cetatenilor\/"]}]},{"@type":"ImageObject","inLanguage":"ro-RO","@id":"https:\/\/bas-tv.md\/ro\/sondaj-raiting-ul-lui-ilan-sor-continua-sa-creasca-iar-maia-sandu-pierde-din-increderea-cetatenilor\/#primaryimage","url":"","contentUrl":""},{"@type":"WebSite","@id":"https:\/\/bas-tv.md\/ro\/#website","url":"https:\/\/bas-tv.md\/ro\/","name":"BasTV","description":"Moldova","publisher":{"@id":"https:\/\/bas-tv.md\/ro\/#organization"},"potentialAction":[{"@type":"SearchAction","target":{"@type":"EntryPoint","urlTemplate":"https:\/\/bas-tv.md\/ro\/?s={search_term_string}"},"query-input":{"@type":"PropertyValueSpecification","valueRequired":true,"valueName":"search_term_string"}}],"inLanguage":"ro-RO"},{"@type":"Organization","@id":"https:\/\/bas-tv.md\/ro\/#organization","name":"BasTV","url":"https:\/\/bas-tv.md\/ro\/","logo":{"@type":"ImageObject","inLanguage":"ro-RO","@id":"https:\/\/bas-tv.md\/ro\/#\/schema\/logo\/image\/","url":"https:\/\/bas-tv.md\/wp-content\/uploads\/2023\/05\/bas-tv-culoarea-rosie.png","contentUrl":"https:\/\/bas-tv.md\/wp-content\/uploads\/2023\/05\/bas-tv-culoarea-rosie.png","width":202,"height":50,"caption":"BasTV"},"image":{"@id":"https:\/\/bas-tv.md\/ro\/#\/schema\/logo\/image\/"}},{"@type":"Person","@id":"https:\/\/bas-tv.md\/ro\/#\/schema\/person\/8740f45ea2eca1f1695284fc03529af0","name":"Redactor","image":{"@type":"ImageObject","inLanguage":"ro-RO","@id":"https:\/\/bas-tv.md\/wp-content\/litespeed\/avatar\/91c0586f3f6f4396a4ec1287c965eeeb.jpg?ver=1777555749","url":"https:\/\/bas-tv.md\/wp-content\/litespeed\/avatar\/91c0586f3f6f4396a4ec1287c965eeeb.jpg?ver=1777555749","contentUrl":"https:\/\/bas-tv.md\/wp-content\/litespeed\/avatar\/91c0586f3f6f4396a4ec1287c965eeeb.jpg?ver=1777555749","caption":"Redactor"},"url":"https:\/\/bas-tv.md\/ro\/author\/redactor\/"}]}},"views":213,"_links":{"self":[{"href":"https:\/\/bas-tv.md\/ro\/wp-json\/wp\/v2\/posts\/46491","targetHints":{"allow":["GET"]}}],"collection":[{"href":"https:\/\/bas-tv.md\/ro\/wp-json\/wp\/v2\/posts"}],"about":[{"href":"https:\/\/bas-tv.md\/ro\/wp-json\/wp\/v2\/types\/post"}],"author":[{"embeddable":true,"href":"https:\/\/bas-tv.md\/ro\/wp-json\/wp\/v2\/users\/3"}],"replies":[{"embeddable":true,"href":"https:\/\/bas-tv.md\/ro\/wp-json\/wp\/v2\/comments?post=46491"}],"version-history":[{"count":0,"href":"https:\/\/bas-tv.md\/ro\/wp-json\/wp\/v2\/posts\/46491\/revisions"}],"wp:featuredmedia":[{"embeddable":true,"href":"https:\/\/bas-tv.md\/ro\/wp-json\/"}],"wp:attachment":[{"href":"https:\/\/bas-tv.md\/ro\/wp-json\/wp\/v2\/media?parent=46491"}],"wp:term":[{"taxonomy":"category","embeddable":true,"href":"https:\/\/bas-tv.md\/ro\/wp-json\/wp\/v2\/categories?post=46491"},{"taxonomy":"post_tag","embeddable":true,"href":"https:\/\/bas-tv.md\/ro\/wp-json\/wp\/v2\/tags?post=46491"}],"curies":[{"name":"wp","href":"https:\/\/api.w.org\/{rel}","templated":true}]}}