{"id":54905,"date":"2022-07-07T11:47:49","date_gmt":"2022-07-07T08:47:49","guid":{"rendered":"https:\/\/bas-tv.md\/?p=54905"},"modified":"2023-06-07T19:08:13","modified_gmt":"2023-06-07T16:08:13","slug":"in-satele-raionului-basarabeasca-va-fi-sistata-livrarea-gazelor-naturale-cind-si-pe-ce-perioada","status":"publish","type":"post","link":"https:\/\/bas-tv.md\/ro\/in-satele-raionului-basarabeasca-va-fi-sistata-livrarea-gazelor-naturale-cind-si-pe-ce-perioada\/","title":{"rendered":"In satele raionului Basarabeasca va fi sistat\u0103 livrarea gazelor naturale: c\u00eend \u0219i pe ce perioad\u0103?"},"content":{"rendered":"<p>SRL \u00abCimi\u0219lia-gaz\u00bb reprezentat\u0103 prin filiala \u00abBasarabeasca-gaz\u00bb \u00een baza acordului opera\u021bional cu SRL \u00abMoldovatransgaz\u00bb, va opera sist\u0103rii \u00een livrare gazelor naturale c\u0103tre consumatori\u00a0 \u00een perioada 12 iulie 2022 de la ora 00:15 p\u00een\u0103 la data 15 iulie 2022 \u00een urm\u0103toare localit\u0103\u021bi: s. Sadaclia, s.Carabetovca, s.Iordanovca, s. Iserlia, s. Ivanovca.<\/p>\n<p>Sist\u0103rile sunt programate \u00een leg\u0103tura cu efectuarea unor lucr\u0103ri e repara\u021bie \u0219i deservire tehnic\u0103, planificate asupra re\u021belelor existente, \u00een scopul asigur\u0103rii furnaz\u0103rii \u0219i distribu\u021biei fiabile a gazelor naturale.<\/p>\n<p>Graficul deconect\u0103rilor programate sunt afi\u0219ate pe saitul <a href=\"http:\/\/www.cimi\u0219lia-gaz.md\">www.cimi\u0219lia-gaz.md<\/a> \u00een conformitate cu \u00abRegulamentul cu privire la calitatea serviciilor de transport \u0219i de distribu\u021bie a gazelor naturale\u00bb nr.422\/19 din 22.11.2019<\/p>\n<p><strong><u>Pe perioada sist\u0103rii gazelor natural, V\u0103 rug\u0103m s\u0103 deconecta\u021bi robinetele de gaze \u0219i s\u0103 respecta\u021bi cerin\u021be minime de securitate privind exploatarea sistemelor de distribu\u021bie a gazelor naturale.<\/u><\/strong><\/p>\n<p><strong><u>Informa\u021bii suplimentare la numere de telefon: 029721637<\/u><\/strong><\/p>\n<p><strong><u>Serviciul de dispecerat \u0219i interven\u021bie tehnic\u0103 \u2013 904, 029722204<\/u><\/strong><\/p>\n<hr \/>\n<p><strong>Sprijin\u0103-ne cu orice sum\u0103 disponibil\u0103 pentru ca noi s\u0103 putem fi al\u0103turi de voi \u0219i s\u0103 putem \u00een continuare s\u0103 aducem nout\u0103\u0163i despre compatrio\u021bilor t\u0103i, s\u0103 inform\u0103m despre evenimente importante \u0219i s\u0103 raport\u0103m lucruri utile pentru voi.<\/strong><\/p>\n<p><strong><a href=\"https:\/\/www.patreon.com\/BAStv\">https:\/\/www.patreon.com\/BAStv<\/a><\/strong><\/p>\n","protected":false},"excerpt":{"rendered":"<p>SRL \u00abCimi\u0219lia-gaz\u00bb reprezentat\u0103 prin filiala \u00abBasarabeasca-gaz\u00bb \u00een baza acordului opera\u021bional cu SRL \u00abMoldovatransgaz\u00bb, va opera sist\u0103rii \u00een livrare gazelor naturale c\u0103tre consumatori\u00a0 \u00een perioada 12 iulie 2022 de la ora 00:15 p\u00een\u0103 la data 15 iulie 2022 \u00een urm\u0103toare localit\u0103\u021bi: s. Sadaclia, s.Carabetovca, s.Iordanovca, s. Iserlia, s. Ivanovca. Sist\u0103rile sunt programate \u00een leg\u0103tura cu efectuarea [&hellip;]<\/p>\n","protected":false},"author":3,"featured_media":42875,"comment_status":"open","ping_status":"open","sticky":false,"template":"","format":"standard","meta":{"footnotes":""},"categories":[219,265,570],"tags":[],"class_list":["post-54905","post","type-post","status-publish","format-standard","has-post-thumbnail","hentry","category-anunturi","category-important","category-in-moldova"],"yoast_head":"<!-- This site is optimized with the Yoast SEO plugin v27.5 - https:\/\/yoast.com\/product\/yoast-seo-wordpress\/ -->\n<title>In satele raionului Basarabeasca va fi sistat\u0103 livrarea gazelor naturale: c\u00eend \u0219i pe ce perioad\u0103? - BasTV<\/title>\n<meta name=\"description\" content=\"SRL \u00abCimi\u0219lia-gaz\u00bb reprezentat\u0103 prin filiala \u00abBasarabeasca-gaz\u00bb \u00een baza acordului opera\u021bional cu SRL \u00abMoldovatransgaz\u00bb, va opera sist\u0103rii \u00een livrare gazelor naturale c\u0103tre consumatori\u00a0 \u00een perioada 12 iulie 2022 de la ora 00:15 p\u00een\u0103 la data 15 iulie 2022 \u00een urm\u0103toare localit\u0103\u021bi: s. Sadaclia, s.Carabetovca, s.Iordanovca, s. Iserlia, s. Ivanovca.\" \/>\n<meta name=\"robots\" content=\"index, follow, max-snippet:-1, max-image-preview:large, max-video-preview:-1\" \/>\n<link rel=\"canonical\" href=\"https:\/\/bas-tv.md\/ro\/in-satele-raionului-basarabeasca-va-fi-sistata-livrarea-gazelor-naturale-cind-si-pe-ce-perioada\/\" \/>\n<meta property=\"og:locale\" content=\"ro_RO\" \/>\n<meta property=\"og:type\" content=\"article\" \/>\n<meta property=\"og:title\" content=\"In satele raionului Basarabeasca va fi sistat\u0103 livrarea gazelor naturale: c\u00eend \u0219i pe ce perioad\u0103? - BasTV\" \/>\n<meta property=\"og:description\" content=\"SRL \u00abCimi\u0219lia-gaz\u00bb reprezentat\u0103 prin filiala \u00abBasarabeasca-gaz\u00bb \u00een baza acordului opera\u021bional cu SRL \u00abMoldovatransgaz\u00bb, va opera sist\u0103rii \u00een livrare gazelor naturale c\u0103tre consumatori\u00a0 \u00een perioada 12 iulie 2022 de la ora 00:15 p\u00een\u0103 la data 15 iulie 2022 \u00een urm\u0103toare localit\u0103\u021bi: s. Sadaclia, s.Carabetovca, s.Iordanovca, s. Iserlia, s. Ivanovca.\" \/>\n<meta property=\"og:url\" content=\"https:\/\/bas-tv.md\/ro\/in-satele-raionului-basarabeasca-va-fi-sistata-livrarea-gazelor-naturale-cind-si-pe-ce-perioada\/\" \/>\n<meta property=\"og:site_name\" content=\"BasTV\" \/>\n<meta property=\"article:published_time\" content=\"2022-07-07T08:47:49+00:00\" \/>\n<meta property=\"article:modified_time\" content=\"2023-06-07T16:08:13+00:00\" \/>\n<meta name=\"author\" content=\"Redactor\" \/>\n<meta name=\"twitter:card\" content=\"summary_large_image\" \/>\n<meta name=\"twitter:label1\" content=\"Scris de\" \/>\n\t<meta name=\"twitter:data1\" content=\"Redactor\" \/>\n\t<meta name=\"twitter:label2\" content=\"Timp estimat pentru citire\" \/>\n\t<meta name=\"twitter:data2\" content=\"1 minut\" \/>\n<script type=\"application\/ld+json\" class=\"yoast-schema-graph\">{\"@context\":\"https:\\\/\\\/schema.org\",\"@graph\":[{\"@type\":\"Article\",\"@id\":\"https:\\\/\\\/bas-tv.md\\\/ro\\\/in-satele-raionului-basarabeasca-va-fi-sistata-livrarea-gazelor-naturale-cind-si-pe-ce-perioada\\\/#article\",\"isPartOf\":{\"@id\":\"https:\\\/\\\/bas-tv.md\\\/ro\\\/in-satele-raionului-basarabeasca-va-fi-sistata-livrarea-gazelor-naturale-cind-si-pe-ce-perioada\\\/\"},\"author\":{\"name\":\"Redactor\",\"@id\":\"https:\\\/\\\/bas-tv.md\\\/ro\\\/#\\\/schema\\\/person\\\/8740f45ea2eca1f1695284fc03529af0\"},\"headline\":\"In satele raionului Basarabeasca va fi sistat\u0103 livrarea gazelor naturale: c\u00eend \u0219i pe ce perioad\u0103?\",\"datePublished\":\"2022-07-07T08:47:49+00:00\",\"dateModified\":\"2023-06-07T16:08:13+00:00\",\"mainEntityOfPage\":{\"@id\":\"https:\\\/\\\/bas-tv.md\\\/ro\\\/in-satele-raionului-basarabeasca-va-fi-sistata-livrarea-gazelor-naturale-cind-si-pe-ce-perioada\\\/\"},\"wordCount\":233,\"commentCount\":0,\"publisher\":{\"@id\":\"https:\\\/\\\/bas-tv.md\\\/ro\\\/#organization\"},\"image\":{\"@id\":\"https:\\\/\\\/bas-tv.md\\\/ro\\\/in-satele-raionului-basarabeasca-va-fi-sistata-livrarea-gazelor-naturale-cind-si-pe-ce-perioada\\\/#primaryimage\"},\"thumbnailUrl\":\"\",\"articleSection\":[\"Anun\u021buri\",\"Important\",\"\u00cen Moldova\"],\"inLanguage\":\"ro-RO\",\"potentialAction\":[{\"@type\":\"CommentAction\",\"name\":\"Comment\",\"target\":[\"https:\\\/\\\/bas-tv.md\\\/ro\\\/in-satele-raionului-basarabeasca-va-fi-sistata-livrarea-gazelor-naturale-cind-si-pe-ce-perioada\\\/#respond\"]}]},{\"@type\":\"WebPage\",\"@id\":\"https:\\\/\\\/bas-tv.md\\\/ro\\\/in-satele-raionului-basarabeasca-va-fi-sistata-livrarea-gazelor-naturale-cind-si-pe-ce-perioada\\\/\",\"url\":\"https:\\\/\\\/bas-tv.md\\\/ro\\\/in-satele-raionului-basarabeasca-va-fi-sistata-livrarea-gazelor-naturale-cind-si-pe-ce-perioada\\\/\",\"name\":\"In satele raionului Basarabeasca va fi sistat\u0103 livrarea gazelor naturale: c\u00eend \u0219i pe ce perioad\u0103? - BasTV\",\"isPartOf\":{\"@id\":\"https:\\\/\\\/bas-tv.md\\\/ro\\\/#website\"},\"primaryImageOfPage\":{\"@id\":\"https:\\\/\\\/bas-tv.md\\\/ro\\\/in-satele-raionului-basarabeasca-va-fi-sistata-livrarea-gazelor-naturale-cind-si-pe-ce-perioada\\\/#primaryimage\"},\"image\":{\"@id\":\"https:\\\/\\\/bas-tv.md\\\/ro\\\/in-satele-raionului-basarabeasca-va-fi-sistata-livrarea-gazelor-naturale-cind-si-pe-ce-perioada\\\/#primaryimage\"},\"thumbnailUrl\":\"\",\"datePublished\":\"2022-07-07T08:47:49+00:00\",\"dateModified\":\"2023-06-07T16:08:13+00:00\",\"description\":\"SRL \u00abCimi\u0219lia-gaz\u00bb reprezentat\u0103 prin filiala \u00abBasarabeasca-gaz\u00bb \u00een baza acordului opera\u021bional cu SRL \u00abMoldovatransgaz\u00bb, va opera sist\u0103rii \u00een livrare gazelor naturale c\u0103tre consumatori\u00a0 \u00een perioada 12 iulie 2022 de la ora 00:15 p\u00een\u0103 la data 15 iulie 2022 \u00een urm\u0103toare localit\u0103\u021bi: s. Sadaclia, s.Carabetovca, s.Iordanovca, s. Iserlia, s. Ivanovca.\",\"inLanguage\":\"ro-RO\",\"potentialAction\":[{\"@type\":\"ReadAction\",\"target\":[\"https:\\\/\\\/bas-tv.md\\\/ro\\\/in-satele-raionului-basarabeasca-va-fi-sistata-livrarea-gazelor-naturale-cind-si-pe-ce-perioada\\\/\"]}]},{\"@type\":\"ImageObject\",\"inLanguage\":\"ro-RO\",\"@id\":\"https:\\\/\\\/bas-tv.md\\\/ro\\\/in-satele-raionului-basarabeasca-va-fi-sistata-livrarea-gazelor-naturale-cind-si-pe-ce-perioada\\\/#primaryimage\",\"url\":\"\",\"contentUrl\":\"\"},{\"@type\":\"WebSite\",\"@id\":\"https:\\\/\\\/bas-tv.md\\\/ro\\\/#website\",\"url\":\"https:\\\/\\\/bas-tv.md\\\/ro\\\/\",\"name\":\"BasTV\",\"description\":\"Moldova\",\"publisher\":{\"@id\":\"https:\\\/\\\/bas-tv.md\\\/ro\\\/#organization\"},\"potentialAction\":[{\"@type\":\"SearchAction\",\"target\":{\"@type\":\"EntryPoint\",\"urlTemplate\":\"https:\\\/\\\/bas-tv.md\\\/ro\\\/?s={search_term_string}\"},\"query-input\":{\"@type\":\"PropertyValueSpecification\",\"valueRequired\":true,\"valueName\":\"search_term_string\"}}],\"inLanguage\":\"ro-RO\"},{\"@type\":\"Organization\",\"@id\":\"https:\\\/\\\/bas-tv.md\\\/ro\\\/#organization\",\"name\":\"BasTV\",\"url\":\"https:\\\/\\\/bas-tv.md\\\/ro\\\/\",\"logo\":{\"@type\":\"ImageObject\",\"inLanguage\":\"ro-RO\",\"@id\":\"https:\\\/\\\/bas-tv.md\\\/ro\\\/#\\\/schema\\\/logo\\\/image\\\/\",\"url\":\"https:\\\/\\\/bas-tv.md\\\/wp-content\\\/uploads\\\/2023\\\/05\\\/bas-tv-culoarea-rosie.png\",\"contentUrl\":\"https:\\\/\\\/bas-tv.md\\\/wp-content\\\/uploads\\\/2023\\\/05\\\/bas-tv-culoarea-rosie.png\",\"width\":202,\"height\":50,\"caption\":\"BasTV\"},\"image\":{\"@id\":\"https:\\\/\\\/bas-tv.md\\\/ro\\\/#\\\/schema\\\/logo\\\/image\\\/\"}},{\"@type\":\"Person\",\"@id\":\"https:\\\/\\\/bas-tv.md\\\/ro\\\/#\\\/schema\\\/person\\\/8740f45ea2eca1f1695284fc03529af0\",\"name\":\"Redactor\",\"image\":{\"@type\":\"ImageObject\",\"inLanguage\":\"ro-RO\",\"@id\":\"https:\\\/\\\/bas-tv.md\\\/wp-content\\\/litespeed\\\/avatar\\\/91c0586f3f6f4396a4ec1287c965eeeb.jpg?ver=1776950945\",\"url\":\"https:\\\/\\\/bas-tv.md\\\/wp-content\\\/litespeed\\\/avatar\\\/91c0586f3f6f4396a4ec1287c965eeeb.jpg?ver=1776950945\",\"contentUrl\":\"https:\\\/\\\/bas-tv.md\\\/wp-content\\\/litespeed\\\/avatar\\\/91c0586f3f6f4396a4ec1287c965eeeb.jpg?ver=1776950945\",\"caption\":\"Redactor\"},\"url\":\"https:\\\/\\\/bas-tv.md\\\/ro\\\/author\\\/redactor\\\/\"}]}<\/script>\n<!-- \/ Yoast SEO plugin. -->","yoast_head_json":{"title":"In satele raionului Basarabeasca va fi sistat\u0103 livrarea gazelor naturale: c\u00eend \u0219i pe ce perioad\u0103? - BasTV","description":"SRL \u00abCimi\u0219lia-gaz\u00bb reprezentat\u0103 prin filiala \u00abBasarabeasca-gaz\u00bb \u00een baza acordului opera\u021bional cu SRL \u00abMoldovatransgaz\u00bb, va opera sist\u0103rii \u00een livrare gazelor naturale c\u0103tre consumatori\u00a0 \u00een perioada 12 iulie 2022 de la ora 00:15 p\u00een\u0103 la data 15 iulie 2022 \u00een urm\u0103toare localit\u0103\u021bi: s. Sadaclia, s.Carabetovca, s.Iordanovca, s. Iserlia, s. Ivanovca.","robots":{"index":"index","follow":"follow","max-snippet":"max-snippet:-1","max-image-preview":"max-image-preview:large","max-video-preview":"max-video-preview:-1"},"canonical":"https:\/\/bas-tv.md\/ro\/in-satele-raionului-basarabeasca-va-fi-sistata-livrarea-gazelor-naturale-cind-si-pe-ce-perioada\/","og_locale":"ro_RO","og_type":"article","og_title":"In satele raionului Basarabeasca va fi sistat\u0103 livrarea gazelor naturale: c\u00eend \u0219i pe ce perioad\u0103? - BasTV","og_description":"SRL \u00abCimi\u0219lia-gaz\u00bb reprezentat\u0103 prin filiala \u00abBasarabeasca-gaz\u00bb \u00een baza acordului opera\u021bional cu SRL \u00abMoldovatransgaz\u00bb, va opera sist\u0103rii \u00een livrare gazelor naturale c\u0103tre consumatori\u00a0 \u00een perioada 12 iulie 2022 de la ora 00:15 p\u00een\u0103 la data 15 iulie 2022 \u00een urm\u0103toare localit\u0103\u021bi: s. Sadaclia, s.Carabetovca, s.Iordanovca, s. Iserlia, s. Ivanovca.","og_url":"https:\/\/bas-tv.md\/ro\/in-satele-raionului-basarabeasca-va-fi-sistata-livrarea-gazelor-naturale-cind-si-pe-ce-perioada\/","og_site_name":"BasTV","article_published_time":"2022-07-07T08:47:49+00:00","article_modified_time":"2023-06-07T16:08:13+00:00","author":"Redactor","twitter_card":"summary_large_image","twitter_misc":{"Scris de":"Redactor","Timp estimat pentru citire":"1 minut"},"schema":{"@context":"https:\/\/schema.org","@graph":[{"@type":"Article","@id":"https:\/\/bas-tv.md\/ro\/in-satele-raionului-basarabeasca-va-fi-sistata-livrarea-gazelor-naturale-cind-si-pe-ce-perioada\/#article","isPartOf":{"@id":"https:\/\/bas-tv.md\/ro\/in-satele-raionului-basarabeasca-va-fi-sistata-livrarea-gazelor-naturale-cind-si-pe-ce-perioada\/"},"author":{"name":"Redactor","@id":"https:\/\/bas-tv.md\/ro\/#\/schema\/person\/8740f45ea2eca1f1695284fc03529af0"},"headline":"In satele raionului Basarabeasca va fi sistat\u0103 livrarea gazelor naturale: c\u00eend \u0219i pe ce perioad\u0103?","datePublished":"2022-07-07T08:47:49+00:00","dateModified":"2023-06-07T16:08:13+00:00","mainEntityOfPage":{"@id":"https:\/\/bas-tv.md\/ro\/in-satele-raionului-basarabeasca-va-fi-sistata-livrarea-gazelor-naturale-cind-si-pe-ce-perioada\/"},"wordCount":233,"commentCount":0,"publisher":{"@id":"https:\/\/bas-tv.md\/ro\/#organization"},"image":{"@id":"https:\/\/bas-tv.md\/ro\/in-satele-raionului-basarabeasca-va-fi-sistata-livrarea-gazelor-naturale-cind-si-pe-ce-perioada\/#primaryimage"},"thumbnailUrl":"","articleSection":["Anun\u021buri","Important","\u00cen Moldova"],"inLanguage":"ro-RO","potentialAction":[{"@type":"CommentAction","name":"Comment","target":["https:\/\/bas-tv.md\/ro\/in-satele-raionului-basarabeasca-va-fi-sistata-livrarea-gazelor-naturale-cind-si-pe-ce-perioada\/#respond"]}]},{"@type":"WebPage","@id":"https:\/\/bas-tv.md\/ro\/in-satele-raionului-basarabeasca-va-fi-sistata-livrarea-gazelor-naturale-cind-si-pe-ce-perioada\/","url":"https:\/\/bas-tv.md\/ro\/in-satele-raionului-basarabeasca-va-fi-sistata-livrarea-gazelor-naturale-cind-si-pe-ce-perioada\/","name":"In satele raionului Basarabeasca va fi sistat\u0103 livrarea gazelor naturale: c\u00eend \u0219i pe ce perioad\u0103? - BasTV","isPartOf":{"@id":"https:\/\/bas-tv.md\/ro\/#website"},"primaryImageOfPage":{"@id":"https:\/\/bas-tv.md\/ro\/in-satele-raionului-basarabeasca-va-fi-sistata-livrarea-gazelor-naturale-cind-si-pe-ce-perioada\/#primaryimage"},"image":{"@id":"https:\/\/bas-tv.md\/ro\/in-satele-raionului-basarabeasca-va-fi-sistata-livrarea-gazelor-naturale-cind-si-pe-ce-perioada\/#primaryimage"},"thumbnailUrl":"","datePublished":"2022-07-07T08:47:49+00:00","dateModified":"2023-06-07T16:08:13+00:00","description":"SRL \u00abCimi\u0219lia-gaz\u00bb reprezentat\u0103 prin filiala \u00abBasarabeasca-gaz\u00bb \u00een baza acordului opera\u021bional cu SRL \u00abMoldovatransgaz\u00bb, va opera sist\u0103rii \u00een livrare gazelor naturale c\u0103tre consumatori\u00a0 \u00een perioada 12 iulie 2022 de la ora 00:15 p\u00een\u0103 la data 15 iulie 2022 \u00een urm\u0103toare localit\u0103\u021bi: s. Sadaclia, s.Carabetovca, s.Iordanovca, s. Iserlia, s. Ivanovca.","inLanguage":"ro-RO","potentialAction":[{"@type":"ReadAction","target":["https:\/\/bas-tv.md\/ro\/in-satele-raionului-basarabeasca-va-fi-sistata-livrarea-gazelor-naturale-cind-si-pe-ce-perioada\/"]}]},{"@type":"ImageObject","inLanguage":"ro-RO","@id":"https:\/\/bas-tv.md\/ro\/in-satele-raionului-basarabeasca-va-fi-sistata-livrarea-gazelor-naturale-cind-si-pe-ce-perioada\/#primaryimage","url":"","contentUrl":""},{"@type":"WebSite","@id":"https:\/\/bas-tv.md\/ro\/#website","url":"https:\/\/bas-tv.md\/ro\/","name":"BasTV","description":"Moldova","publisher":{"@id":"https:\/\/bas-tv.md\/ro\/#organization"},"potentialAction":[{"@type":"SearchAction","target":{"@type":"EntryPoint","urlTemplate":"https:\/\/bas-tv.md\/ro\/?s={search_term_string}"},"query-input":{"@type":"PropertyValueSpecification","valueRequired":true,"valueName":"search_term_string"}}],"inLanguage":"ro-RO"},{"@type":"Organization","@id":"https:\/\/bas-tv.md\/ro\/#organization","name":"BasTV","url":"https:\/\/bas-tv.md\/ro\/","logo":{"@type":"ImageObject","inLanguage":"ro-RO","@id":"https:\/\/bas-tv.md\/ro\/#\/schema\/logo\/image\/","url":"https:\/\/bas-tv.md\/wp-content\/uploads\/2023\/05\/bas-tv-culoarea-rosie.png","contentUrl":"https:\/\/bas-tv.md\/wp-content\/uploads\/2023\/05\/bas-tv-culoarea-rosie.png","width":202,"height":50,"caption":"BasTV"},"image":{"@id":"https:\/\/bas-tv.md\/ro\/#\/schema\/logo\/image\/"}},{"@type":"Person","@id":"https:\/\/bas-tv.md\/ro\/#\/schema\/person\/8740f45ea2eca1f1695284fc03529af0","name":"Redactor","image":{"@type":"ImageObject","inLanguage":"ro-RO","@id":"https:\/\/bas-tv.md\/wp-content\/litespeed\/avatar\/91c0586f3f6f4396a4ec1287c965eeeb.jpg?ver=1776950945","url":"https:\/\/bas-tv.md\/wp-content\/litespeed\/avatar\/91c0586f3f6f4396a4ec1287c965eeeb.jpg?ver=1776950945","contentUrl":"https:\/\/bas-tv.md\/wp-content\/litespeed\/avatar\/91c0586f3f6f4396a4ec1287c965eeeb.jpg?ver=1776950945","caption":"Redactor"},"url":"https:\/\/bas-tv.md\/ro\/author\/redactor\/"}]}},"views":387,"_links":{"self":[{"href":"https:\/\/bas-tv.md\/ro\/wp-json\/wp\/v2\/posts\/54905","targetHints":{"allow":["GET"]}}],"collection":[{"href":"https:\/\/bas-tv.md\/ro\/wp-json\/wp\/v2\/posts"}],"about":[{"href":"https:\/\/bas-tv.md\/ro\/wp-json\/wp\/v2\/types\/post"}],"author":[{"embeddable":true,"href":"https:\/\/bas-tv.md\/ro\/wp-json\/wp\/v2\/users\/3"}],"replies":[{"embeddable":true,"href":"https:\/\/bas-tv.md\/ro\/wp-json\/wp\/v2\/comments?post=54905"}],"version-history":[{"count":1,"href":"https:\/\/bas-tv.md\/ro\/wp-json\/wp\/v2\/posts\/54905\/revisions"}],"predecessor-version":[{"id":87041,"href":"https:\/\/bas-tv.md\/ro\/wp-json\/wp\/v2\/posts\/54905\/revisions\/87041"}],"wp:featuredmedia":[{"embeddable":true,"href":"https:\/\/bas-tv.md\/ro\/wp-json\/"}],"wp:attachment":[{"href":"https:\/\/bas-tv.md\/ro\/wp-json\/wp\/v2\/media?parent=54905"}],"wp:term":[{"taxonomy":"category","embeddable":true,"href":"https:\/\/bas-tv.md\/ro\/wp-json\/wp\/v2\/categories?post=54905"},{"taxonomy":"post_tag","embeddable":true,"href":"https:\/\/bas-tv.md\/ro\/wp-json\/wp\/v2\/tags?post=54905"}],"curies":[{"name":"wp","href":"https:\/\/api.w.org\/{rel}","templated":true}]}}