{"id":5944,"date":"2018-11-01T16:53:57","date_gmt":"2018-11-01T14:53:57","guid":{"rendered":"https:\/\/bas-tv.md\/?p=5944"},"modified":"2018-11-01T16:53:57","modified_gmt":"2018-11-01T14:53:57","slug":"viata-in-culori-arta-din-inima-lui-mihail-kadan","status":"publish","type":"post","link":"https:\/\/bas-tv.md\/ro\/viata-in-culori-arta-din-inima-lui-mihail-kadan\/","title":{"rendered":"Via\u021ba \u00een culori- arta din inima lui Mihail Kad\u00e2n"},"content":{"rendered":"<h3><strong>MIHAIL KAD\u00c2N PICTOR<\/strong><\/h3>\n<p><a href=\"https:\/\/bas-tv.md\/wp-content\/uploads\/2018\/11\/tuxpi.com_.1541083428.jpg\"><img fetchpriority=\"high\" decoding=\"async\" class=\"alignleft size-medium wp-image-5953\" src=\"https:\/\/bas-tv.md\/wp-content\/uploads\/2018\/11\/tuxpi.com_.1541083428.jpg\" alt=\"\" width=\"300\" height=\"211\" \/><\/a><\/p>\n<p>&nbsp;<\/p>\n<p><em>-\u00cen scaunul cu rotile sunt de la 16 ani, am o traum\u0103 din copil\u0103rie, m-au salvat \u00eent\u00e2mpl\u0103tor iar cu v\u00e2rsta s-a \u00eenr\u0103ut\u0103\u021bit situa\u021bia.<\/em><\/p>\n<p>&nbsp;<\/p>\n<p>&nbsp;<\/p>\n<p>&nbsp;<\/p>\n<p>\u00cen holul de la etajul II al prim\u0103riei ora\u0219ului Basarabeasca a fost lansat vernisajul tablourilor pictorului Mihail Cad\u00e2n.<\/p>\n<h3><strong>MIHAIL KAD\u00c2N PICTOR<\/strong><\/h3>\n<p><a href=\"https:\/\/bas-tv.md\/wp-content\/uploads\/2018\/11\/tuxpi.com_.1541083428-1.jpg\"><img decoding=\"async\" class=\"alignleft wp-image-5957 lazyload\" data-src=\"https:\/\/bas-tv.md\/wp-content\/uploads\/2018\/11\/tuxpi.com_.1541083428-1.jpg\" alt=\"\" width=\"307\" height=\"216\" src=\"data:image\/svg+xml;base64,PHN2ZyB3aWR0aD0iMSIgaGVpZ2h0PSIxIiB4bWxucz0iaHR0cDovL3d3dy53My5vcmcvMjAwMC9zdmciPjwvc3ZnPg==\" style=\"--smush-placeholder-width: 307px; --smush-placeholder-aspect-ratio: 307\/216;\" \/><\/a><\/p>\n<p>&nbsp;<\/p>\n<p><em>-\u00cen iulie m-am prezentat pentru prima dat\u0103 \u00een via\u021ba mea cu un asemenea volum \u00een galeria din ora\u0219ul Comrat, peste 30 de lucr\u0103ri. Aici am expus 21 de tablouri. Pictez de aproape 30 de ani, iar din copil\u0103rie desenam cu creionul mai apoi a ap\u0103rut dorin\u021ba s\u0103 \u00a0\u00eenv\u0103\u021b undeva? &#8211; Unde a\u021bi \u00eenv\u0103\u021bat?- La universitatea de arte din Moskova. Am studiat trei ani acolo.<\/em><\/p>\n<p>&nbsp;<\/p>\n<p>Din cauza lipsei unei s\u0103li de expozi\u021bii sau chiar a unui\u00a0 muzeu \u00een ora\u0219ul Basarabeasca, Mihail Kad\u00e2n a expus tablourile sale al\u0103turi de cele ale elevilor \u00a0de la \u0218cola de arte.<\/p>\n<h3 style=\"text-align: right;\"><strong>ALEXANDRA PEREVERZEVA DIRECTORUL \u0218COLII DE ARTE BASARABEASCA<\/strong><\/h3>\n<p><a href=\"https:\/\/bas-tv.md\/wp-content\/uploads\/2018\/11\/tuxpi.com_.1541083461.jpg\"><img decoding=\"async\" class=\"wp-image-5951 alignright lazyload\" data-src=\"https:\/\/bas-tv.md\/wp-content\/uploads\/2018\/11\/tuxpi.com_.1541083461.jpg\" alt=\"\" width=\"284\" height=\"257\" src=\"data:image\/svg+xml;base64,PHN2ZyB3aWR0aD0iMSIgaGVpZ2h0PSIxIiB4bWxucz0iaHR0cDovL3d3dy53My5vcmcvMjAwMC9zdmciPjwvc3ZnPg==\" style=\"--smush-placeholder-width: 284px; --smush-placeholder-aspect-ratio: 284\/257;\" \/><\/a><\/p>\n<p>&nbsp;<\/p>\n<p>&nbsp;<\/p>\n<p>&nbsp;<\/p>\n<p><em>-A fost o\u00a0 deosebit\u0103 pl\u0103cere pentru noi s\u0103 vedem aceste tablouri, aceste peisaje, aceste portrete, care sunt expuse ast\u0103zi aici.<\/em><\/p>\n<p>&nbsp;<\/p>\n<p>&nbsp;<\/p>\n<p>&nbsp;<\/p>\n<p>Copii prezen\u021bi la expozi\u021bie admirau p\u00e2nzele lui Mihail Kad\u00e2n pline de con\u021binut personal,\u00a0 iar privirea p\u0103trunz\u0103toare a portretelor le-a umplut sufletele copiilor cu emo\u021bii pozitive.<\/p>\n<h3><strong>STAS \u0218TIROI ELEVUL \u0218COLII DE ARTE BASARABEASCA<\/strong><\/h3>\n<p><a href=\"https:\/\/bas-tv.md\/wp-content\/uploads\/2018\/11\/tuxpi.com_.1541083490.jpg\"><img decoding=\"async\" class=\"alignleft wp-image-5949 lazyload\" data-src=\"https:\/\/bas-tv.md\/wp-content\/uploads\/2018\/11\/tuxpi.com_.1541083490.jpg\" alt=\"\" width=\"320\" height=\"280\" src=\"data:image\/svg+xml;base64,PHN2ZyB3aWR0aD0iMSIgaGVpZ2h0PSIxIiB4bWxucz0iaHR0cDovL3d3dy53My5vcmcvMjAwMC9zdmciPjwvc3ZnPg==\" style=\"--smush-placeholder-width: 320px; --smush-placeholder-aspect-ratio: 320\/280;\" \/><\/a><\/p>\n<p>&nbsp;<\/p>\n<p>&nbsp;<\/p>\n<p><em>-Mi-a pl\u0103cut acest tablou unde bunicu\u021ba merge la cineva \u00een ospe\u021bie cu pl\u0103cinte. Culorile sunt a\u0219a de vii \u0219i realiste.<\/em><\/p>\n<p>&nbsp;<\/p>\n<p>&nbsp;<\/p>\n<p>&nbsp;<\/p>\n<p>&nbsp;<\/p>\n<h3 style=\"text-align: right;\"><strong>LERA MART\u00c2NENCO ELEVA \u0218COLII DE ARTE BASARABEASCA<\/strong><\/h3>\n<p><a href=\"https:\/\/bas-tv.md\/wp-content\/uploads\/2018\/11\/tuxpi.com_.1541083520.jpg\"><img decoding=\"async\" class=\"wp-image-5947 alignright lazyload\" data-src=\"https:\/\/bas-tv.md\/wp-content\/uploads\/2018\/11\/tuxpi.com_.1541083520.jpg\" alt=\"\" width=\"257\" height=\"221\" src=\"data:image\/svg+xml;base64,PHN2ZyB3aWR0aD0iMSIgaGVpZ2h0PSIxIiB4bWxucz0iaHR0cDovL3d3dy53My5vcmcvMjAwMC9zdmciPjwvc3ZnPg==\" style=\"--smush-placeholder-width: 257px; --smush-placeholder-aspect-ratio: 257\/221;\" \/><\/a><\/p>\n<p>&nbsp;<\/p>\n<p>&nbsp;<\/p>\n<p><em>-Mi-a pl\u0103cut acest tablou, aici este pictat cu acurate\u021be fiecare detaliu. El picteaz\u0103 tablourile \u00een a\u0219a fel, \u00eenc\u00e2t \u00ee\u021bi vine s\u0103 vorbe\u0219ti cu ele, po\u021bi s\u0103 \u00ee\u021bi imaginezi c\u0103 este un prieten imaginar. <\/em><\/p>\n<p>&nbsp;<\/p>\n<p>&nbsp;<\/p>\n<h3><strong>MIHAELA CATAN\u0102 ELEVA \u0218COLII DE ARTE BASARABEASCA<\/strong><\/h3>\n<p><a href=\"https:\/\/bas-tv.md\/wp-content\/uploads\/2018\/11\/tuxpi.com_.1541083563.jpg\"><img decoding=\"async\" class=\"alignleft wp-image-5945 lazyload\" data-src=\"https:\/\/bas-tv.md\/wp-content\/uploads\/2018\/11\/tuxpi.com_.1541083563.jpg\" alt=\"\" width=\"268\" height=\"209\" src=\"data:image\/svg+xml;base64,PHN2ZyB3aWR0aD0iMSIgaGVpZ2h0PSIxIiB4bWxucz0iaHR0cDovL3d3dy53My5vcmcvMjAwMC9zdmciPjwvc3ZnPg==\" style=\"--smush-placeholder-width: 268px; --smush-placeholder-aspect-ratio: 268\/209;\" \/><\/a><\/p>\n<p>&nbsp;<\/p>\n<p><em>&#8211; Cu toate c\u0103 D-nul Mihail nu este un pictor at\u00e2t de vestit cum sunt Leonardo Davinci sau chiar Piccaso este un pictor care ne reprezint\u0103 raionul,c\u00e2t de pu\u021bin dar\u00a0 ne reprezint\u0103 Republica Moldova. Este un exemplu pentru micii pictori \u00eencep\u0103tori. Este foarte detaliat\u0103, foarte bine este redat\u0103 iarna \u00een aceast\u0103 pictur\u0103.<\/em><\/p>\n<p>&nbsp;<\/p>\n<p>&nbsp;<\/p>\n<p>Tablourile lui Mihail Kad\u00e2n sunt un exemplu bun pentru copii care \u00ee\u0219i doresc s\u0103 \u00eenve\u021be s\u0103 picteze, iar munca \u0219i dragostea fa\u021b\u0103 de art\u0103 este unicul partener \u00een timpul execut\u0103rii picturilor.<\/p>\n<h3 style=\"text-align: left;\"><strong>MIHAIL KAD\u00c2N PICTOR<\/strong><\/h3>\n<p><a href=\"https:\/\/bas-tv.md\/wp-content\/uploads\/2018\/11\/tuxpi.com_.1541083428.jpg\"><img decoding=\"async\" class=\"alignleft wp-image-5953 lazyload\" data-src=\"https:\/\/bas-tv.md\/wp-content\/uploads\/2018\/11\/tuxpi.com_.1541083428.jpg\" alt=\"\" width=\"353\" height=\"248\" src=\"data:image\/svg+xml;base64,PHN2ZyB3aWR0aD0iMSIgaGVpZ2h0PSIxIiB4bWxucz0iaHR0cDovL3d3dy53My5vcmcvMjAwMC9zdmciPjwvc3ZnPg==\" style=\"--smush-placeholder-width: 353px; --smush-placeholder-aspect-ratio: 353\/248;\" \/><\/a><\/p>\n<p>&nbsp;<\/p>\n<p>&nbsp;<\/p>\n<p><em>-Cel mai des eu pictez persoanele apropiate deoarece ei au fost cel mai des \u00een contact cu mine. C\u00e2nd c\u0103l\u0103toresc eu admir natura creat\u0103 de Dumnezeu, \u0219i aleg locuri frumoase pentru pictur\u0103.<\/em><\/p>\n<p>&nbsp;<\/p>\n<p>&nbsp;<\/p>\n<p>Mihail Kad\u00e2n sus\u021bine c\u0103 el picteaz\u0103 lucr\u0103ri la comand\u0103, iar\u00a0 doritorii de a avea un portret de familie sau a unui prieten se pot adresa la num\u0103rul de telefon\u00a0\u00a0<strong style=\"text-transform: initial;\">0 68 99 59 80.<\/strong><\/p>\n<p><iframe title=\"Via\u021ba \u00een culori- arta din inima lui Mihail Kad\u00e2n\" width=\"580\" height=\"326\" data-src=\"https:\/\/www.youtube.com\/embed\/rm7UXD5vu6Y?feature=oembed\" frameborder=\"0\" allow=\"accelerometer; autoplay; clipboard-write; encrypted-media; gyroscope; picture-in-picture; web-share\" referrerpolicy=\"strict-origin-when-cross-origin\" allowfullscreen src=\"data:image\/svg+xml;base64,PHN2ZyB3aWR0aD0iMSIgaGVpZ2h0PSIxIiB4bWxucz0iaHR0cDovL3d3dy53My5vcmcvMjAwMC9zdmciPjwvc3ZnPg==\" class=\"lazyload\" data-load-mode=\"1\"><\/iframe><\/p>\n<h3><em>\u00a0<\/em><\/h3>\n<p><strong>\u00a0<\/strong><\/p>\n","protected":false},"excerpt":{"rendered":"<p>MIHAIL KAD\u00c2N PICTOR &nbsp; -\u00cen scaunul cu rotile sunt de la 16 ani, am o traum\u0103 din copil\u0103rie, m-au salvat \u00eent\u00e2mpl\u0103tor iar cu v\u00e2rsta s-a \u00eenr\u0103ut\u0103\u021bit situa\u021bia. &nbsp; &nbsp; &nbsp; \u00cen holul de la etajul II al prim\u0103riei ora\u0219ului Basarabeasca a fost lansat vernisajul tablourilor pictorului Mihail Cad\u00e2n. MIHAIL KAD\u00c2N PICTOR &nbsp; -\u00cen iulie m-am [&hellip;]<\/p>\n","protected":false},"author":1,"featured_media":5960,"comment_status":"open","ping_status":"open","sticky":false,"template":"","format":"standard","meta":{"footnotes":""},"categories":[202,165],"tags":[],"class_list":["post-5944","post","type-post","status-publish","format-standard","has-post-thumbnail","hentry","category-emisiuni-ro","category-obshhestvo"],"yoast_head":"<!-- This site is optimized with the Yoast SEO plugin v27.5 - https:\/\/yoast.com\/product\/yoast-seo-wordpress\/ -->\n<title>Via\u021ba \u00een culori- arta din inima lui Mihail Kad\u00e2n - BasTV<\/title>\n<meta name=\"robots\" content=\"index, follow, max-snippet:-1, max-image-preview:large, max-video-preview:-1\" \/>\n<link rel=\"canonical\" href=\"https:\/\/bas-tv.md\/ro\/viata-in-culori-arta-din-inima-lui-mihail-kadan\/\" \/>\n<meta property=\"og:locale\" content=\"ro_RO\" \/>\n<meta property=\"og:type\" content=\"article\" \/>\n<meta property=\"og:title\" content=\"Via\u021ba \u00een culori- arta din inima lui Mihail Kad\u00e2n - BasTV\" \/>\n<meta property=\"og:description\" content=\"MIHAIL KAD\u00c2N PICTOR &nbsp; -\u00cen scaunul cu rotile sunt de la 16 ani, am o traum\u0103 din copil\u0103rie, m-au salvat \u00eent\u00e2mpl\u0103tor iar cu v\u00e2rsta s-a \u00eenr\u0103ut\u0103\u021bit situa\u021bia. &nbsp; &nbsp; &nbsp; \u00cen holul de la etajul II al prim\u0103riei ora\u0219ului Basarabeasca a fost lansat vernisajul tablourilor pictorului Mihail Cad\u00e2n. MIHAIL KAD\u00c2N PICTOR &nbsp; -\u00cen iulie m-am [&hellip;]\" \/>\n<meta property=\"og:url\" content=\"https:\/\/bas-tv.md\/ro\/viata-in-culori-arta-din-inima-lui-mihail-kadan\/\" \/>\n<meta property=\"og:site_name\" content=\"BasTV\" \/>\n<meta property=\"article:published_time\" content=\"2018-11-01T14:53:57+00:00\" \/>\n<meta name=\"author\" content=\"Esupport\" \/>\n<meta name=\"twitter:card\" content=\"summary_large_image\" \/>\n<meta name=\"twitter:label1\" content=\"Scris de\" \/>\n\t<meta name=\"twitter:data1\" content=\"Esupport\" \/>\n\t<meta name=\"twitter:label2\" content=\"Timp estimat pentru citire\" \/>\n\t<meta name=\"twitter:data2\" content=\"3 minute\" \/>\n<script type=\"application\/ld+json\" class=\"yoast-schema-graph\">{\"@context\":\"https:\\\/\\\/schema.org\",\"@graph\":[{\"@type\":\"Article\",\"@id\":\"https:\\\/\\\/bas-tv.md\\\/ro\\\/viata-in-culori-arta-din-inima-lui-mihail-kadan\\\/#article\",\"isPartOf\":{\"@id\":\"https:\\\/\\\/bas-tv.md\\\/ro\\\/viata-in-culori-arta-din-inima-lui-mihail-kadan\\\/\"},\"author\":{\"name\":\"Esupport\",\"@id\":\"https:\\\/\\\/bas-tv.md\\\/ro\\\/#\\\/schema\\\/person\\\/4f21c563b50bfad270be76166cfd8ec8\"},\"headline\":\"Via\u021ba \u00een culori- arta din inima lui Mihail Kad\u00e2n\",\"datePublished\":\"2018-11-01T14:53:57+00:00\",\"mainEntityOfPage\":{\"@id\":\"https:\\\/\\\/bas-tv.md\\\/ro\\\/viata-in-culori-arta-din-inima-lui-mihail-kadan\\\/\"},\"wordCount\":524,\"commentCount\":0,\"publisher\":{\"@id\":\"https:\\\/\\\/bas-tv.md\\\/ro\\\/#organization\"},\"image\":{\"@id\":\"https:\\\/\\\/bas-tv.md\\\/ro\\\/viata-in-culori-arta-din-inima-lui-mihail-kadan\\\/#primaryimage\"},\"thumbnailUrl\":\"\",\"articleSection\":[\"Emisiuni\",\"\u041e\u0431\u0449\u0435\u0441\u0442\u0432\u043e\"],\"inLanguage\":\"ro-RO\",\"potentialAction\":[{\"@type\":\"CommentAction\",\"name\":\"Comment\",\"target\":[\"https:\\\/\\\/bas-tv.md\\\/ro\\\/viata-in-culori-arta-din-inima-lui-mihail-kadan\\\/#respond\"]}]},{\"@type\":\"WebPage\",\"@id\":\"https:\\\/\\\/bas-tv.md\\\/ro\\\/viata-in-culori-arta-din-inima-lui-mihail-kadan\\\/\",\"url\":\"https:\\\/\\\/bas-tv.md\\\/ro\\\/viata-in-culori-arta-din-inima-lui-mihail-kadan\\\/\",\"name\":\"Via\u021ba \u00een culori- arta din inima lui Mihail Kad\u00e2n - BasTV\",\"isPartOf\":{\"@id\":\"https:\\\/\\\/bas-tv.md\\\/ro\\\/#website\"},\"primaryImageOfPage\":{\"@id\":\"https:\\\/\\\/bas-tv.md\\\/ro\\\/viata-in-culori-arta-din-inima-lui-mihail-kadan\\\/#primaryimage\"},\"image\":{\"@id\":\"https:\\\/\\\/bas-tv.md\\\/ro\\\/viata-in-culori-arta-din-inima-lui-mihail-kadan\\\/#primaryimage\"},\"thumbnailUrl\":\"\",\"datePublished\":\"2018-11-01T14:53:57+00:00\",\"inLanguage\":\"ro-RO\",\"potentialAction\":[{\"@type\":\"ReadAction\",\"target\":[\"https:\\\/\\\/bas-tv.md\\\/ro\\\/viata-in-culori-arta-din-inima-lui-mihail-kadan\\\/\"]}]},{\"@type\":\"ImageObject\",\"inLanguage\":\"ro-RO\",\"@id\":\"https:\\\/\\\/bas-tv.md\\\/ro\\\/viata-in-culori-arta-din-inima-lui-mihail-kadan\\\/#primaryimage\",\"url\":\"\",\"contentUrl\":\"\"},{\"@type\":\"WebSite\",\"@id\":\"https:\\\/\\\/bas-tv.md\\\/ro\\\/#website\",\"url\":\"https:\\\/\\\/bas-tv.md\\\/ro\\\/\",\"name\":\"BasTV\",\"description\":\"Moldova\",\"publisher\":{\"@id\":\"https:\\\/\\\/bas-tv.md\\\/ro\\\/#organization\"},\"potentialAction\":[{\"@type\":\"SearchAction\",\"target\":{\"@type\":\"EntryPoint\",\"urlTemplate\":\"https:\\\/\\\/bas-tv.md\\\/ro\\\/?s={search_term_string}\"},\"query-input\":{\"@type\":\"PropertyValueSpecification\",\"valueRequired\":true,\"valueName\":\"search_term_string\"}}],\"inLanguage\":\"ro-RO\"},{\"@type\":\"Organization\",\"@id\":\"https:\\\/\\\/bas-tv.md\\\/ro\\\/#organization\",\"name\":\"BasTV\",\"url\":\"https:\\\/\\\/bas-tv.md\\\/ro\\\/\",\"logo\":{\"@type\":\"ImageObject\",\"inLanguage\":\"ro-RO\",\"@id\":\"https:\\\/\\\/bas-tv.md\\\/ro\\\/#\\\/schema\\\/logo\\\/image\\\/\",\"url\":\"https:\\\/\\\/bas-tv.md\\\/wp-content\\\/uploads\\\/2023\\\/05\\\/bas-tv-culoarea-rosie.png\",\"contentUrl\":\"https:\\\/\\\/bas-tv.md\\\/wp-content\\\/uploads\\\/2023\\\/05\\\/bas-tv-culoarea-rosie.png\",\"width\":202,\"height\":50,\"caption\":\"BasTV\"},\"image\":{\"@id\":\"https:\\\/\\\/bas-tv.md\\\/ro\\\/#\\\/schema\\\/logo\\\/image\\\/\"}},{\"@type\":\"Person\",\"@id\":\"https:\\\/\\\/bas-tv.md\\\/ro\\\/#\\\/schema\\\/person\\\/4f21c563b50bfad270be76166cfd8ec8\",\"name\":\"Esupport\",\"image\":{\"@type\":\"ImageObject\",\"inLanguage\":\"ro-RO\",\"@id\":\"https:\\\/\\\/secure.gravatar.com\\\/avatar\\\/55d0f3e325fe89ac5a5da1d31aeb70ad0aae4c315e69fcdc5faff813a4610e3c?s=96&d=mm&r=g\",\"url\":\"https:\\\/\\\/secure.gravatar.com\\\/avatar\\\/55d0f3e325fe89ac5a5da1d31aeb70ad0aae4c315e69fcdc5faff813a4610e3c?s=96&d=mm&r=g\",\"contentUrl\":\"https:\\\/\\\/secure.gravatar.com\\\/avatar\\\/55d0f3e325fe89ac5a5da1d31aeb70ad0aae4c315e69fcdc5faff813a4610e3c?s=96&d=mm&r=g\",\"caption\":\"Esupport\"},\"sameAs\":[\"http:\\\/\\\/bas-tv.md\"],\"url\":\"https:\\\/\\\/bas-tv.md\\\/ro\\\/author\\\/esupport\\\/\"}]}<\/script>\n<!-- \/ Yoast SEO plugin. -->","yoast_head_json":{"title":"Via\u021ba \u00een culori- arta din inima lui Mihail Kad\u00e2n - BasTV","robots":{"index":"index","follow":"follow","max-snippet":"max-snippet:-1","max-image-preview":"max-image-preview:large","max-video-preview":"max-video-preview:-1"},"canonical":"https:\/\/bas-tv.md\/ro\/viata-in-culori-arta-din-inima-lui-mihail-kadan\/","og_locale":"ro_RO","og_type":"article","og_title":"Via\u021ba \u00een culori- arta din inima lui Mihail Kad\u00e2n - BasTV","og_description":"MIHAIL KAD\u00c2N PICTOR &nbsp; -\u00cen scaunul cu rotile sunt de la 16 ani, am o traum\u0103 din copil\u0103rie, m-au salvat \u00eent\u00e2mpl\u0103tor iar cu v\u00e2rsta s-a \u00eenr\u0103ut\u0103\u021bit situa\u021bia. &nbsp; &nbsp; &nbsp; \u00cen holul de la etajul II al prim\u0103riei ora\u0219ului Basarabeasca a fost lansat vernisajul tablourilor pictorului Mihail Cad\u00e2n. MIHAIL KAD\u00c2N PICTOR &nbsp; -\u00cen iulie m-am [&hellip;]","og_url":"https:\/\/bas-tv.md\/ro\/viata-in-culori-arta-din-inima-lui-mihail-kadan\/","og_site_name":"BasTV","article_published_time":"2018-11-01T14:53:57+00:00","author":"Esupport","twitter_card":"summary_large_image","twitter_misc":{"Scris de":"Esupport","Timp estimat pentru citire":"3 minute"},"schema":{"@context":"https:\/\/schema.org","@graph":[{"@type":"Article","@id":"https:\/\/bas-tv.md\/ro\/viata-in-culori-arta-din-inima-lui-mihail-kadan\/#article","isPartOf":{"@id":"https:\/\/bas-tv.md\/ro\/viata-in-culori-arta-din-inima-lui-mihail-kadan\/"},"author":{"name":"Esupport","@id":"https:\/\/bas-tv.md\/ro\/#\/schema\/person\/4f21c563b50bfad270be76166cfd8ec8"},"headline":"Via\u021ba \u00een culori- arta din inima lui Mihail Kad\u00e2n","datePublished":"2018-11-01T14:53:57+00:00","mainEntityOfPage":{"@id":"https:\/\/bas-tv.md\/ro\/viata-in-culori-arta-din-inima-lui-mihail-kadan\/"},"wordCount":524,"commentCount":0,"publisher":{"@id":"https:\/\/bas-tv.md\/ro\/#organization"},"image":{"@id":"https:\/\/bas-tv.md\/ro\/viata-in-culori-arta-din-inima-lui-mihail-kadan\/#primaryimage"},"thumbnailUrl":"","articleSection":["Emisiuni","\u041e\u0431\u0449\u0435\u0441\u0442\u0432\u043e"],"inLanguage":"ro-RO","potentialAction":[{"@type":"CommentAction","name":"Comment","target":["https:\/\/bas-tv.md\/ro\/viata-in-culori-arta-din-inima-lui-mihail-kadan\/#respond"]}]},{"@type":"WebPage","@id":"https:\/\/bas-tv.md\/ro\/viata-in-culori-arta-din-inima-lui-mihail-kadan\/","url":"https:\/\/bas-tv.md\/ro\/viata-in-culori-arta-din-inima-lui-mihail-kadan\/","name":"Via\u021ba \u00een culori- arta din inima lui Mihail Kad\u00e2n - BasTV","isPartOf":{"@id":"https:\/\/bas-tv.md\/ro\/#website"},"primaryImageOfPage":{"@id":"https:\/\/bas-tv.md\/ro\/viata-in-culori-arta-din-inima-lui-mihail-kadan\/#primaryimage"},"image":{"@id":"https:\/\/bas-tv.md\/ro\/viata-in-culori-arta-din-inima-lui-mihail-kadan\/#primaryimage"},"thumbnailUrl":"","datePublished":"2018-11-01T14:53:57+00:00","inLanguage":"ro-RO","potentialAction":[{"@type":"ReadAction","target":["https:\/\/bas-tv.md\/ro\/viata-in-culori-arta-din-inima-lui-mihail-kadan\/"]}]},{"@type":"ImageObject","inLanguage":"ro-RO","@id":"https:\/\/bas-tv.md\/ro\/viata-in-culori-arta-din-inima-lui-mihail-kadan\/#primaryimage","url":"","contentUrl":""},{"@type":"WebSite","@id":"https:\/\/bas-tv.md\/ro\/#website","url":"https:\/\/bas-tv.md\/ro\/","name":"BasTV","description":"Moldova","publisher":{"@id":"https:\/\/bas-tv.md\/ro\/#organization"},"potentialAction":[{"@type":"SearchAction","target":{"@type":"EntryPoint","urlTemplate":"https:\/\/bas-tv.md\/ro\/?s={search_term_string}"},"query-input":{"@type":"PropertyValueSpecification","valueRequired":true,"valueName":"search_term_string"}}],"inLanguage":"ro-RO"},{"@type":"Organization","@id":"https:\/\/bas-tv.md\/ro\/#organization","name":"BasTV","url":"https:\/\/bas-tv.md\/ro\/","logo":{"@type":"ImageObject","inLanguage":"ro-RO","@id":"https:\/\/bas-tv.md\/ro\/#\/schema\/logo\/image\/","url":"https:\/\/bas-tv.md\/wp-content\/uploads\/2023\/05\/bas-tv-culoarea-rosie.png","contentUrl":"https:\/\/bas-tv.md\/wp-content\/uploads\/2023\/05\/bas-tv-culoarea-rosie.png","width":202,"height":50,"caption":"BasTV"},"image":{"@id":"https:\/\/bas-tv.md\/ro\/#\/schema\/logo\/image\/"}},{"@type":"Person","@id":"https:\/\/bas-tv.md\/ro\/#\/schema\/person\/4f21c563b50bfad270be76166cfd8ec8","name":"Esupport","image":{"@type":"ImageObject","inLanguage":"ro-RO","@id":"https:\/\/secure.gravatar.com\/avatar\/55d0f3e325fe89ac5a5da1d31aeb70ad0aae4c315e69fcdc5faff813a4610e3c?s=96&d=mm&r=g","url":"https:\/\/secure.gravatar.com\/avatar\/55d0f3e325fe89ac5a5da1d31aeb70ad0aae4c315e69fcdc5faff813a4610e3c?s=96&d=mm&r=g","contentUrl":"https:\/\/secure.gravatar.com\/avatar\/55d0f3e325fe89ac5a5da1d31aeb70ad0aae4c315e69fcdc5faff813a4610e3c?s=96&d=mm&r=g","caption":"Esupport"},"sameAs":["http:\/\/bas-tv.md"],"url":"https:\/\/bas-tv.md\/ro\/author\/esupport\/"}]}},"views":282,"_links":{"self":[{"href":"https:\/\/bas-tv.md\/ro\/wp-json\/wp\/v2\/posts\/5944","targetHints":{"allow":["GET"]}}],"collection":[{"href":"https:\/\/bas-tv.md\/ro\/wp-json\/wp\/v2\/posts"}],"about":[{"href":"https:\/\/bas-tv.md\/ro\/wp-json\/wp\/v2\/types\/post"}],"author":[{"embeddable":true,"href":"https:\/\/bas-tv.md\/ro\/wp-json\/wp\/v2\/users\/1"}],"replies":[{"embeddable":true,"href":"https:\/\/bas-tv.md\/ro\/wp-json\/wp\/v2\/comments?post=5944"}],"version-history":[{"count":0,"href":"https:\/\/bas-tv.md\/ro\/wp-json\/wp\/v2\/posts\/5944\/revisions"}],"wp:featuredmedia":[{"embeddable":true,"href":"https:\/\/bas-tv.md\/ro\/wp-json\/"}],"wp:attachment":[{"href":"https:\/\/bas-tv.md\/ro\/wp-json\/wp\/v2\/media?parent=5944"}],"wp:term":[{"taxonomy":"category","embeddable":true,"href":"https:\/\/bas-tv.md\/ro\/wp-json\/wp\/v2\/categories?post=5944"},{"taxonomy":"post_tag","embeddable":true,"href":"https:\/\/bas-tv.md\/ro\/wp-json\/wp\/v2\/tags?post=5944"}],"curies":[{"name":"wp","href":"https:\/\/api.w.org\/{rel}","templated":true}]}}