{"id":6969,"date":"2019-03-27T08:38:09","date_gmt":"2019-03-27T06:38:09","guid":{"rendered":"https:\/\/bas-tv.md\/?p=6969"},"modified":"2019-03-27T08:38:09","modified_gmt":"2019-03-27T06:38:09","slug":"inactivi-tinerii-impotriva-merelor-stricate-din-politica-moldoveneasca","status":"publish","type":"post","link":"https:\/\/bas-tv.md\/ro\/inactivi-tinerii-impotriva-merelor-stricate-din-politica-moldoveneasca\/","title":{"rendered":"(IN)ACTIVI. Tinerii \u00eempotriva merelor stricate din politica moldoveneasc\u0103"},"content":{"rendered":"\n<p>\u00cenc\u0103 o rund\u0103 de alegeri a avut loc, la\ncare pu\u021bini tineri cu v\u00e2rste cuprinse \u00eentre 18-25 de ani au preferat s\u0103\nparticipe. Nu au \u00eent\u00e2rziat nici \u0219tirile \u00een care tinerii au fost numi\u021bi pasivi,\nlene\u0219i sau indiferen\u021bi de a-\u0219i decide viitorul.&nbsp;\n<\/p>\n\n\n\n<p>\u00cens\u0103, lucrurile nu sunt mereu a\u0219a. <\/p>\n\n\n\n<p>Irina Iacoban, o t\u00e2n\u0103r\u0103 activ\u0103 din\nChi\u0219in\u0103u, nu a mers s\u0103 voteze, pentru c\u0103, spune ea, nu are din ce alege. \u201eDac\u0103\npe mas\u0103 ai mai multe mere stricate, tu pe care-l alegi? De obicei, a\u0219a sun\u0103\n\u00eentrebarea, dar eu nu vreau s\u0103-mi aleg niciun m\u0103r. La ce bun s\u0103-mi stric\ns\u0103n\u0103tatea?\u201d, se \u00eentreab\u0103 t\u00e2n\u0103ra.<\/p>\n\n\n\n<div class=\"wp-block-image\"><figure class=\"alignleft is-resized\"><img decoding=\"async\" src=\"https:\/\/bas-tv.md\/wp-content\/uploads\/2019\/03\/infografic-1024x483.png\" alt=\"\" class=\"wp-image-6970\" width=\"304\" height=\"143\"\/><\/figure><\/div>\n\n\n\n<p>                                               <strong>\u201eDominat de pesimism \u0219i nemul\u021bumire, reproduc\u00e2nd prejudec\u0103\u021bile \u0219i intoleran\u021ba genera\u021biilor anterioare\u201d. Acesta este portretul t\u00e2n\u0103rului din Republica Moldova, potrivit unui studiu realizat la ini\u021biativa Funda\u021biei Soros-Moldova, \u00een anul 2017.<\/strong><\/p>\n\n\n\n<p><strong>Exper\u021bii\nau constatat c\u0103 tinerii din Republica Moldova au o percep\u021bie negativ\u0103 fa\u021b\u0103 de\npolitic\u0103 \u0219i o consider\u0103 \u201emurdar\u0103\u201d. <\/strong><\/p>\n\n\n\n<p><strong>\u201eNu\npo\u021bi s\u0103 faci nimic din interior dac\u0103 nu te m\u00e2nje\u0219ti \u0219i tu\u201d, consider\u0103 mai mul\u021bi\ntineri intervieva\u021bi la realizarea studiului. Politica devine, deci, o cale de\nschimbare refuzat\u0103. Desigur, la aceast\u0103 stare de fapt contribuie \u0219i modul de\nfunc\u021bionare a partidelor politice. Dar refuzul politicii nu este o solu\u021bie\nfezabil\u0103 pentru o democra\u021bie, ci se transform\u0103 \u00eentr-o abandonare a democra\u021biei\n\u00een sine, constat\u0103 autorii <\/strong><a href=\"http:\/\/soros.md\/files\/publications\/documents\/Implicarea%20tinerilor%20schimbare%20pozitiva%20%28april%202017%29.pdf\"><strong>studiului<\/strong><\/a><strong>. <\/strong><\/p>\n\n\n\n<p><strong>\u201eInstitu\u021biile de stat neutralizeaz\u0103 activismul\u201d<\/strong><\/p>\n\n\n\n<p>Mul\u021bi sunt cei care spun c\u0103 rata sc\u0103zut\u0103\nde participare la alegeri a tinerilor este cauzat\u0103 de faptul c\u0103 sunt\nindiferen\u021bi sau neinforma\u021bi, sau mai r\u0103u \u2013 sunt prea lene\u0219i ca s\u0103 mearg\u0103 la vot\nduminic\u0103. Aceste afirma\u021bii, \u00eens\u0103, sunt negate de Irina Iacoban, o t\u00e2n\u0103r\u0103 activ\u0103\n\u0219i implicat\u0103 \u00een via\u021ba social\u0103 din \u021bar\u0103. Cu p\u0103rul de un verde de smarald, care\nse deschide spre v\u00e2rfuri \u0219i cu ochii de un verde senin, prive\u0219te spre geam cum\nse mi\u0219c\u0103 gr\u0103bite automobilele \u0219i se preg\u0103te\u0219te s\u0103 se \u00eent\u00e2lneasc\u0103 cu trei\nenglezi care au venit s\u0103 vad\u0103 cum se tr\u0103ie\u0219te \u00een Moldova. Mai are 20 de minute\np\u00e2n\u0103 la ora 12.00. Respir\u0103 ad\u00e2nc \u0219i \u00eencearc\u0103 s\u0103-\u0219i fac\u0103 ordine \u00een g\u00e2nduri. Este\no nou\u0103 duminic\u0103 \u00een care face excursii gratuite prin centrul Chi\u0219in\u0103ului.<\/p>\n\n\n\n<div class=\"wp-block-image\"><figure class=\"alignright is-resized\"><img decoding=\"async\" src=\"https:\/\/bas-tv.md\/wp-content\/uploads\/2019\/03\/Irina-1000x504.jpg\" alt=\"\" class=\"wp-image-6972\" width=\"279\" height=\"141\"\/><\/figure><\/div>\n\n\n\n<p>Irina lucreaz\u0103 la o companie de IT din\nChi\u0219in\u0103u. Este responsabil\u0103 de comunicare. Asta \u00eei ocup\u0103 cea mai mare parte a\nzilei, dup\u0103 care seara merge s\u0103 se \u00eent\u00e2lneasc\u0103 cu prietenii sau s\u0103 citeasc\u0103 o\ncarte. \u201eC\u00e2nd am c\u00e2teva clipe libere, transmit mesaje \u0219i discut cu turi\u0219tii cu\ncare urmeaz\u0103 s\u0103 m\u0103 \u00eent\u00e2lnesc \u00een weekend\u201d, spune t\u00e2n\u0103ra. Se \u00eemplinesc deja doi\nani de c\u00e2nd, \u00eempreun\u0103 cu ni\u0219te prieteni, a decis s\u0103 organizeze tururi gratuite\npentru turi\u0219tii care vin \u00een Moldova. Astfel, \u00eencearc\u0103 s\u0103-i fac\u0103 pe str\u0103ini s\u0103\ndescopere pu\u021binele locuri frumoase de la noi. Pe l\u00e2ng\u0103 aceasta, t\u00e2n\u0103ra mai\ncolaboreaz\u0103 cu o organiza\u021bie non-guvernamental\u0103, care \u00ee\u0219i propune s\u0103 \u00eencurajeze\nfemeile rome s\u0103 se implice \u00een politic\u0103 \u0219i s\u0103 se fac\u0103 auzite.<\/p>\n\n\n\n<figure class=\"wp-block-embed-youtube wp-block-embed is-type-video is-provider-youtube wp-embed-aspect-16-9 wp-has-aspect-ratio\"><div class=\"wp-block-embed__wrapper\">\nhttps:\/\/www.youtube.com\/watch?v=ThrHGEYMdKc\n<\/div><\/figure>\n\n\n\n<p>Irina m\u0103rturise\u0219te c\u0103 este o sarcin\u0103\ndificil\u0103 \u0219i extenuant\u0103 s\u0103 fii un t\u00e2n\u0103r activ. Te implici, lucrezi \u00een timpul t\u0103u\nliber, visezi s\u0103 schimbi spre bine via\u021ba oamenilor din comunitatea ta, iar,\nuneori, drept r\u0103spuns prime\u0219ti un \u201ee\u0219ti ciudat\u201d sau te \u00eentreab\u0103 dac\u0103 faci asta\npentru c\u0103 nu ai alte ocupa\u021bii. \u201eNum\u0103rul tinerilor activi se reduce \u00een fiecare\nan. Mul\u021bi au plecat deja din \u021bar\u0103, iar mul\u021bi dintre cei care au r\u0103mas s-au\nangajat la institu\u021biile de stat, care le-au neutralizat activismul\u201d, constat\u0103\nIrina.<\/p>\n\n\n\n<p><strong>\u201eIluzia c\u0103 alegi\u201d<\/strong><\/p>\n\n\n\n<p>Prin fiecare ac\u021biune, Irina \u00eencearc\u0103\ns\u0103-i fac\u0103 pe oamenii din jur s\u0103 \u00een\u021beleag\u0103 c\u00e2t de frumos este acest \u201epetic de\np\u0103m\u00e2nt\u201d. Totu\u0219i, este dezam\u0103git\u0103 c\u0103 lucrurile frumoase care s-ar putea petrece\naici sunt umbrite de c\u0103tre politicieni. \u0218i acest lucru alung\u0103 de acas\u0103 tot mai\nmul\u021bi tineri, care nu vor vrea s\u0103 revin\u0103 nici m\u0103car dac\u0103 ar exista mai multe\nlocuri de munc\u0103 bine pl\u0103tite, constat\u0103 ea. \u201ePoliticienii \u00eendep\u0103rteaz\u0103\npoten\u021bialul viitorului nostru\u201d.<\/p>\n\n\n\n<figure class=\"wp-block-embed\"><div class=\"wp-block-embed__wrapper\">\n<iframe src=\"https:\/\/cdn.knightlab.com\/libs\/timeline3\/latest\/embed\/index.html?source=1NCBhIqrXWvbUKoyBQ7MWbUC0pThOwByZ9fibtXmdpug&amp;font=Default&amp;lang=ro&amp;initial_zoom=2&amp;height=650&amp;fbclid=IwAR0Ro_-qqL55-J4SGoWpqt8VaKixRPy5-KULNZPbTPpbIAz-uEfggLeWpEE'\" width=\"700\" height=\"700\" frameborder=\"0\"><\/iframe>\n<\/div><\/figure>\n\n\n\n<p>C\u00e2nd este \u00eentrebat\u0103 dac\u0103 s-a g\u00e2ndit\nc\u00e2ndva s\u0103 plece din \u021bar\u0103, Irina Iacoban \u00ee\u0219i \u00eentoarce privirea pe-o secund\u0103 \u0219i\nz\u00e2mbe\u0219te cu col\u021bul buzelor. \u201eM-am g\u00e2ndit de foarte multe ori s\u0103 plec \u0219i am fost\nplecat\u0103, dar pe perioade scurte. P\u00e2n\u0103 la urm\u0103, mereu m\u0103 \u00eentorc\u201d, spune ea. Asta\n\u00een pofida faptului c\u0103 zilnic se ciocne\u0219te cu realit\u0103\u021bile sumbre din \u021bar\u0103.\nP\u0103\u0219e\u0219te prin gropile pline cu ap\u0103 \u0219i noroiul ce porne\u0219te de la construc\u021biile \u0219i\nrepara\u021biile care nu mai au un sf\u00e2r\u0219it. Trece pe l\u00e2ng\u0103 boschetarii care stau cu\nm\u00e2na \u00eentins\u0103 \u0219i b\u0103tr\u00e2nii care v\u00e2nd tot ce mai au prin cas\u0103 pentru a-\u0219i cump\u0103ra\no p\u00e2ine. <\/p>\n\n\n\n<p>\u201eDe parc\u0103 tr\u0103im \u00eentr-o gaur\u0103 care nu mai\nare cap\u0103t\u201d, adaug\u0103 ea. Oamenii, \u00een special din zonele rurale, sunt la limita\ns\u0103r\u0103ciei, iar c\u00e2nd te ui\u021bi la televizor \u0219i c\u00e2nd televiziunile afiliate politic\n\u00ee\u021bi prezint\u0103 o idil\u0103 unde \u201eto\u021bi frumo\u0219ii ace\u0219tia (politicienii) merg \u0219i fac\nfotografii cum taie unui om ni\u0219te lemne sau aduc o c\u0103ldare de ap\u0103. E a\u0219a un\ncirc, c\u0103 \u00ee\u021bi vine s\u0103 pl\u00e2ngi de jale\u201d, \u00eenghite \u00een sec, \u00eencerc\u00e2nd s\u0103-\u0219i\nst\u0103p\u00e2neasc\u0103 nemul\u021bumirea. <\/p>\n\n\n\n<figure class=\"wp-block-image\"><img decoding=\"async\" src=\"https:\/\/bas-tv.md\/wp-content\/uploads\/2019\/03\/e69ca8afc05ba518451b0b0d3c7d045f.jpg\" alt=\"\" class=\"wp-image-6980\"\/><\/figure>\n\n\n\n<p>Constat\u0103 cu triste\u021be c\u0103 \u201edemocra\u021bia\u201d\neste ceva efemer \u0219i nedefinit \u00een Moldova \u0219i nu doar. Cea mai recent\u0103 dovad\u0103 a\nacestui fapt, spune Irina, au fost alegerile locale din 2018, c\u00e2nd rezultatele\nalegerilor locale din Capital\u0103 nu au fost validate \u0219i \u201ecei care au interese au\nf\u0103cut tot ce au dorit, arunc\u00e2nd la gunoi decizia poporului. Cred c\u0103 acest\nproces a ar\u0103tat ce fel de democra\u021bie avem \u00een \u021bar\u0103 \u0219i c\u00e2t de corupte sunt\ninstitu\u021biile care ar trebui s\u0103 fie cumva neutre fa\u021b\u0103 de puterea politic\u0103\u201d,\nspune ea. Acest lucru o face s\u0103 cread\u0103 c\u0103 ideea c\u0103 noi alegem viitorul, \u00een\nacest moment, nu este dec\u00e2t o iluzie.<\/p>\n\n\n\n<p>\u201eCe m-ar face s\u0103 merg la alegeri? Cred\nc\u0103 atunci c\u00e2nd arena noastr\u0103 politic\u0103 va fi&nbsp;\nmai curat\u0103, nu inocent\u0103, dar mai curat\u0103; c\u00e2nd nu se vor cheltui milioane\nde lei pentru campaniile electorale\u2026\u201d, a\u0219a r\u0103spunde Irina Iacoban la \u00eentrebarea\ndac\u0103 va vota, totu\u0219i, vreodat\u0103. \u0218i \u021bine s\u0103 precizeze c\u0103 deocamdat\u0103 nu merge la\nalegeri nu pentru c\u0103 nu-i pas\u0103 sau pentru c\u0103 nu este bine informat\u0103, ci pentru\nc\u0103 nu-i place s\u0103 r\u0103scoleasc\u0103 prin \u201emizeria politic\u0103\u201d \u0219i s\u0103 aleag\u0103 \u201er\u0103ul mai\nmic\u201d.<\/p>\n\n\n\n<figure class=\"wp-block-embed-soundcloud wp-block-embed is-type-rich is-provider-soundcloud wp-embed-aspect-4-3 wp-has-aspect-ratio\"><div class=\"wp-block-embed__wrapper\">\n<iframe title=\"Ce-i face pe tineri personaje pasive la alegeri. Interviu cu Irina Corobcenco, Asocia\u021bia Promo-LEX by Podcast Oameni\" width=\"580\" height=\"400\" scrolling=\"no\" frameborder=\"no\" src=\"https:\/\/w.soundcloud.com\/player\/?visual=true&#038;url=https%3A%2F%2Fapi.soundcloud.com%2Ftracks%2F585734670&#038;show_artwork=true&#038;maxheight=870&#038;maxwidth=580\"><\/iframe>\n<\/div><\/figure>\n\n\n\n<p><em>\u201eAm\nconstatat pe parcurs c\u0103, de fapt, persist\u0103 o decep\u021bie general\u0103 fa\u021b\u0103 de\ndeciden\u021bii politici care de cele mai multe ori evit\u0103 sau pur \u0219i simplu nu atrag\no aten\u021bie foarte mare politicilor pentru tineret. Tinerii sunt aborda\u021bi doar \u00een\ncampaniile electorale sau \u00een apropierea campaniilor electorale\u2026 A\u0219 evita, \u00een\ngeneral, s\u0103-i consider lene\u0219i. Pentru c\u0103 \u00een opinia mea, a fi lene\u0219 \u0219i a fi\ndezinteresat sunt, totu\u0219i, dou\u0103 lucruri total diferite. Pot s\u0103 fie foarte bine\ninforma\u021bi, dar s\u0103 nu participe la alegeri \u0219i prin aceasta s\u0103 vrea s\u0103 dea un\nsemn de alarm\u0103 pentru deciden\u021bii politici. Sau pot s\u0103 fie foarte bine\ninforma\u021bi, dar nereg\u0103sindu-\u0219i o op\u021biune pe care ar considera-o potrivit\u0103,\niar\u0103\u0219i, evit\u0103 s\u0103 fac\u0103 acest efort s\u0103 mearg\u0103 s\u0103 pun\u0103 \u0219tampila pe buletinul de\nvot\u201d, sus\u021bine Irina Corobcenco, manager de programe educa\u021bionale la Asocia\u021bia\nPromo-LEX.<\/em><\/p>\n\n\n\n<p>La 15 februarie curent, cu nou\u0103 zile\n\u00eenainte de alegeri, 21 de tineri \u0219i tinere s-au ales cu titlul de Super Erou al\nMoldovei, acordat, \u00een cadrul unei Gale organizate de Centrul Interna\u021bional\nAntiDrog \u0219i Centrul Na\u021bional al Tineretului iYoung. Moldova.org a profitat de\nocazie \u0219i i-a \u00eentrebat pe unii dintre premian\u021bi care este, \u00een opinia lor, rolul\ntinerilor \u00een via\u021ba unei \u021b\u0103ri \u0219i dac\u0103 vor merge la vot pe 24 februarie.<\/p>\n\n\n\n<figure class=\"wp-block-embed-youtube wp-block-embed is-type-video is-provider-youtube wp-embed-aspect-16-9 wp-has-aspect-ratio\"><div class=\"wp-block-embed__wrapper\">\nhttps:\/\/www.youtube.com\/watch?v=WQyIzMuerCQ\n<\/div><\/figure>\n\n\n\n<p>Citate cu tineri: <\/p>\n\n\n\n<blockquote class=\"wp-block-quote is-layout-flow wp-block-quote-is-layout-flow\"><p> <br>\u201eVotul t\u00e2n\u0103rului conteaz\u0103. Noi suntem majoritatea \u0219i anume noi, tinerii, ne alegem viitorul.\u201d &#8211; Eugen Nicov, actor <\/p><\/blockquote>\n\n\n\n<blockquote class=\"wp-block-quote is-layout-flow wp-block-quote-is-layout-flow\"><p>  \u201eTrebuie s\u0103 avem grij\u0103 de acest petic de p\u0103m\u00e2nt \u0219i s\u0103 lu\u0103m deciziile corecte, care s\u0103 ne plac\u0103.\u201d &#8211; Veaceslav \u0218aramet, secretar de stat  <\/p><cite> <br> <\/cite><\/blockquote>\n\n\n\n<blockquote class=\"wp-block-quote is-layout-flow wp-block-quote-is-layout-flow\"><p>\u201eAcest drept \u00eel are fiecare cet\u0103\u021bean al Republicii Moldova \u0219i acest drept trebuie folosit, pentru c\u0103 a\u0219a ne facem vocile auzite.\u201d &#8211; Pavel Obreja, sculptor<\/p><\/blockquote>\n\n\n\n<blockquote class=\"wp-block-quote is-layout-flow wp-block-quote-is-layout-flow\"><p>&nbsp;\u201eVotul conteaz\u0103 pentru mine \u0219i pentru \u021bar\u0103. Trebuie s\u0103 vot\u0103m pentru a-i \u00eenl\u0103tura de la putere pe cei care nu fac nimic.\u201d &#8211; Nadejda Can\u021b\u00eer, sportiv\u0103<\/p><\/blockquote>\n\n\n\n<p><\/p>\n\n\n\n<p><\/p>\n\n\n\n<blockquote class=\"wp-block-quote is-layout-flow wp-block-quote-is-layout-flow\"><p>\u201eRolul t\u00e2n\u0103rului e de a dezvolta \u021bara prin faptul c\u0103 se dezvolt\u0103 ca o personalitate \u0219i ulterior s\u0103 poat\u0103 aduce schimbarea.\u201d &#8211; Vlad Andreev, fotograf<\/p><\/blockquote>\n\n\n\n<blockquote class=\"wp-block-quote is-layout-flow wp-block-quote-is-layout-flow\"><p>\u201eTrebuie s\u0103 facem alegerea. Dac\u0103 noi vom lucra, \u0219i deputa\u021bii vor fi nevoi\u021bi s\u0103 lucreze pentru noi, poporul.\u201d &#8211; \u0218tefan Nahaba, produc\u0103tor video<\/p><\/blockquote>\n\n\n\n<p>\u00cencep\u00e2nd cu 2014, nu a trecut niciun an\n\u00een care moldovenii s\u0103 nu fie chema\u021bi la alegeri, fie acestea locale sau\ngenerale. P\u00e2n\u0103 la sf\u00e2r\u0219itul lui 2019, cet\u0103\u021benii Republicii Moldova vor fi din\nnou supu\u0219i testului de a alege, doar c\u0103 de aceast\u0103 dat\u0103 \u2013 primarii. Ei vor\ntrebui s\u0103 decid\u0103 c\u0103ror promisiuni s\u0103 dea crezare \u0219i pentru care dintre \u201emerele\u201d\ndin politic\u0103 s\u0103 voteze. Vor reu\u0219i sau nu alegerile locale s\u0103-i mobilizeze pe\ntineri, urmeaz\u0103 s\u0103 vedem\u2026<\/p>\n\n\n\n<p>Autor: Tatiana Beghiu, Moldova.org <\/p>\n","protected":false},"excerpt":{"rendered":"<p>\u00cenc\u0103 o rund\u0103 de alegeri a avut loc, la care pu\u021bini tineri cu v\u00e2rste cuprinse \u00eentre 18-25 de ani au preferat s\u0103 participe. Nu au \u00eent\u00e2rziat nici \u0219tirile \u00een care tinerii au fost numi\u021bi pasivi, lene\u0219i sau indiferen\u021bi de a-\u0219i decide viitorul.&nbsp; \u00cens\u0103, lucrurile nu sunt mereu a\u0219a. Irina Iacoban, o t\u00e2n\u0103r\u0103 activ\u0103 din Chi\u0219in\u0103u, [&hellip;]<\/p>\n","protected":false},"author":1,"featured_media":1516,"comment_status":"open","ping_status":"open","sticky":false,"template":"","format":"standard","meta":{"footnotes":""},"categories":[202,198],"tags":[],"class_list":["post-6969","post","type-post","status-publish","format-standard","has-post-thumbnail","hentry","category-emisiuni-ro","category-social"],"yoast_head":"<!-- This site is optimized with the Yoast SEO plugin v27.5 - https:\/\/yoast.com\/product\/yoast-seo-wordpress\/ -->\n<title>(IN)ACTIVI. Tinerii \u00eempotriva merelor stricate din politica moldoveneasc\u0103 - BasTV<\/title>\n<meta name=\"robots\" content=\"index, follow, max-snippet:-1, max-image-preview:large, max-video-preview:-1\" \/>\n<link rel=\"canonical\" href=\"https:\/\/bas-tv.md\/ro\/inactivi-tinerii-impotriva-merelor-stricate-din-politica-moldoveneasca\/\" \/>\n<meta property=\"og:locale\" content=\"ro_RO\" \/>\n<meta property=\"og:type\" content=\"article\" \/>\n<meta property=\"og:title\" content=\"(IN)ACTIVI. Tinerii \u00eempotriva merelor stricate din politica moldoveneasc\u0103 - BasTV\" \/>\n<meta property=\"og:description\" content=\"\u00cenc\u0103 o rund\u0103 de alegeri a avut loc, la care pu\u021bini tineri cu v\u00e2rste cuprinse \u00eentre 18-25 de ani au preferat s\u0103 participe. Nu au \u00eent\u00e2rziat nici \u0219tirile \u00een care tinerii au fost numi\u021bi pasivi, lene\u0219i sau indiferen\u021bi de a-\u0219i decide viitorul.&nbsp; \u00cens\u0103, lucrurile nu sunt mereu a\u0219a. Irina Iacoban, o t\u00e2n\u0103r\u0103 activ\u0103 din Chi\u0219in\u0103u, [&hellip;]\" \/>\n<meta property=\"og:url\" content=\"https:\/\/bas-tv.md\/ro\/inactivi-tinerii-impotriva-merelor-stricate-din-politica-moldoveneasca\/\" \/>\n<meta property=\"og:site_name\" content=\"BasTV\" \/>\n<meta property=\"article:published_time\" content=\"2019-03-27T06:38:09+00:00\" \/>\n<meta name=\"author\" content=\"Esupport\" \/>\n<meta name=\"twitter:card\" content=\"summary_large_image\" \/>\n<meta name=\"twitter:label1\" content=\"Scris de\" \/>\n\t<meta name=\"twitter:data1\" content=\"Esupport\" \/>\n\t<meta name=\"twitter:label2\" content=\"Timp estimat pentru citire\" \/>\n\t<meta name=\"twitter:data2\" content=\"9 minute\" \/>\n<script type=\"application\/ld+json\" class=\"yoast-schema-graph\">{\"@context\":\"https:\\\/\\\/schema.org\",\"@graph\":[{\"@type\":\"Article\",\"@id\":\"https:\\\/\\\/bas-tv.md\\\/ro\\\/inactivi-tinerii-impotriva-merelor-stricate-din-politica-moldoveneasca\\\/#article\",\"isPartOf\":{\"@id\":\"https:\\\/\\\/bas-tv.md\\\/ro\\\/inactivi-tinerii-impotriva-merelor-stricate-din-politica-moldoveneasca\\\/\"},\"author\":{\"name\":\"Esupport\",\"@id\":\"https:\\\/\\\/bas-tv.md\\\/ro\\\/#\\\/schema\\\/person\\\/4f21c563b50bfad270be76166cfd8ec8\"},\"headline\":\"(IN)ACTIVI. Tinerii \u00eempotriva merelor stricate din politica moldoveneasc\u0103\",\"datePublished\":\"2019-03-27T06:38:09+00:00\",\"mainEntityOfPage\":{\"@id\":\"https:\\\/\\\/bas-tv.md\\\/ro\\\/inactivi-tinerii-impotriva-merelor-stricate-din-politica-moldoveneasca\\\/\"},\"wordCount\":1709,\"commentCount\":0,\"publisher\":{\"@id\":\"https:\\\/\\\/bas-tv.md\\\/ro\\\/#organization\"},\"image\":{\"@id\":\"https:\\\/\\\/bas-tv.md\\\/ro\\\/inactivi-tinerii-impotriva-merelor-stricate-din-politica-moldoveneasca\\\/#primaryimage\"},\"thumbnailUrl\":\"\",\"articleSection\":[\"Emisiuni\",\"Social\"],\"inLanguage\":\"ro-RO\",\"potentialAction\":[{\"@type\":\"CommentAction\",\"name\":\"Comment\",\"target\":[\"https:\\\/\\\/bas-tv.md\\\/ro\\\/inactivi-tinerii-impotriva-merelor-stricate-din-politica-moldoveneasca\\\/#respond\"]}]},{\"@type\":\"WebPage\",\"@id\":\"https:\\\/\\\/bas-tv.md\\\/ro\\\/inactivi-tinerii-impotriva-merelor-stricate-din-politica-moldoveneasca\\\/\",\"url\":\"https:\\\/\\\/bas-tv.md\\\/ro\\\/inactivi-tinerii-impotriva-merelor-stricate-din-politica-moldoveneasca\\\/\",\"name\":\"(IN)ACTIVI. Tinerii \u00eempotriva merelor stricate din politica moldoveneasc\u0103 - BasTV\",\"isPartOf\":{\"@id\":\"https:\\\/\\\/bas-tv.md\\\/ro\\\/#website\"},\"primaryImageOfPage\":{\"@id\":\"https:\\\/\\\/bas-tv.md\\\/ro\\\/inactivi-tinerii-impotriva-merelor-stricate-din-politica-moldoveneasca\\\/#primaryimage\"},\"image\":{\"@id\":\"https:\\\/\\\/bas-tv.md\\\/ro\\\/inactivi-tinerii-impotriva-merelor-stricate-din-politica-moldoveneasca\\\/#primaryimage\"},\"thumbnailUrl\":\"\",\"datePublished\":\"2019-03-27T06:38:09+00:00\",\"inLanguage\":\"ro-RO\",\"potentialAction\":[{\"@type\":\"ReadAction\",\"target\":[\"https:\\\/\\\/bas-tv.md\\\/ro\\\/inactivi-tinerii-impotriva-merelor-stricate-din-politica-moldoveneasca\\\/\"]}]},{\"@type\":\"ImageObject\",\"inLanguage\":\"ro-RO\",\"@id\":\"https:\\\/\\\/bas-tv.md\\\/ro\\\/inactivi-tinerii-impotriva-merelor-stricate-din-politica-moldoveneasca\\\/#primaryimage\",\"url\":\"\",\"contentUrl\":\"\"},{\"@type\":\"WebSite\",\"@id\":\"https:\\\/\\\/bas-tv.md\\\/ro\\\/#website\",\"url\":\"https:\\\/\\\/bas-tv.md\\\/ro\\\/\",\"name\":\"BasTV\",\"description\":\"Moldova\",\"publisher\":{\"@id\":\"https:\\\/\\\/bas-tv.md\\\/ro\\\/#organization\"},\"potentialAction\":[{\"@type\":\"SearchAction\",\"target\":{\"@type\":\"EntryPoint\",\"urlTemplate\":\"https:\\\/\\\/bas-tv.md\\\/ro\\\/?s={search_term_string}\"},\"query-input\":{\"@type\":\"PropertyValueSpecification\",\"valueRequired\":true,\"valueName\":\"search_term_string\"}}],\"inLanguage\":\"ro-RO\"},{\"@type\":\"Organization\",\"@id\":\"https:\\\/\\\/bas-tv.md\\\/ro\\\/#organization\",\"name\":\"BasTV\",\"url\":\"https:\\\/\\\/bas-tv.md\\\/ro\\\/\",\"logo\":{\"@type\":\"ImageObject\",\"inLanguage\":\"ro-RO\",\"@id\":\"https:\\\/\\\/bas-tv.md\\\/ro\\\/#\\\/schema\\\/logo\\\/image\\\/\",\"url\":\"https:\\\/\\\/bas-tv.md\\\/wp-content\\\/uploads\\\/2023\\\/05\\\/bas-tv-culoarea-rosie.png\",\"contentUrl\":\"https:\\\/\\\/bas-tv.md\\\/wp-content\\\/uploads\\\/2023\\\/05\\\/bas-tv-culoarea-rosie.png\",\"width\":202,\"height\":50,\"caption\":\"BasTV\"},\"image\":{\"@id\":\"https:\\\/\\\/bas-tv.md\\\/ro\\\/#\\\/schema\\\/logo\\\/image\\\/\"}},{\"@type\":\"Person\",\"@id\":\"https:\\\/\\\/bas-tv.md\\\/ro\\\/#\\\/schema\\\/person\\\/4f21c563b50bfad270be76166cfd8ec8\",\"name\":\"Esupport\",\"image\":{\"@type\":\"ImageObject\",\"inLanguage\":\"ro-RO\",\"@id\":\"https:\\\/\\\/bas-tv.md\\\/wp-content\\\/litespeed\\\/avatar\\\/a6da7df8f8fee4614ebedd144ba45091.jpg?ver=1776951604\",\"url\":\"https:\\\/\\\/bas-tv.md\\\/wp-content\\\/litespeed\\\/avatar\\\/a6da7df8f8fee4614ebedd144ba45091.jpg?ver=1776951604\",\"contentUrl\":\"https:\\\/\\\/bas-tv.md\\\/wp-content\\\/litespeed\\\/avatar\\\/a6da7df8f8fee4614ebedd144ba45091.jpg?ver=1776951604\",\"caption\":\"Esupport\"},\"sameAs\":[\"http:\\\/\\\/bas-tv.md\"],\"url\":\"https:\\\/\\\/bas-tv.md\\\/ro\\\/author\\\/esupport\\\/\"}]}<\/script>\n<!-- \/ Yoast SEO plugin. -->","yoast_head_json":{"title":"(IN)ACTIVI. Tinerii \u00eempotriva merelor stricate din politica moldoveneasc\u0103 - BasTV","robots":{"index":"index","follow":"follow","max-snippet":"max-snippet:-1","max-image-preview":"max-image-preview:large","max-video-preview":"max-video-preview:-1"},"canonical":"https:\/\/bas-tv.md\/ro\/inactivi-tinerii-impotriva-merelor-stricate-din-politica-moldoveneasca\/","og_locale":"ro_RO","og_type":"article","og_title":"(IN)ACTIVI. Tinerii \u00eempotriva merelor stricate din politica moldoveneasc\u0103 - BasTV","og_description":"\u00cenc\u0103 o rund\u0103 de alegeri a avut loc, la care pu\u021bini tineri cu v\u00e2rste cuprinse \u00eentre 18-25 de ani au preferat s\u0103 participe. Nu au \u00eent\u00e2rziat nici \u0219tirile \u00een care tinerii au fost numi\u021bi pasivi, lene\u0219i sau indiferen\u021bi de a-\u0219i decide viitorul.&nbsp; \u00cens\u0103, lucrurile nu sunt mereu a\u0219a. Irina Iacoban, o t\u00e2n\u0103r\u0103 activ\u0103 din Chi\u0219in\u0103u, [&hellip;]","og_url":"https:\/\/bas-tv.md\/ro\/inactivi-tinerii-impotriva-merelor-stricate-din-politica-moldoveneasca\/","og_site_name":"BasTV","article_published_time":"2019-03-27T06:38:09+00:00","author":"Esupport","twitter_card":"summary_large_image","twitter_misc":{"Scris de":"Esupport","Timp estimat pentru citire":"9 minute"},"schema":{"@context":"https:\/\/schema.org","@graph":[{"@type":"Article","@id":"https:\/\/bas-tv.md\/ro\/inactivi-tinerii-impotriva-merelor-stricate-din-politica-moldoveneasca\/#article","isPartOf":{"@id":"https:\/\/bas-tv.md\/ro\/inactivi-tinerii-impotriva-merelor-stricate-din-politica-moldoveneasca\/"},"author":{"name":"Esupport","@id":"https:\/\/bas-tv.md\/ro\/#\/schema\/person\/4f21c563b50bfad270be76166cfd8ec8"},"headline":"(IN)ACTIVI. Tinerii \u00eempotriva merelor stricate din politica moldoveneasc\u0103","datePublished":"2019-03-27T06:38:09+00:00","mainEntityOfPage":{"@id":"https:\/\/bas-tv.md\/ro\/inactivi-tinerii-impotriva-merelor-stricate-din-politica-moldoveneasca\/"},"wordCount":1709,"commentCount":0,"publisher":{"@id":"https:\/\/bas-tv.md\/ro\/#organization"},"image":{"@id":"https:\/\/bas-tv.md\/ro\/inactivi-tinerii-impotriva-merelor-stricate-din-politica-moldoveneasca\/#primaryimage"},"thumbnailUrl":"","articleSection":["Emisiuni","Social"],"inLanguage":"ro-RO","potentialAction":[{"@type":"CommentAction","name":"Comment","target":["https:\/\/bas-tv.md\/ro\/inactivi-tinerii-impotriva-merelor-stricate-din-politica-moldoveneasca\/#respond"]}]},{"@type":"WebPage","@id":"https:\/\/bas-tv.md\/ro\/inactivi-tinerii-impotriva-merelor-stricate-din-politica-moldoveneasca\/","url":"https:\/\/bas-tv.md\/ro\/inactivi-tinerii-impotriva-merelor-stricate-din-politica-moldoveneasca\/","name":"(IN)ACTIVI. Tinerii \u00eempotriva merelor stricate din politica moldoveneasc\u0103 - BasTV","isPartOf":{"@id":"https:\/\/bas-tv.md\/ro\/#website"},"primaryImageOfPage":{"@id":"https:\/\/bas-tv.md\/ro\/inactivi-tinerii-impotriva-merelor-stricate-din-politica-moldoveneasca\/#primaryimage"},"image":{"@id":"https:\/\/bas-tv.md\/ro\/inactivi-tinerii-impotriva-merelor-stricate-din-politica-moldoveneasca\/#primaryimage"},"thumbnailUrl":"","datePublished":"2019-03-27T06:38:09+00:00","inLanguage":"ro-RO","potentialAction":[{"@type":"ReadAction","target":["https:\/\/bas-tv.md\/ro\/inactivi-tinerii-impotriva-merelor-stricate-din-politica-moldoveneasca\/"]}]},{"@type":"ImageObject","inLanguage":"ro-RO","@id":"https:\/\/bas-tv.md\/ro\/inactivi-tinerii-impotriva-merelor-stricate-din-politica-moldoveneasca\/#primaryimage","url":"","contentUrl":""},{"@type":"WebSite","@id":"https:\/\/bas-tv.md\/ro\/#website","url":"https:\/\/bas-tv.md\/ro\/","name":"BasTV","description":"Moldova","publisher":{"@id":"https:\/\/bas-tv.md\/ro\/#organization"},"potentialAction":[{"@type":"SearchAction","target":{"@type":"EntryPoint","urlTemplate":"https:\/\/bas-tv.md\/ro\/?s={search_term_string}"},"query-input":{"@type":"PropertyValueSpecification","valueRequired":true,"valueName":"search_term_string"}}],"inLanguage":"ro-RO"},{"@type":"Organization","@id":"https:\/\/bas-tv.md\/ro\/#organization","name":"BasTV","url":"https:\/\/bas-tv.md\/ro\/","logo":{"@type":"ImageObject","inLanguage":"ro-RO","@id":"https:\/\/bas-tv.md\/ro\/#\/schema\/logo\/image\/","url":"https:\/\/bas-tv.md\/wp-content\/uploads\/2023\/05\/bas-tv-culoarea-rosie.png","contentUrl":"https:\/\/bas-tv.md\/wp-content\/uploads\/2023\/05\/bas-tv-culoarea-rosie.png","width":202,"height":50,"caption":"BasTV"},"image":{"@id":"https:\/\/bas-tv.md\/ro\/#\/schema\/logo\/image\/"}},{"@type":"Person","@id":"https:\/\/bas-tv.md\/ro\/#\/schema\/person\/4f21c563b50bfad270be76166cfd8ec8","name":"Esupport","image":{"@type":"ImageObject","inLanguage":"ro-RO","@id":"https:\/\/bas-tv.md\/wp-content\/litespeed\/avatar\/a6da7df8f8fee4614ebedd144ba45091.jpg?ver=1776951604","url":"https:\/\/bas-tv.md\/wp-content\/litespeed\/avatar\/a6da7df8f8fee4614ebedd144ba45091.jpg?ver=1776951604","contentUrl":"https:\/\/bas-tv.md\/wp-content\/litespeed\/avatar\/a6da7df8f8fee4614ebedd144ba45091.jpg?ver=1776951604","caption":"Esupport"},"sameAs":["http:\/\/bas-tv.md"],"url":"https:\/\/bas-tv.md\/ro\/author\/esupport\/"}]}},"views":260,"_links":{"self":[{"href":"https:\/\/bas-tv.md\/ro\/wp-json\/wp\/v2\/posts\/6969","targetHints":{"allow":["GET"]}}],"collection":[{"href":"https:\/\/bas-tv.md\/ro\/wp-json\/wp\/v2\/posts"}],"about":[{"href":"https:\/\/bas-tv.md\/ro\/wp-json\/wp\/v2\/types\/post"}],"author":[{"embeddable":true,"href":"https:\/\/bas-tv.md\/ro\/wp-json\/wp\/v2\/users\/1"}],"replies":[{"embeddable":true,"href":"https:\/\/bas-tv.md\/ro\/wp-json\/wp\/v2\/comments?post=6969"}],"version-history":[{"count":0,"href":"https:\/\/bas-tv.md\/ro\/wp-json\/wp\/v2\/posts\/6969\/revisions"}],"wp:featuredmedia":[{"embeddable":true,"href":"https:\/\/bas-tv.md\/ro\/wp-json\/"}],"wp:attachment":[{"href":"https:\/\/bas-tv.md\/ro\/wp-json\/wp\/v2\/media?parent=6969"}],"wp:term":[{"taxonomy":"category","embeddable":true,"href":"https:\/\/bas-tv.md\/ro\/wp-json\/wp\/v2\/categories?post=6969"},{"taxonomy":"post_tag","embeddable":true,"href":"https:\/\/bas-tv.md\/ro\/wp-json\/wp\/v2\/tags?post=6969"}],"curies":[{"name":"wp","href":"https:\/\/api.w.org\/{rel}","templated":true}]}}