{"id":70706,"date":"2017-05-19T05:28:00","date_gmt":"2017-05-19T05:28:00","guid":{"rendered":"https:\/\/bas-tv.md\/?p=1202\/"},"modified":"2017-05-19T05:28:00","modified_gmt":"2017-05-19T05:28:00","slug":"in-cautarea-unei-meserii-pentru-o-viata","status":"publish","type":"post","link":"https:\/\/bas-tv.md\/ro\/in-cautarea-unei-meserii-pentru-o-viata\/","title":{"rendered":"\u00cen c\u0103utarea unei meserii pentru o via\u021b\u0103"},"content":{"rendered":"<div class=\"section-inner sectionLayout--insetColumn\">\n<p id=\"0490\" class=\"graf graf--p graf-after--h3\"><strong class=\"markup--strong markup--p-strong\">Sistemul educa\u021bional din Republica Moldova nu-i prea ajut\u0103 pe tineri s\u0103-\u0219i aleag\u0103 profesia, astfel c\u0103 mul\u021bi opteaz\u0103 pentru una \u201ela mod\u0103\u201d, dar f\u0103r\u0103 cerere pe pia\u021ba muncii.<\/strong><\/p>\n<blockquote id=\"1fba\" class=\"graf graf--blockquote graf-after--p\"><p><strong class=\"markup--strong markup--blockquote-strong\"><em class=\"markup--em markup--blockquote-em\">Victoria Colesnic, moldova.org<\/em><\/strong><\/p><\/blockquote>\n<figure id=\"e035\" class=\"graf graf--figure graf-after--blockquote\">\n<div class=\"aspectRatioPlaceholder is-locked\">\n<div class=\"aspectRatioPlaceholder-fill\"><\/div>\n<div class=\"progressiveMedia js-progressiveMedia graf-image is-canvasLoaded is-imageLoaded\" data-image-id=\"1*KewkJNN4XycMQTuvMq1Gmg.jpeg\" data-width=\"2048\" data-height=\"1367\" data-action=\"zoom\" data-action-value=\"1*KewkJNN4XycMQTuvMq1Gmg.jpeg\" data-scroll=\"native\"><canvas class=\"progressiveMedia-canvas js-progressiveMedia-canvas\" width=\"75\" height=\"50\"><\/canvas><img decoding=\"async\" class=\"progressiveMedia-image js-progressiveMedia-image\" src=\"https:\/\/cdn-images-1.medium.com\/max\/800\/1*KewkJNN4XycMQTuvMq1Gmg.jpeg\" data-src=\"https:\/\/cdn-images-1.medium.com\/max\/800\/1*KewkJNN4XycMQTuvMq1Gmg.jpeg\" \/><\/div>\n<\/div><figcaption class=\"imageCaption\">Tinerii din Republica Moldova aleg meserii \u201ela mod\u0103\u201d, dar f\u0103r\u0103 cerere pe pia\u021ba muncii. \u0218coala profesional\u0103 nr. 2 din\u00a0Chi\u0219in\u0103u<\/figcaption><\/figure>\n<p id=\"baa7\" class=\"graf graf--p graf-after--figure\">O dat\u0103 la c\u00e2teva luni, Marilena acceseaz\u0103 pagina navigatorului Google \u0219i culege \u201ethe best jobs in the world\u201d (\u201ecele mai bune profesii din lume\u201d, trad. engl.). Peste 300 de milioane de rezultate \u00eei apar pe ecran \u00een mai pu\u021bin de un minut. \u201eDe obicei, citesc primele articole \u0219i fac o list\u0103 cu meseriile care cred c\u0103 mi se potrivesc\u201d, explic\u0103 t\u00e2n\u0103ra. Farmacist, chirurg, avocat, designer\u200a\u2014\u200aaceste profesii se reg\u0103sesc pe list\u0103 de fiecare dat\u0103.<\/p>\n<p id=\"6fc8\" class=\"graf graf--p graf-after--p\">Marilena Radu \u00eenva\u021b\u0103 \u00een clasa a XI-a la Liceul Teoretic \u201eSpiru Haret\u201d din Chi\u0219in\u0103u. Mai are un an pentru a decide ce vrea s\u0103 devin\u0103. Colegii ei de clas\u0103 au aceea\u0219i dilem\u0103. \u201e\u00cen compara\u021bie cu genera\u021biile mai mici, noi ne g\u00e2ndim \u0219i la ceea ce va urma. Ne g\u00e2ndim, dar lu\u0103m deciziile importante tot pe ultima sut\u0103 de metri. Suntem rebeli, suntem liberi\u201d, spune t\u00e2n\u0103ra.<\/p>\n<p id=\"cc59\" class=\"graf graf--p graf-after--p\">Un studiu realizat acum doi ani de Centrul pentru Educa\u021bie Antreprenorial\u0103 \u0219i Asisten\u021b\u0103 \u00een Afaceri (CEDA) ar\u0103ta c\u0103 peste 65% din tinerii de 15\u201320 de ani nu au luat o decizie ferm\u0103 privind viitoarea carier\u0103. De\u0219i crede c\u0103 se \u00eendreapt\u0103 spre un anumit domeniu, aproape fiecare al doilea t\u00e2n\u0103r spune c\u0103 \u0219i-ar putea schimba p\u0103rerea.<\/p>\n<p id=\"e517\" class=\"graf graf--p graf--startsWithDoubleQuote graf-after--p\">\u201eEu de la patru ani c\u00e2nt, am colaborat \u0219i cu Cristi Aldea-Teodorovici. A\u0219 putea fi c\u00e2nt\u0103rea\u021b\u0103. Sau stewardes\u0103, deoarece \u00eemi place s\u0103 c\u0103l\u0103toresc \u0219i e p\u0103cat s\u0103 nu v\u0103d lumea\u201d, m\u0103rturise\u0219te Marilena. \u00cen pofida acestor jocuri de imagina\u021bie, t\u00e2n\u0103ra crede c\u0103 va ajunge medic, dar refuz\u0103 s\u0103-\u0219i asume decizia. \u201eDe ce s\u0103 spun c\u0103 o s\u0103 fiu cineva \u0219i s\u0103 nu o fac? C\u00e2nd voi hot\u0103r\u00ee definitiv, voi scrie undeva: vreau s\u0103 devin medic. Poate pe un perete\u201d, continu\u0103 fata. Este convins\u0103 c\u0103 for\u021ba cuv\u00e2ntului scris \u00eei va da puteri s\u0103-\u0219i \u00eendeplineasc\u0103 obiectivele.<\/p>\n<figure id=\"ed9a\" class=\"graf graf--figure graf-after--p\">\n<div class=\"aspectRatioPlaceholder is-locked\">\n<div class=\"aspectRatioPlaceholder-fill\"><\/div>\n<div class=\"progressiveMedia js-progressiveMedia graf-image is-canvasLoaded is-imageLoaded\" data-image-id=\"1*vZ9TMw0dYVyeG1YDYrN8Tw.jpeg\" data-width=\"2000\" data-height=\"1335\" data-action=\"zoom\" data-action-value=\"1*vZ9TMw0dYVyeG1YDYrN8Tw.jpeg\" data-scroll=\"native\"><canvas class=\"progressiveMedia-canvas js-progressiveMedia-canvas\" width=\"75\" height=\"50\"><\/canvas><img decoding=\"async\" class=\"progressiveMedia-image js-progressiveMedia-image\" src=\"https:\/\/cdn-images-1.medium.com\/max\/800\/1*vZ9TMw0dYVyeG1YDYrN8Tw.jpeg\" data-src=\"https:\/\/cdn-images-1.medium.com\/max\/800\/1*vZ9TMw0dYVyeG1YDYrN8Tw.jpeg\" \/><\/div>\n<\/div><figcaption class=\"imageCaption\">Marilena Radu, elev\u0103 \u00een clasa a XI-a la Liceul Teoretic \u201eSpiru Haret\u201d din Chi\u0219in\u0103u, mai are un an pentru a decide ce vrea s\u0103\u00a0devin\u0103.<\/figcaption><\/figure>\n<p id=\"3bf6\" class=\"graf graf--p graf-after--figure\">C\u0103t\u0103lin Ple\u0219, elev la Liceul Teoretic \u201eDimitrie Cantemir\u201d din Cantemir, \u00een\u021belege c\u00e2t de important este s\u0103-\u0219i aleag\u0103 din start profesia care i se potrive\u0219te. \u201eNoi alegem o meserie pentru a o practica toat\u0103 via\u021ba. Dac\u0103 nu alegem bine, \u00eenv\u0103\u021b\u0103m degeaba la universitate \u0219i dup\u0103 asta o p\u0103r\u0103sim\u201d, explic\u0103 b\u0103iatul.<\/p>\n<p id=\"ab61\" class=\"graf graf--p graf-after--p\">Potrivit unui sondaj realizat de Magenta Consulting \u00een 2015, un sfert din angaja\u021bii din Republica Moldova lucreaz\u0103 \u00een alt domeniu dec\u00e2t cel pe care l-au studiat. Trei motive de baz\u0103 stau \u00een spatele acestei decizii. O parte din angaja\u021bi \u0219i-au schimbat profesia \u00eent\u00e2mpin\u00e2nd dificult\u0103\u021bi \u00een g\u0103sirea unui loc de munc\u0103. Al\u021bii au decis s\u0103 se reprofileze \u00een favoarea unui salariu mai avantajos, pe c\u00e2nd o treime au \u00een\u021beles c\u0103 nu sunt interesa\u021bi de domeniul pe care l-au studiat.<\/p>\n<p id=\"e644\" class=\"graf graf--p graf-after--p\">\u00cen acela\u0219i an, un raport despre tranzi\u021bia tinerilor spre pia\u021ba muncii ar\u0103ta c\u0103 28.9% din popula\u021bia t\u00e2n\u0103r\u0103 a \u021b\u0103rii este inactiv\u0103 din punct de vedere economic. \u00cen aceast\u0103 categorie, exper\u021bii de la Biroul Interna\u021bional al Muncii i-au inclus pe \u0219omeri, pe tinerii care nu frecventeaz\u0103 o institu\u021bie de \u00eenv\u0103\u021b\u0103m\u00e2nt, precum \u0219i pe cei angaja\u021bi temporar. \u201eAcest segment reprezint\u0103 poten\u021bialul de dezvoltare pierdut al \u021b\u0103rii\u201d, se men\u021bioneaz\u0103 \u00een raport.<\/p>\n<p id=\"b724\" class=\"graf graf--p graf-after--p\">Aceast\u0103 situa\u021bie este, \u00een mare m\u0103sur\u0103, o consecin\u021b\u0103 a lipsei unui sistem de orientare profesional\u0103 a elevilor. Lucru vizibil mai ales \u00een perioada admiterii, c\u00e2nd mul\u021bi tineri aleg facult\u0103\u021bi ai c\u0103ror absolven\u021bi abund\u0103 pe pia\u021ba muncii. \u00cen 2016, cele mai c\u0103utate specializ\u0103ri au fost: stomatologie, drept, farmacie, limbi moderne \u0219i contabilitate. Niciuna dintre acestea nu-\u021bi ofer\u0103 mari \u0219anse de angajare, potrivit Barometrului Profesiilor pentru anul 2016.<\/p>\n<\/div>\n<div class=\"section-inner sectionLayout--outsetColumn\">\n<figure id=\"effa\" class=\"graf graf--figure graf--layoutOutsetCenter graf-after--p\" data-scroll=\"native\">\n<div class=\"aspectRatioPlaceholder is-locked\">\n<div class=\"aspectRatioPlaceholder-fill\"><\/div>\n<div class=\"progressiveMedia js-progressiveMedia graf-image is-canvasLoaded is-imageLoaded\" data-image-id=\"1*aJvcHHcfkanIPmgbeB3-Vg.jpeg\" data-width=\"2500\" data-height=\"2098\" data-action=\"zoom\" data-action-value=\"1*aJvcHHcfkanIPmgbeB3-Vg.jpeg\" data-scroll=\"native\"><canvas class=\"progressiveMedia-canvas js-progressiveMedia-canvas\" width=\"75\" height=\"62\"><\/canvas><img decoding=\"async\" class=\"progressiveMedia-image js-progressiveMedia-image\" src=\"https:\/\/cdn-images-1.medium.com\/max\/1000\/1*aJvcHHcfkanIPmgbeB3-Vg.jpeg\" data-src=\"https:\/\/cdn-images-1.medium.com\/max\/1000\/1*aJvcHHcfkanIPmgbeB3-Vg.jpeg\" \/><\/div>\n<\/div>\n<\/figure>\n<\/div>\n<div class=\"section-inner sectionLayout--insetColumn\">\n<p id=\"7abf\" class=\"graf graf--p graf-after--figure\"><strong class=\"markup--strong markup--p-strong\">Succesul se na\u0219te din pasiune<\/strong><\/p>\n<p id=\"e78f\" class=\"graf graf--p graf-after--p\">Practicarea unei meserii care ne satisface moral \u0219i financiar este cheia unei vie\u021bi \u00eemplinite, spune magistrul \u00een psihologie Liliana Chisari: \u201eMunca este a doua noastr\u0103 via\u021b\u0103. Dac\u0103 nu vom alege o meserie care s\u0103 ne mul\u021bumeasc\u0103, vom fi stresa\u021bi \u0219i, \u00een final, neferici\u021bi\u201d.<\/p>\n<p id=\"5cf8\" class=\"graf graf--p graf-after--p\">Potrivit specialistei, psihologul \u0219colar este persoana potrivit\u0103 pentru a-i orienta profesional pe tineri. \u201eDeseori, tinerii sunt influen\u021ba\u021bi de p\u0103rin\u021bi s\u0103 aleag\u0103 o anumit\u0103 profesie. Daca nu au eul propriu format, ei se pierd. Atunci psihologul\u200a\u2014\u200aprin teste de orientare, prin consiliere\u200a\u2014\u200a\u00eel poate ajuta pe t\u00e2n\u0103r s\u0103 \u00een\u021beleag\u0103 ce-\u0219i dore\u0219te s\u0103 devin\u0103 \u0219i ce abilit\u0103\u021bi are\u201d, sus\u021bine experta.<\/p>\n<figure id=\"39d6\" class=\"graf graf--figure graf--layoutOutsetLeft graf-after--p\" data-scroll=\"native\">\n<div class=\"aspectRatioPlaceholder is-locked\">\n<div class=\"progressiveMedia js-progressiveMedia graf-image is-canvasLoaded is-imageLoaded\" data-image-id=\"1*5gzo9fv9kz7fLe-DrrWRZg.jpeg\" data-width=\"300\" data-height=\"383\" data-scroll=\"native\">\n<figure style=\"width: 300px\" class=\"wp-caption alignleft\"><img fetchpriority=\"high\" decoding=\"async\" class=\"progressiveMedia-image js-progressiveMedia-image\" src=\"https:\/\/cdn-images-1.medium.com\/max\/600\/1*5gzo9fv9kz7fLe-DrrWRZg.jpeg\" alt=\"\" width=\"300\" height=\"383\" data-src=\"https:\/\/cdn-images-1.medium.com\/max\/600\/1*5gzo9fv9kz7fLe-DrrWRZg.jpeg\" \/><figcaption class=\"wp-caption-text\">Foto: Arhiva personal\u0103<\/figcaption><\/figure>\n<\/div>\n<\/div>\n<\/figure>\n<p id=\"2494\" class=\"graf graf--p graf-after--figure\">Sarcin\u0103 greu de realizat, \u00een condi\u021biile \u00een care \u00een unit\u0103\u021bile de \u00eenv\u0103\u021b\u0103m\u00e2nt preuniversitar din Moldova unui psiholog \u00eei revin, \u00een medie, c\u00e2te 802 elevi. Totodat\u0103, exist\u0103 institu\u021bii \u0219colare care nu au deloc psihologi, cum e cazul Liceului Teoretic \u201eMihai Eminescu\u201d din S\u00e2ngerei. Liliana Chisari a fost psiholog \u0219colar vreme de patru ani, la Liceul Teoretic \u201eMihai Viteazul\u201d din capital\u0103, \u0219i consider\u0103 c\u0103 o institu\u021bie de \u00eenv\u0103\u021b\u0103m\u00e2nt are nevoie de minim trei psihologi. \u201eAr trebui s\u0103 fie un psiholog pentru treapta primar\u0103, unul pentru cea gimnazial\u0103 \u0219i un psiholog \u0219colar doar pentru liceeni, deoarece problemele copiilor sunt diverse\u201d, explic\u0103 specialista.<\/p>\n<p class=\"graf graf--p graf-after--p\">\n<p class=\"graf graf--p graf-after--p\">\n<p class=\"graf graf--p graf-after--p\">\n<p class=\"graf graf--p graf-after--p\"><strong class=\"markup--strong markup--p-strong\">Testele, un prim pas spre carier\u0103<\/strong><\/p>\n<p id=\"8e6d\" class=\"graf graf--p graf-after--p\">Lipsa unui sistem complex de orientare profesional\u0103 a elevilor a determinat Centrul pentru Educa\u021bie Antreprenorial\u0103 \u0219i Asisten\u021b\u0103 \u00een Afaceri, \u00een parteneriat cu Ministerul Educa\u021biei \u0219i Agen\u021bia Na\u021bional\u0103 pentru Ocuparea For\u021bei de Munc\u0103, s\u0103 lanseze, \u00een 2014, proiectul \u201eReconceptualizarea orient\u0103rii profesionale \u0219i consilierii \u00een carier\u0103\u201d (REVOCC). REVOCC este finan\u021bat de Agen\u021bia Austriac\u0103 pentru Dezvoltare, are un buget de 600.000 de euro \u0219i se va derula p\u00e2n\u0103 \u00een noiembrie 2017.<\/p>\n<p id=\"019d\" class=\"graf graf--p graf-after--p\">\u00cen cadrul proiectului, au fost inaugurate trei centre de ghidare \u00een carier\u0103\u200a\u2014\u200ala Chi\u0219in\u0103u, Soroca \u0219i Cahul. Fiecare centru vine cu servicii directe pentru elevi. \u201eOrganiz\u0103m seminare pentru cei din clasele a VII-XII-a, unde discut\u0103m despre redactarea unui CV, interviul de angajare, cerin\u021bele pie\u021bei muncii\u201d, explic\u0103 Iulia Nicorici, consilier\u0103 la Centrul de Ghidare \u00een Carier\u0103 din Chi\u0219in\u0103u.<img decoding=\"async\" class=\"progressiveMedia-image js-progressiveMedia-image alignleft\" src=\"https:\/\/cdn-images-1.medium.com\/max\/600\/1*c34iW4XvYI6fVNKiLqH5uA.jpeg\" width=\"508\" height=\"453\" data-src=\"https:\/\/cdn-images-1.medium.com\/max\/600\/1*c34iW4XvYI6fVNKiLqH5uA.jpeg\" \/><\/p>\n<p id=\"f7bc\" class=\"graf graf--p graf-after--figure\">Tot aici, tinerii pot completa patru chestionare de ghidare \u00een carier\u0103 pe o platform\u0103 achizi\u021bionat\u0103 din Rom\u00e2nia. \u201eTestele de pe platforma <a class=\"markup--anchor markup--p-anchor\" href=\"https:\/\/www.ccponline.ro\/Login.aspx?loginRedirect=%2fDefault.aspx\" target=\"_blank\" rel=\"nofollow noopener noreferrer\" data-href=\"https:\/\/www.ccponline.ro\/Login.aspx?loginRedirect=%2fDefault.aspx\">Cognitrom Career Planner<\/a>genereaz\u0103 date despre nivelul anumitor abilit\u0103\u021bi, precum \u0219i profesii exacte pentru care elevul este cel mai potrivit\u201d, continu\u0103 Iulia Nicorici. Fiecare chestionar con\u021bine p\u00e2n\u0103 la 24 de \u00eentreb\u0103ri, iar completarea nu dureaz\u0103 mai mult de 30 minute. \u201eDup\u0103 ce avem rezultatul, discut\u0103m cu elevul care pot fi posibilit\u0103\u021bile lui de angajare \u00een Republica Moldova\u201d, \u00eencheie consiliera.<\/p>\n<p id=\"3e13\" class=\"graf graf--p graf-after--p\">\u00cen cadrul aceluia\u0219i proiect, a fost revizuit manualul de educa\u021bie civic\u0103 \u0219i a fost completat modulul destinat orient\u0103rii profesionale. Curriculumul a fost construit \u00een a\u0219a fel \u00eenc\u00e2t, la necesitate, s\u0103 poat\u0103 deveni o nou\u0103 disciplin\u0103 privind educa\u021bia pentru carier\u0103.<\/p>\n<p id=\"9950\" class=\"graf graf--p graf-after--p\">Nina Misail, profesoar\u0103 de educa\u021bie civic\u0103 la Liceul Teoretic \u201e\u0218tefan Vod\u0103\u201d din raionul cu acela\u0219i nume, spune c\u0103 sim\u021bea nevoia acestei schimb\u0103ri. \u201e\u00cen manualul precedent, temele erau r\u0103zle\u021be, copiii nu f\u0103ceau deosebirea dintre profesii. Modulul acesta mi se pare mult mai reu\u0219it\u201d, afirm\u0103 profesoara.<\/p>\n<figure id=\"196c\" class=\"graf graf--figure graf--layoutOutsetLeft graf-after--p\" data-scroll=\"native\">\n<div class=\"aspectRatioPlaceholder is-locked\">\n<div class=\"progressiveMedia js-progressiveMedia graf-image is-canvasLoaded is-imageLoaded\" data-image-id=\"1*HkZL0eDy5VMrs3wUXsWoVA.jpeg\" data-width=\"300\" data-height=\"347\" data-scroll=\"native\">\n<figure style=\"width: 300px\" class=\"wp-caption alignleft\"><img decoding=\"async\" class=\"progressiveMedia-image js-progressiveMedia-image\" src=\"https:\/\/cdn-images-1.medium.com\/max\/600\/1*HkZL0eDy5VMrs3wUXsWoVA.jpeg\" alt=\"\" width=\"300\" height=\"347\" data-src=\"https:\/\/cdn-images-1.medium.com\/max\/600\/1*HkZL0eDy5VMrs3wUXsWoVA.jpeg\" \/><figcaption class=\"wp-caption-text\">Foto: Arhiva personal\u0103<\/figcaption><\/figure>\n<\/div>\n<\/div><figcaption class=\"imageCaption\"><\/figcaption><\/figure>\n<p id=\"f677\" class=\"graf graf--p graf-after--figure\">La mijlocul lunii martie, elevii de la Liceul \u201e\u0218tefan Vod\u0103\u201d \u0219i-au prezentat proiectele personale de carier\u0103. \u201eAm avut designeri, poli\u021bi\u0219ti de frontier\u0103, agronomi\u201d, poveste\u0219te Nina Misail. Liceenii caut\u0103 exper\u021bi \u00een domeniul ales pentru proiect \u0219i discut\u0103 cu ei despre meseria pe care vor s\u0103 o practice. \u201eChiar ieri, un b\u0103iat \u0219i-a prezentat lucrarea \u0219i a spus: eu dup\u0103 ce am stat de vorba cu specialistul, am \u00een\u021beles ce calit\u0103\u021bi nu am \u0219i trebuie s\u0103 le dezvolt\u201d, continu\u0103 profesoara.<\/p>\n<p id=\"660c\" class=\"graf graf--p graf-after--p\">P\u0103rerile elevilor din \u021bar\u0103 privind lec\u021biile de orientare profesional\u0103 sunt, totu\u0219i, \u00eemp\u0103r\u021bite. Mul\u021bi dintre ei r\u0103m\u00e2n nemul\u021bumi\u021bi de calitatea materiei, pe care o consider\u0103 prea teoretic\u0103. Majoritatea \u0219i-ar dori ca programul \u0219colar s\u0103 fie completat cu vizite la \u00eentreprinderi, cluburi de discu\u021bii \u0219i materii preuniversitare precum economia. Profesoara Nina Misail le d\u0103 dreptate, afirm\u00e2nd c\u0103 manualul nu poate \u00eendruma elevii f\u0103r\u0103 implicarea dasc\u0103lului. \u201eE important ca profesorul s\u0103 se implice. Profesorul de educa\u021bie civic\u0103 trebuie s\u0103 aib\u0103 o bogat\u0103 experien\u021b\u0103 de via\u021b\u0103, pentru a da elevilor exemple reale\u201d, afirm\u0103 Nina Misail<\/p>\n<p><iframe title=\"Cum \u00ee\u0219i aleg meseria tinerii din Republica Moldova\" width=\"580\" height=\"326\" data-src=\"https:\/\/www.youtube.com\/embed\/29woQ4SlnfA?feature=oembed\" frameborder=\"0\" allow=\"accelerometer; autoplay; clipboard-write; encrypted-media; gyroscope; picture-in-picture; web-share\" referrerpolicy=\"strict-origin-when-cross-origin\" allowfullscreen src=\"data:image\/svg+xml;base64,PHN2ZyB3aWR0aD0iMSIgaGVpZ2h0PSIxIiB4bWxucz0iaHR0cDovL3d3dy53My5vcmcvMjAwMC9zdmciPjwvc3ZnPg==\" class=\"lazyload\" data-load-mode=\"1\"><\/iframe><\/p>\n<\/div>\n<div class=\"section-inner sectionLayout--outsetColumn\"><\/div>\n<div class=\"section-inner sectionLayout--insetColumn\">\n<p id=\"8eef\" class=\"graf graf--p graf-after--figure\"><strong class=\"markup--strong markup--p-strong\">Cheia ghid\u0103rii profesionale se afl\u0103 \u00een Vest<\/strong><\/p>\n<p id=\"1bb7\" class=\"graf graf--p graf-after--p\">\u00cen \u021b\u0103rile dezvoltate, precum cele ale Uniunii Europene, orientarea profesional\u0103 este v\u0103zut\u0103 ca o investi\u021bie, care urmeaz\u0103 s\u0103 dea roade \u00een termeni sociali mai largi, de exemplu, s\u0103 duc\u0103 la mic\u0219orarea ratei \u0219omajului \u0219i sc\u0103derea tensiunii sociale. Cet\u0103\u021benii moldoveni stabili\u021bi peste hotare, care au \u00eenv\u0103\u021bat \u00een liceele din alte \u021b\u0103ri, laud\u0103 modelele performante de ghidare \u00een carier\u0103 de acolo.<\/p>\n<p id=\"4358\" class=\"graf graf--p graf-after--p\"><strong class=\"markup--strong markup--p-strong\">Alexandrina Neguri\u021b\u0103, student\u0103 \u00een Fran\u021ba:<\/strong> \u201e\u00cen Fran\u021ba, orientarea profesional\u0103 \u00eencepe din clasa a zecea, c\u00e2nd trebuie s\u0103 decizi ce fel de examen de Bacalaureat vrei s\u0103 sus\u021bii: literar, economic, social sau \u0219tiin\u021bific. De exemplu, dac\u0103 vrei s\u0103 devii medic, ai nevoie de BAC-ul \u0219tiin\u021bific. Profesorii te ajut\u0103 mult \u00een luarea acestei decizii. \u0218coala organizeaz\u0103 \u00eent\u00e2lniri cu elevii pentru a le prezenta toate posibilit\u0103\u021bile de orientare dup\u0103 tipul de BAC. \u00cen ultimul an de liceu, te po\u021bi adresa consilierilor de carier\u0103 cu orice \u00eentrebare. Liceul organizeaz\u0103 \u00eent\u00e2lniri cu profesioni\u0219tii (avoca\u021bi, contabili, responsabili de marketing etc.). Fiecare vine s\u0103-\u0219i \u00eemp\u0103rt\u0103\u0219easc\u0103 experien\u021ba \u0219i s\u0103 r\u0103spund\u0103 la \u00eentreb\u0103ri despre meseria lui\u201d.<\/p>\n<p id=\"42b6\" class=\"graf graf--p graf-after--p\"><strong class=\"markup--strong markup--p-strong\">Virgiliu Ila\u0219cu, elev \u00een Irlanda:<\/strong> \u201e\u00cen clasa a XII-a, orientarea profesional\u0103 este cel mai discutat \u0219i important subiect al anului. \u00cen toate \u0219colile din Irlanda exist\u0103 o persoan\u0103 responsabil\u0103 de asta, numit\u0103 ghid \u00een carier\u0103. S\u0103pt\u0103m\u00e2nal, avem disciplina \u201eCariere\u201d, unde discut\u0103m cu acest consilier despre meserii \u0219i oportunit\u0103\u021bile pe care le avem. To\u021bi profesorii atrag foarte mult\u0103 aten\u021bie acestui aspect, deoarece sunt con\u0219tien\u021bi c\u0103 este un pas extrem de important \u00een via\u021ba noastr\u0103. De la \u00eenceputul anului, am vizitat cu clasa aproximativ zece universit\u0103\u021bi din Irlanda. A fost o experien\u021b\u0103 foarte util\u0103\u201d.<\/p>\n<p id=\"0a39\" class=\"graf graf--p graf-after--p\"><strong class=\"markup--strong markup--p-strong\">Ecaterina Cheptine, student\u0103 \u00een Canada<\/strong>: \u201e\u00cen Canada, e nevoie s\u0103 faci peste 60 de ore de voluntariat pentru a absolvi gimnaziul. Mi se pare o idee foarte bun\u0103, deoarece elevii contribuie la dezvoltarea comunit\u0103\u021bii \u0219i au experien\u021ba c\u00e2torva joburi \u00een afara \u0219colii. Sistemul de \u00eenv\u0103\u021b\u0103m\u00e2nt e mult mai flexibil. \u00cen fiecare semestru, am avut numai patru materii \u0219i m-am concentrat doar pe ele. Unele discipline erau obligatorii, pe c\u00e2nd altele le-am ales singur\u0103, potrivindu-le pentru viitoarea mea carier\u0103\u201d.<\/p>\n<p id=\"e940\" class=\"graf graf--p graf-after--p\"><strong class=\"markup--strong markup--p-strong\">Cezara-Lidia Jalba, elev\u0103 \u00een Marea Britanie<\/strong>: \u201e\u00cenainte de a fi \u00eenscris\u0103 ca elev\u0103, liceul mi-a transmis un document \u00een care erau propuse disciplinele de studiu \u00een func\u021bie de profesia dorit\u0103. Ca meserie, eu am ales ingineria informatic\u0103 \u0219i profesorii m-au sprijinit. Accentuez acest lucru, deoarece \u00een Moldova, c\u00e2nd le-am zis unor profesori c\u0103 vreau s\u0103 devin inginer electric \u0219i informa\u021bional, mi s-a spus c\u0103 nu e o profesie pentru femei.\u201d<\/p>\n<\/div>\n<div class=\"section-inner sectionLayout--outsetColumn\">\n<figure id=\"4f5a\" class=\"graf graf--figure graf--layoutOutsetCenter graf-after--p\" data-scroll=\"native\">\n<div class=\"aspectRatioPlaceholder is-locked\">\n<div class=\"aspectRatioPlaceholder-fill\"><\/div>\n<div class=\"progressiveMedia js-progressiveMedia graf-image is-canvasLoaded is-imageLoaded\" data-image-id=\"1*srGny164AN_iw46heFW8kg.jpeg\" data-width=\"2000\" data-height=\"665\" data-action=\"zoom\" data-action-value=\"1*srGny164AN_iw46heFW8kg.jpeg\" data-scroll=\"native\"><canvas class=\"progressiveMedia-canvas js-progressiveMedia-canvas\" width=\"75\" height=\"22\"><\/canvas><img decoding=\"async\" class=\"progressiveMedia-image js-progressiveMedia-image\" src=\"https:\/\/cdn-images-1.medium.com\/max\/1000\/1*srGny164AN_iw46heFW8kg.jpeg\" data-src=\"https:\/\/cdn-images-1.medium.com\/max\/1000\/1*srGny164AN_iw46heFW8kg.jpeg\" \/><\/div>\n<\/div><figcaption class=\"imageCaption\">Foto: Arhiva personal\u0103<\/figcaption><\/figure>\n<\/div>\n<div class=\"section-inner sectionLayout--insetColumn\">\n<p id=\"8ed7\" class=\"graf graf--p graf-after--figure\"><strong class=\"markup--strong markup--p-strong\">Ministerul Educa\u021biei: strategii \u0219i planuri<\/strong><\/p>\n<p id=\"c3f7\" class=\"graf graf--p graf-after--p\">\u00cen Republica Moldova, nu se discut\u0103 deocamdat\u0103 despre o selec\u021bie a disciplinelor studiate \u00een func\u021bie de meseria dorit\u0103 de elev. Cu toate acestea, se \u00eencearc\u0103 implementarea unor modele mai practice de orientare \u00een carier\u0103. \u00cen planul de ac\u021biuni al Strategiei Na\u021bionale pentru Ocuparea For\u021bei de munc\u0103 (2017\u20132021), aprobate de c\u0103tre Guvern, se planific\u0103 dezvoltarea \u00eenv\u0103\u021b\u0103m\u00e2ntului dual \u0219i a parteneriatelor dintre \u0219coli \u0219i \u00eentreprinderi.<\/p>\n<figure id=\"19f5\" class=\"graf graf--figure graf--layoutOutsetLeft graf-after--p\" data-scroll=\"native\">\n<div class=\"aspectRatioPlaceholder is-locked\">\n<div class=\"aspectRatioPlaceholder-fill\"><\/div>\n<div class=\"progressiveMedia js-progressiveMedia graf-image is-canvasLoaded is-imageLoaded\" data-image-id=\"1*aeQgg-kfeGUeHo3P9g5wdw.jpeg\" data-width=\"300\" data-height=\"347\" data-scroll=\"native\"><canvas class=\"progressiveMedia-canvas js-progressiveMedia-canvas\" width=\"66\" height=\"75\"><\/canvas><\/p>\n<figure style=\"width: 375px\" class=\"wp-caption alignleft\"><img loading=\"lazy\" decoding=\"async\" class=\"progressiveMedia-image js-progressiveMedia-image\" src=\"https:\/\/cdn-images-1.medium.com\/max\/600\/1*aeQgg-kfeGUeHo3P9g5wdw.jpeg\" alt=\"\" width=\"375\" height=\"434\" data-src=\"https:\/\/cdn-images-1.medium.com\/max\/600\/1*aeQgg-kfeGUeHo3P9g5wdw.jpeg\" \/><figcaption class=\"wp-caption-text\">Foto: Arhiva personal\u0103<\/figcaption><\/figure>\n<\/div>\n<\/div><figcaption class=\"imageCaption\"><\/figcaption><\/figure>\n<p id=\"d745\" class=\"graf graf--p graf--startsWithDoubleQuote graf-after--figure\">\u201e\u00cenv\u0103\u021b\u0103m\u00e2ntul dual exist\u0103 din 2014. Potrivit structurii de formare, elevii \u0219colilor profesionale \u00eenva\u021b\u0103 tot ce e teoretic la \u0219coal\u0103, iar tot ce \u021bine de practic\u0103 se studiaz\u0103 la \u00eentreprindere. Raportul e: 70% la companie, 30% la \u0219coal\u0103. Elevul \u00ee\u0219i \u00eenva\u021b\u0103 meseria la viitorul lui loc de munc\u0103. Pe viitor, planific\u0103m s\u0103 continu\u0103m acest dialog \u00eentre institu\u021biile de \u00eenv\u0103\u021b\u0103m\u00e2nt \u0219i companiile din \u021bar\u0103\u201d, explic\u0103 Silviu G\u00e2ncu, \u0219eful Direc\u021biei \u00eenv\u0103\u0163\u0103m\u00eent secundar profesional \u015fi mediu de specialitate din cadrul Ministerului Educa\u021biei.<\/p>\n<figure id=\"6b84\" class=\"graf graf--figure graf--layoutOutsetLeft graf-after--p\" data-scroll=\"native\">\n<div class=\"aspectRatioPlaceholder is-locked\">\n<div class=\"aspectRatioPlaceholder-fill\"><\/div>\n<div class=\"aspectRatioPlaceholder-fill\"><\/div>\n<div class=\"progressiveMedia js-progressiveMedia graf-image is-canvasLoaded is-imageLoaded\" data-image-id=\"1*7LAzUWSY2Z-zfJPqSPPjow.jpeg\" data-width=\"300\" data-height=\"383\" data-scroll=\"native\"><canvas class=\"progressiveMedia-canvas js-progressiveMedia-canvas\" width=\"59\" height=\"75\"><\/canvas><\/p>\n<figure style=\"width: 300px\" class=\"wp-caption alignleft\"><img loading=\"lazy\" decoding=\"async\" class=\"progressiveMedia-image js-progressiveMedia-image\" src=\"https:\/\/cdn-images-1.medium.com\/max\/600\/1*7LAzUWSY2Z-zfJPqSPPjow.jpeg\" alt=\"\" width=\"300\" height=\"383\" data-src=\"https:\/\/cdn-images-1.medium.com\/max\/600\/1*7LAzUWSY2Z-zfJPqSPPjow.jpeg\" \/><figcaption class=\"wp-caption-text\">Foto: Arhiva personal\u0103<\/figcaption><\/figure>\n<\/div>\n<\/div>\n<\/figure>\n<p id=\"3a71\" class=\"graf graf--p graf-after--figure\">Reprezentantul ministerului afirm\u0103 c\u0103 o asemenea practic\u0103 ar fi util\u0103 \u0219i pentru elevii din licee. \u201eExist\u0103 recomand\u0103ri ca liceenii s\u0103 mearg\u0103 \u00een vizit\u0103 la \u00eentreprinderi, dar asta \u021bine foarte mult de dorin\u021ba cadrelor didactice\u201d, explic\u0103 Silviu G\u00e2ncu.<\/p>\n<p class=\"graf graf--p graf-after--p graf--trailing\">\n<p class=\"graf graf--p graf-after--p graf--trailing\">\n<p class=\"graf graf--p graf-after--p graf--trailing\">\n<p class=\"graf graf--p graf-after--p graf--trailing\">\n<p class=\"graf graf--p graf-after--p graf--trailing\">\n<p class=\"graf graf--p graf-after--p graf--trailing\">\n<p class=\"graf graf--p graf-after--p graf--trailing\">\n<p class=\"graf graf--p graf-after--p graf--trailing\">\n<p id=\"8f37\" class=\"graf graf--p graf-after--p graf--trailing\">De\u0219i nu se cunoa\u0219te deocamdat\u0103 dac\u0103 se va m\u0103ri num\u0103rul centrelor de ghidare \u00een carier\u0103, centrele existente \u00ee\u0219i vor diversifica \u00een scurt timp serviciile. \u201eAcestea vor activa \u00een cadrul \u0219colilor de var\u0103 \u0219i vor organiza vizite la diverse \u00eentreprinderi\u201d, promite Mariana Kiriakov, asistent\u0103 de proiect REVOCC.<\/p>\n<\/div>\n<div class=\"section-inner sectionLayout--insetColumn\"><\/div>\n","protected":false},"excerpt":{"rendered":"<p>Sistemul educa\u021bional din Republica Moldova nu-i prea ajut\u0103 pe tineri s\u0103-\u0219i aleag\u0103 profesia, astfel c\u0103 mul\u021bi opteaz\u0103 pentru una \u201ela mod\u0103\u201d, dar f\u0103r\u0103 cerere pe pia\u021ba muncii. Victoria Colesnic, moldova.org Tinerii din Republica Moldova aleg meserii \u201ela mod\u0103\u201d, dar f\u0103r\u0103 cerere pe pia\u021ba muncii. \u0218coala profesional\u0103 nr. 2 din\u00a0Chi\u0219in\u0103u O dat\u0103 la c\u00e2teva luni, Marilena [&hellip;]<\/p>\n","protected":false},"author":3,"featured_media":1052,"comment_status":"open","ping_status":"open","sticky":false,"template":"","format":"standard","meta":{"footnotes":""},"categories":[165],"tags":[],"class_list":["post-70706","post","type-post","status-publish","format-standard","has-post-thumbnail","hentry","category-obshhestvo"],"yoast_head":"<!-- This site is optimized with the Yoast SEO plugin v27.5 - https:\/\/yoast.com\/product\/yoast-seo-wordpress\/ -->\n<title>\u00cen c\u0103utarea unei meserii pentru o via\u021b\u0103 - BasTV<\/title>\n<meta name=\"robots\" content=\"index, follow, max-snippet:-1, max-image-preview:large, max-video-preview:-1\" \/>\n<link rel=\"canonical\" href=\"https:\/\/bas-tv.md\/ro\/in-cautarea-unei-meserii-pentru-o-viata\/\" \/>\n<meta property=\"og:locale\" content=\"ro_RO\" \/>\n<meta property=\"og:type\" content=\"article\" \/>\n<meta property=\"og:title\" content=\"\u00cen c\u0103utarea unei meserii pentru o via\u021b\u0103 - BasTV\" \/>\n<meta property=\"og:description\" content=\"Sistemul educa\u021bional din Republica Moldova nu-i prea ajut\u0103 pe tineri s\u0103-\u0219i aleag\u0103 profesia, astfel c\u0103 mul\u021bi opteaz\u0103 pentru una \u201ela mod\u0103\u201d, dar f\u0103r\u0103 cerere pe pia\u021ba muncii. Victoria Colesnic, moldova.org Tinerii din Republica Moldova aleg meserii \u201ela mod\u0103\u201d, dar f\u0103r\u0103 cerere pe pia\u021ba muncii. \u0218coala profesional\u0103 nr. 2 din\u00a0Chi\u0219in\u0103u O dat\u0103 la c\u00e2teva luni, Marilena [&hellip;]\" \/>\n<meta property=\"og:url\" content=\"https:\/\/bas-tv.md\/ro\/in-cautarea-unei-meserii-pentru-o-viata\/\" \/>\n<meta property=\"og:site_name\" content=\"BasTV\" \/>\n<meta property=\"article:published_time\" content=\"2017-05-19T05:28:00+00:00\" \/>\n<meta name=\"author\" content=\"Redactor\" \/>\n<meta name=\"twitter:card\" content=\"summary_large_image\" \/>\n<meta name=\"twitter:label1\" content=\"Scris de\" \/>\n\t<meta name=\"twitter:data1\" content=\"Redactor\" \/>\n\t<meta name=\"twitter:label2\" content=\"Timp estimat pentru citire\" \/>\n\t<meta name=\"twitter:data2\" content=\"11 minute\" \/>\n<script type=\"application\/ld+json\" class=\"yoast-schema-graph\">{\"@context\":\"https:\\\/\\\/schema.org\",\"@graph\":[{\"@type\":\"Article\",\"@id\":\"https:\\\/\\\/bas-tv.md\\\/ro\\\/in-cautarea-unei-meserii-pentru-o-viata\\\/#article\",\"isPartOf\":{\"@id\":\"https:\\\/\\\/bas-tv.md\\\/ro\\\/in-cautarea-unei-meserii-pentru-o-viata\\\/\"},\"author\":{\"name\":\"Redactor\",\"@id\":\"https:\\\/\\\/bas-tv.md\\\/ro\\\/#\\\/schema\\\/person\\\/8740f45ea2eca1f1695284fc03529af0\"},\"headline\":\"\u00cen c\u0103utarea unei meserii pentru o via\u021b\u0103\",\"datePublished\":\"2017-05-19T05:28:00+00:00\",\"mainEntityOfPage\":{\"@id\":\"https:\\\/\\\/bas-tv.md\\\/ro\\\/in-cautarea-unei-meserii-pentru-o-viata\\\/\"},\"wordCount\":2231,\"commentCount\":0,\"publisher\":{\"@id\":\"https:\\\/\\\/bas-tv.md\\\/ro\\\/#organization\"},\"image\":{\"@id\":\"https:\\\/\\\/bas-tv.md\\\/ro\\\/in-cautarea-unei-meserii-pentru-o-viata\\\/#primaryimage\"},\"thumbnailUrl\":\"\",\"articleSection\":[\"\u041e\u0431\u0449\u0435\u0441\u0442\u0432\u043e\"],\"inLanguage\":\"ro-RO\",\"potentialAction\":[{\"@type\":\"CommentAction\",\"name\":\"Comment\",\"target\":[\"https:\\\/\\\/bas-tv.md\\\/ro\\\/in-cautarea-unei-meserii-pentru-o-viata\\\/#respond\"]}]},{\"@type\":\"WebPage\",\"@id\":\"https:\\\/\\\/bas-tv.md\\\/ro\\\/in-cautarea-unei-meserii-pentru-o-viata\\\/\",\"url\":\"https:\\\/\\\/bas-tv.md\\\/ro\\\/in-cautarea-unei-meserii-pentru-o-viata\\\/\",\"name\":\"\u00cen c\u0103utarea unei meserii pentru o via\u021b\u0103 - BasTV\",\"isPartOf\":{\"@id\":\"https:\\\/\\\/bas-tv.md\\\/ro\\\/#website\"},\"primaryImageOfPage\":{\"@id\":\"https:\\\/\\\/bas-tv.md\\\/ro\\\/in-cautarea-unei-meserii-pentru-o-viata\\\/#primaryimage\"},\"image\":{\"@id\":\"https:\\\/\\\/bas-tv.md\\\/ro\\\/in-cautarea-unei-meserii-pentru-o-viata\\\/#primaryimage\"},\"thumbnailUrl\":\"\",\"datePublished\":\"2017-05-19T05:28:00+00:00\",\"inLanguage\":\"ro-RO\",\"potentialAction\":[{\"@type\":\"ReadAction\",\"target\":[\"https:\\\/\\\/bas-tv.md\\\/ro\\\/in-cautarea-unei-meserii-pentru-o-viata\\\/\"]}]},{\"@type\":\"ImageObject\",\"inLanguage\":\"ro-RO\",\"@id\":\"https:\\\/\\\/bas-tv.md\\\/ro\\\/in-cautarea-unei-meserii-pentru-o-viata\\\/#primaryimage\",\"url\":\"\",\"contentUrl\":\"\"},{\"@type\":\"WebSite\",\"@id\":\"https:\\\/\\\/bas-tv.md\\\/ro\\\/#website\",\"url\":\"https:\\\/\\\/bas-tv.md\\\/ro\\\/\",\"name\":\"BasTV\",\"description\":\"Moldova\",\"publisher\":{\"@id\":\"https:\\\/\\\/bas-tv.md\\\/ro\\\/#organization\"},\"potentialAction\":[{\"@type\":\"SearchAction\",\"target\":{\"@type\":\"EntryPoint\",\"urlTemplate\":\"https:\\\/\\\/bas-tv.md\\\/ro\\\/?s={search_term_string}\"},\"query-input\":{\"@type\":\"PropertyValueSpecification\",\"valueRequired\":true,\"valueName\":\"search_term_string\"}}],\"inLanguage\":\"ro-RO\"},{\"@type\":\"Organization\",\"@id\":\"https:\\\/\\\/bas-tv.md\\\/ro\\\/#organization\",\"name\":\"BasTV\",\"url\":\"https:\\\/\\\/bas-tv.md\\\/ro\\\/\",\"logo\":{\"@type\":\"ImageObject\",\"inLanguage\":\"ro-RO\",\"@id\":\"https:\\\/\\\/bas-tv.md\\\/ro\\\/#\\\/schema\\\/logo\\\/image\\\/\",\"url\":\"https:\\\/\\\/bas-tv.md\\\/wp-content\\\/uploads\\\/2023\\\/05\\\/bas-tv-culoarea-rosie.png\",\"contentUrl\":\"https:\\\/\\\/bas-tv.md\\\/wp-content\\\/uploads\\\/2023\\\/05\\\/bas-tv-culoarea-rosie.png\",\"width\":202,\"height\":50,\"caption\":\"BasTV\"},\"image\":{\"@id\":\"https:\\\/\\\/bas-tv.md\\\/ro\\\/#\\\/schema\\\/logo\\\/image\\\/\"}},{\"@type\":\"Person\",\"@id\":\"https:\\\/\\\/bas-tv.md\\\/ro\\\/#\\\/schema\\\/person\\\/8740f45ea2eca1f1695284fc03529af0\",\"name\":\"Redactor\",\"image\":{\"@type\":\"ImageObject\",\"inLanguage\":\"ro-RO\",\"@id\":\"https:\\\/\\\/secure.gravatar.com\\\/avatar\\\/45b6af9fc91c10b15a8b40e67c1f57bab2e9614fc9f0af95cf453d61934e9aad?s=96&d=mm&r=g\",\"url\":\"https:\\\/\\\/secure.gravatar.com\\\/avatar\\\/45b6af9fc91c10b15a8b40e67c1f57bab2e9614fc9f0af95cf453d61934e9aad?s=96&d=mm&r=g\",\"contentUrl\":\"https:\\\/\\\/secure.gravatar.com\\\/avatar\\\/45b6af9fc91c10b15a8b40e67c1f57bab2e9614fc9f0af95cf453d61934e9aad?s=96&d=mm&r=g\",\"caption\":\"Redactor\"},\"url\":\"https:\\\/\\\/bas-tv.md\\\/ro\\\/author\\\/redactor\\\/\"}]}<\/script>\n<!-- \/ Yoast SEO plugin. -->","yoast_head_json":{"title":"\u00cen c\u0103utarea unei meserii pentru o via\u021b\u0103 - BasTV","robots":{"index":"index","follow":"follow","max-snippet":"max-snippet:-1","max-image-preview":"max-image-preview:large","max-video-preview":"max-video-preview:-1"},"canonical":"https:\/\/bas-tv.md\/ro\/in-cautarea-unei-meserii-pentru-o-viata\/","og_locale":"ro_RO","og_type":"article","og_title":"\u00cen c\u0103utarea unei meserii pentru o via\u021b\u0103 - BasTV","og_description":"Sistemul educa\u021bional din Republica Moldova nu-i prea ajut\u0103 pe tineri s\u0103-\u0219i aleag\u0103 profesia, astfel c\u0103 mul\u021bi opteaz\u0103 pentru una \u201ela mod\u0103\u201d, dar f\u0103r\u0103 cerere pe pia\u021ba muncii. Victoria Colesnic, moldova.org Tinerii din Republica Moldova aleg meserii \u201ela mod\u0103\u201d, dar f\u0103r\u0103 cerere pe pia\u021ba muncii. \u0218coala profesional\u0103 nr. 2 din\u00a0Chi\u0219in\u0103u O dat\u0103 la c\u00e2teva luni, Marilena [&hellip;]","og_url":"https:\/\/bas-tv.md\/ro\/in-cautarea-unei-meserii-pentru-o-viata\/","og_site_name":"BasTV","article_published_time":"2017-05-19T05:28:00+00:00","author":"Redactor","twitter_card":"summary_large_image","twitter_misc":{"Scris de":"Redactor","Timp estimat pentru citire":"11 minute"},"schema":{"@context":"https:\/\/schema.org","@graph":[{"@type":"Article","@id":"https:\/\/bas-tv.md\/ro\/in-cautarea-unei-meserii-pentru-o-viata\/#article","isPartOf":{"@id":"https:\/\/bas-tv.md\/ro\/in-cautarea-unei-meserii-pentru-o-viata\/"},"author":{"name":"Redactor","@id":"https:\/\/bas-tv.md\/ro\/#\/schema\/person\/8740f45ea2eca1f1695284fc03529af0"},"headline":"\u00cen c\u0103utarea unei meserii pentru o via\u021b\u0103","datePublished":"2017-05-19T05:28:00+00:00","mainEntityOfPage":{"@id":"https:\/\/bas-tv.md\/ro\/in-cautarea-unei-meserii-pentru-o-viata\/"},"wordCount":2231,"commentCount":0,"publisher":{"@id":"https:\/\/bas-tv.md\/ro\/#organization"},"image":{"@id":"https:\/\/bas-tv.md\/ro\/in-cautarea-unei-meserii-pentru-o-viata\/#primaryimage"},"thumbnailUrl":"","articleSection":["\u041e\u0431\u0449\u0435\u0441\u0442\u0432\u043e"],"inLanguage":"ro-RO","potentialAction":[{"@type":"CommentAction","name":"Comment","target":["https:\/\/bas-tv.md\/ro\/in-cautarea-unei-meserii-pentru-o-viata\/#respond"]}]},{"@type":"WebPage","@id":"https:\/\/bas-tv.md\/ro\/in-cautarea-unei-meserii-pentru-o-viata\/","url":"https:\/\/bas-tv.md\/ro\/in-cautarea-unei-meserii-pentru-o-viata\/","name":"\u00cen c\u0103utarea unei meserii pentru o via\u021b\u0103 - BasTV","isPartOf":{"@id":"https:\/\/bas-tv.md\/ro\/#website"},"primaryImageOfPage":{"@id":"https:\/\/bas-tv.md\/ro\/in-cautarea-unei-meserii-pentru-o-viata\/#primaryimage"},"image":{"@id":"https:\/\/bas-tv.md\/ro\/in-cautarea-unei-meserii-pentru-o-viata\/#primaryimage"},"thumbnailUrl":"","datePublished":"2017-05-19T05:28:00+00:00","inLanguage":"ro-RO","potentialAction":[{"@type":"ReadAction","target":["https:\/\/bas-tv.md\/ro\/in-cautarea-unei-meserii-pentru-o-viata\/"]}]},{"@type":"ImageObject","inLanguage":"ro-RO","@id":"https:\/\/bas-tv.md\/ro\/in-cautarea-unei-meserii-pentru-o-viata\/#primaryimage","url":"","contentUrl":""},{"@type":"WebSite","@id":"https:\/\/bas-tv.md\/ro\/#website","url":"https:\/\/bas-tv.md\/ro\/","name":"BasTV","description":"Moldova","publisher":{"@id":"https:\/\/bas-tv.md\/ro\/#organization"},"potentialAction":[{"@type":"SearchAction","target":{"@type":"EntryPoint","urlTemplate":"https:\/\/bas-tv.md\/ro\/?s={search_term_string}"},"query-input":{"@type":"PropertyValueSpecification","valueRequired":true,"valueName":"search_term_string"}}],"inLanguage":"ro-RO"},{"@type":"Organization","@id":"https:\/\/bas-tv.md\/ro\/#organization","name":"BasTV","url":"https:\/\/bas-tv.md\/ro\/","logo":{"@type":"ImageObject","inLanguage":"ro-RO","@id":"https:\/\/bas-tv.md\/ro\/#\/schema\/logo\/image\/","url":"https:\/\/bas-tv.md\/wp-content\/uploads\/2023\/05\/bas-tv-culoarea-rosie.png","contentUrl":"https:\/\/bas-tv.md\/wp-content\/uploads\/2023\/05\/bas-tv-culoarea-rosie.png","width":202,"height":50,"caption":"BasTV"},"image":{"@id":"https:\/\/bas-tv.md\/ro\/#\/schema\/logo\/image\/"}},{"@type":"Person","@id":"https:\/\/bas-tv.md\/ro\/#\/schema\/person\/8740f45ea2eca1f1695284fc03529af0","name":"Redactor","image":{"@type":"ImageObject","inLanguage":"ro-RO","@id":"https:\/\/secure.gravatar.com\/avatar\/45b6af9fc91c10b15a8b40e67c1f57bab2e9614fc9f0af95cf453d61934e9aad?s=96&d=mm&r=g","url":"https:\/\/secure.gravatar.com\/avatar\/45b6af9fc91c10b15a8b40e67c1f57bab2e9614fc9f0af95cf453d61934e9aad?s=96&d=mm&r=g","contentUrl":"https:\/\/secure.gravatar.com\/avatar\/45b6af9fc91c10b15a8b40e67c1f57bab2e9614fc9f0af95cf453d61934e9aad?s=96&d=mm&r=g","caption":"Redactor"},"url":"https:\/\/bas-tv.md\/ro\/author\/redactor\/"}]}},"views":272,"_links":{"self":[{"href":"https:\/\/bas-tv.md\/ro\/wp-json\/wp\/v2\/posts\/70706","targetHints":{"allow":["GET"]}}],"collection":[{"href":"https:\/\/bas-tv.md\/ro\/wp-json\/wp\/v2\/posts"}],"about":[{"href":"https:\/\/bas-tv.md\/ro\/wp-json\/wp\/v2\/types\/post"}],"author":[{"embeddable":true,"href":"https:\/\/bas-tv.md\/ro\/wp-json\/wp\/v2\/users\/3"}],"replies":[{"embeddable":true,"href":"https:\/\/bas-tv.md\/ro\/wp-json\/wp\/v2\/comments?post=70706"}],"version-history":[{"count":0,"href":"https:\/\/bas-tv.md\/ro\/wp-json\/wp\/v2\/posts\/70706\/revisions"}],"wp:featuredmedia":[{"embeddable":true,"href":"https:\/\/bas-tv.md\/ro\/wp-json\/"}],"wp:attachment":[{"href":"https:\/\/bas-tv.md\/ro\/wp-json\/wp\/v2\/media?parent=70706"}],"wp:term":[{"taxonomy":"category","embeddable":true,"href":"https:\/\/bas-tv.md\/ro\/wp-json\/wp\/v2\/categories?post=70706"},{"taxonomy":"post_tag","embeddable":true,"href":"https:\/\/bas-tv.md\/ro\/wp-json\/wp\/v2\/tags?post=70706"}],"curies":[{"name":"wp","href":"https:\/\/api.w.org\/{rel}","templated":true}]}}