{"id":70765,"date":"2017-06-23T05:31:18","date_gmt":"2017-06-23T05:31:18","guid":{"rendered":"https:\/\/bas-tv.md\/?p=1514\/"},"modified":"2017-06-23T05:31:18","modified_gmt":"2017-06-23T05:31:18","slug":"curajul-de-a-investi-in-moldova-banii-castigati-peste-hotare","status":"publish","type":"post","link":"https:\/\/bas-tv.md\/ro\/curajul-de-a-investi-in-moldova-banii-castigati-peste-hotare\/","title":{"rendered":"Curajul de a investi \u00een Moldova banii c\u00e2\u0219tiga\u021bi peste hotare"},"content":{"rendered":"<section class=\"section section--body section--first\">\n<div class=\"section-content\">\n<div class=\"section-inner sectionLayout--insetColumn\">\n<blockquote id=\"1cc9\" class=\"graf graf--blockquote graf-after--h3\"><p><strong class=\"markup--strong markup--blockquote-strong\">Moldoveni, veni\u021bi acas\u0103! e \u00eendemnul Guvernului care are un program cofinan\u021bat de UE de atragere a investi\u021biilor migran\u021bilor moldoveni. Nu to\u021bi \u00eens\u0103 \u00eendr\u0103znesc s\u0103 aib\u0103 \u00eencredere \u0219i s\u0103 investeasc\u0103 \u00een \u021bara cu un rating sc\u0103zut \u00een domeniul siguran\u021bei investi\u021biilor. Mul\u021bi dintre cei care revin o fac, \u00een mare parte, din motive sentimentale \u0219i mai pu\u021bin pragmatice. De\u0219i nu ofer\u0103 date concrete \u00een acest sens, reprezentan\u021bii Programului guvernamental PARE 1+1 recunosc c\u0103 unii migran\u021bi se dezam\u0103gesc \u0219i \u00ee\u0219i \u00eenchid afacerile. Am \u00eencercat s\u0103 vedem cum se descurc\u0103 o familie de migran\u021bi care a investit de cur\u00e2nd \u00eentr-un business agricol.<\/strong><\/p><\/blockquote>\n<\/div>\n<div class=\"section-inner sectionLayout--outsetColumn\">\n<figure id=\"78aa\" class=\"graf graf--figure graf--layoutOutsetCenter graf-after--blockquote graf--trailing\" data-scroll=\"native\">\n<div class=\"aspectRatioPlaceholder is-locked\">\n<div class=\"aspectRatioPlaceholder-fill\"><\/div>\n<div class=\"progressiveMedia js-progressiveMedia graf-image is-canvasLoaded is-imageLoaded\" data-image-id=\"1*Q8ZPOrx5RRhiPYs92ZlTlw.jpeg\" data-width=\"5184\" data-height=\"3456\" data-action=\"zoom\" data-action-value=\"1*Q8ZPOrx5RRhiPYs92ZlTlw.jpeg\" data-scroll=\"native\"><canvas class=\"progressiveMedia-canvas js-progressiveMedia-canvas\" width=\"75\" height=\"50\"><\/canvas><img decoding=\"async\" class=\"progressiveMedia-image js-progressiveMedia-image\" src=\"https:\/\/cdn-images-1.medium.com\/max\/1000\/1*Q8ZPOrx5RRhiPYs92ZlTlw.jpeg\" data-src=\"https:\/\/cdn-images-1.medium.com\/max\/1000\/1*Q8ZPOrx5RRhiPYs92ZlTlw.jpeg\" \/><\/div>\n<\/div><figcaption class=\"imageCaption\">,<\/figcaption><\/figure>\n<\/div>\n<\/div>\n<\/section>\n<section class=\"section section--body\">\n<div class=\"section-divider\">\n<hr class=\"section-divider\" \/>\n<\/div>\n<div class=\"section-content\">\n<div class=\"section-inner sectionLayout--insetColumn\">\n<p id=\"8b3a\" class=\"graf graf--p graf--leading\">Lucia Ca\u0219ineanu din satul Bu\u021beni, raionul H\u00e2nce\u0219ti \u0219i-a construit, \u00eempreun\u0103 cu so\u021bul s\u0103u, \u00een anul 2015, dou\u0103 sere \u00een care cultiv\u0103 castrave\u021bi. \u201eSo\u021bul meu a lucrat 15 ani \u00een Italia, eu\u200a\u2014\u200a12. El \u0219i-a dorit foarte mult s\u0103 creasca plante \u0219i a v\u0103zut cum se face dup\u0103 ce a lucrat \u00een localitatea Matca din Rom\u00e2nia. La \u00eenceput ne-a fost team\u0103, dar am prins la curaj, am studiat tot ce s-a putut despre acest gen de afaceri, am cump\u0103rat un hectar de p\u0103m\u00e2nt \u0219i am \u00eenceput construc\u021bia serelor\u201d, poveste\u0219te femeia.<\/p>\n<p id=\"ea72\" class=\"graf graf--p graf-after--p\"><strong class=\"markup--strong markup--p-strong\">VIDEO: Povestea unei afaceri pornite de doi so\u021bi care au muncit ani la r\u00e2ndul \u00een Italia<\/strong><\/p>\n<p><iframe title=\"Buteni castraveti\" width=\"580\" height=\"326\" data-src=\"https:\/\/www.youtube.com\/embed\/AQTKKpQkjlw?feature=oembed\" frameborder=\"0\" allow=\"accelerometer; autoplay; clipboard-write; encrypted-media; gyroscope; picture-in-picture; web-share\" referrerpolicy=\"strict-origin-when-cross-origin\" allowfullscreen src=\"data:image\/svg+xml;base64,PHN2ZyB3aWR0aD0iMSIgaGVpZ2h0PSIxIiB4bWxucz0iaHR0cDovL3d3dy53My5vcmcvMjAwMC9zdmciPjwvc3ZnPg==\" class=\"lazyload\" data-load-mode=\"1\"><\/iframe><\/p>\n<figure id=\"9b29\" class=\"graf graf--figure graf--iframe graf-after--p graf--trailing\">\n<div class=\"aspectRatioPlaceholder is-locked\"><\/div>\n<\/figure>\n<\/div>\n<\/div>\n<\/section>\n<section class=\"section section--body\">\n<div class=\"section-content\">\n<div class=\"section-inner sectionLayout--insetColumn\">\n<p id=\"00bd\" class=\"graf graf--p graf--startsWithDoubleQuote graf--leading\"><strong class=\"markup--strong markup--p-strong\">\u201ePrin birouri mul\u021bi func\u021bionari \u00ee\u0219i dau aere \u0219i nu \u00ee\u021bi explic\u0103 cum trebuie s\u0103 procedezi, iar c\u00e2nd vin s\u0103 te amendeze g\u0103sesc \u0219i legi \u0219i tot!\u201d<\/strong><\/p>\n<p id=\"4506\" class=\"graf graf--p graf-after--p\">Pentru c\u0103 nu dispuneau de mul\u021bi bani, au construit serele pe baz\u0103 de lemn de brad, adus din Rom\u00e2nia \u0219i Belarus, iar pelicula \u0219i instala\u021biile pentru irigare le-au cump\u0103rat din \u021bar\u0103. \u201e<em class=\"markup--em markup--p-em\">Ne-am fi dorit s\u0103 construim sere pe baz\u0103 de fier, care sunt mai rezistente, dar ele sunt practic de dou\u0103 ori mai scumpe<\/em>\u201d. \u00cen primul an au crescut ro\u0219ii, apoi\u200a\u2014\u200acastrave\u021bi. Culeg dou\u0103 recolte pe an, iar marfa o v\u00e2nd la c\u00e2teva pie\u021be \u0219i magazine cu care au \u00eencheiate contracte. Fiecare ser\u0103 are 18 ari, pe care cresc c\u00e2te 6000 de plante.<\/p>\n<p id=\"6f7d\" class=\"graf graf--p graf--startsWithDoubleQuote graf-after--p\">\u201e<em class=\"markup--em markup--p-em\">\u00cenc\u0103 nu ne-am recuperat cheltuielile. Uneori ne vine s\u0103 l\u0103s\u0103m totul balt\u0103 \u0219i s\u0103 plec\u0103m, dar g\u0103sim puteri s\u0103 mergem \u00eenainte<\/em>\u201d, spune Lucia Ca\u0219ineanu, referindu-se la diferite dificult\u0103\u021bi prin care trec. Ea afirm\u0103 c\u0103 de multe ori pe pia\u021b\u0103 pre\u021bul castrave\u021bilor autohtoni scade din cauza celor de import, din Ucraina sau Rom\u00e2nia. O alt\u0103 problem\u0103 ar fi for\u021ba de munc\u0103: \u201e<em class=\"markup--em markup--p-em\">A fost greu de g\u0103sit lucr\u0103tori care \u00eentr-adev\u0103r vor s\u0103 munceasc\u0103. Oamenii sunt pleca\u021bi peste hotare, aici nu prea are cine lucra. P\u00e2n\u0103 la urm\u0103, ne-am format o echip\u0103 din 4 angajate \u00een care putem avea \u00eencredere<\/em>\u201d.<\/p>\n<p id=\"700c\" class=\"graf graf--p graf-after--p\">Despre rela\u021bia cu autorit\u0103\u021bile, Lucia spune c\u0103 \u0219i-ar dori un grad mai mare de indulgen\u021b\u0103. \u201e<em class=\"markup--em markup--p-em\">Uneori, din diferite birouri de stat, ni se spune: \u201eP\u0103i ce vre\u021bi? Voi a\u0219a v-a\u021bi ales\u201d. Nu cred c\u0103 e corect. Multe persoane de prin birouri \u00ee\u0219i dau aere \u0219i nu te l\u0103muresc ce ai de f\u0103cut \u00een multe situa\u021bii\u2026 Dar c\u00e2nd vin s\u0103 te amendeze g\u0103sesc \u0219i legi \u0219i tot\u2026 Asta e<\/em>!\u201d<\/p>\n<p id=\"3caf\" class=\"graf graf--p graf-after--p\">So\u021bii Ca\u0219ineanu nu au beneficiat de programul PARE 1+1, hot\u0103r\u00e2nd s\u0103 se descurce pe cont propriu. Au beneficiat de mici subven\u021bii la procurarea peliculei \u0219i au contractat un credit. Ei spun c\u0103 \u0219i ast\u0103zi casa lor este gajat\u0103. Cu toate acestea, planific\u0103 s\u0103 mai deschid\u0103 o ser\u0103 la anul viitor.<\/p>\n<\/div>\n<div class=\"section-inner sectionLayout--outsetRow\" data-paragraph-count=\"3\">\n<figure id=\"4898\" class=\"graf graf--figure graf--layoutOutsetRow is-partialWidth graf-after--p\" data-scroll=\"native\">\n<div class=\"aspectRatioPlaceholder is-locked\">\n<div class=\"aspectRatioPlaceholder-fill\"><\/div>\n<div class=\"progressiveMedia js-progressiveMedia graf-image is-canvasLoaded is-imageLoaded\" data-image-id=\"1*0A5LthBzsSOfQ8WjB8nzyg.jpeg\" data-width=\"5184\" data-height=\"3456\" data-action=\"zoom\" data-action-value=\"1*0A5LthBzsSOfQ8WjB8nzyg.jpeg\" data-scroll=\"native\"><canvas class=\"progressiveMedia-canvas js-progressiveMedia-canvas\" width=\"75\" height=\"50\"><\/canvas><img decoding=\"async\" class=\"progressiveMedia-image js-progressiveMedia-image alignleft\" src=\"https:\/\/cdn-images-1.medium.com\/max\/400\/1*0A5LthBzsSOfQ8WjB8nzyg.jpeg\" data-src=\"https:\/\/cdn-images-1.medium.com\/max\/400\/1*0A5LthBzsSOfQ8WjB8nzyg.jpeg\" \/><\/div>\n<\/div>\n<\/figure>\n<figure id=\"869f\" class=\"graf graf--figure graf--layoutOutsetRowContinue is-partialWidth graf-after--figure\" data-scroll=\"native\">\n<div class=\"aspectRatioPlaceholder is-locked\">\n<div class=\"aspectRatioPlaceholder-fill\"><\/div>\n<div class=\"progressiveMedia js-progressiveMedia graf-image is-canvasLoaded is-imageLoaded\" data-image-id=\"1*BkfJr0w8Swqefujhut9Vtw.jpeg\" data-width=\"5184\" data-height=\"3456\" data-action=\"zoom\" data-action-value=\"1*BkfJr0w8Swqefujhut9Vtw.jpeg\" data-scroll=\"native\"><canvas class=\"progressiveMedia-canvas js-progressiveMedia-canvas\" width=\"75\" height=\"50\"><\/canvas><img decoding=\"async\" class=\"progressiveMedia-image js-progressiveMedia-image alignright\" src=\"https:\/\/cdn-images-1.medium.com\/max\/400\/1*BkfJr0w8Swqefujhut9Vtw.jpeg\" data-src=\"https:\/\/cdn-images-1.medium.com\/max\/400\/1*BkfJr0w8Swqefujhut9Vtw.jpeg\" \/><\/div>\n<\/div>\n<\/figure>\n<figure id=\"0e22\" class=\"graf graf--figure graf--layoutOutsetRowContinue is-partialWidth graf-after--figure\" data-scroll=\"native\">\n<div class=\"aspectRatioPlaceholder is-locked\">\n<div class=\"aspectRatioPlaceholder-fill\"><\/div>\n<div class=\"progressiveMedia js-progressiveMedia graf-image is-canvasLoaded is-imageLoaded\" data-image-id=\"1*AKEO1pW9RZmo9eyfTAqOPQ.jpeg\" data-width=\"5184\" data-height=\"3456\" data-action=\"zoom\" data-action-value=\"1*AKEO1pW9RZmo9eyfTAqOPQ.jpeg\" data-scroll=\"native\"><canvas class=\"progressiveMedia-canvas js-progressiveMedia-canvas\" width=\"75\" height=\"50\"><\/canvas><img decoding=\"async\" class=\"progressiveMedia-image js-progressiveMedia-image\" src=\"https:\/\/cdn-images-1.medium.com\/max\/400\/1*AKEO1pW9RZmo9eyfTAqOPQ.jpeg\" data-src=\"https:\/\/cdn-images-1.medium.com\/max\/400\/1*AKEO1pW9RZmo9eyfTAqOPQ.jpeg\" \/><\/div>\n<\/div>\n<\/figure>\n<\/div>\n<div class=\"section-inner sectionLayout--outsetRow\" data-paragraph-count=\"3\">\n<figure id=\"caf6\" class=\"graf graf--figure graf--layoutOutsetRow is-partialWidth graf-after--figure\" data-scroll=\"native\">\n<div class=\"aspectRatioPlaceholder is-locked\">\n<div class=\"aspectRatioPlaceholder-fill\"><\/div>\n<div class=\"progressiveMedia js-progressiveMedia graf-image is-canvasLoaded is-imageLoaded\" data-image-id=\"1*oOCbE4pAyW8fwsnhR1x4CA.jpeg\" data-width=\"5184\" data-height=\"3456\" data-action=\"zoom\" data-action-value=\"1*oOCbE4pAyW8fwsnhR1x4CA.jpeg\" data-scroll=\"native\"><canvas class=\"progressiveMedia-canvas js-progressiveMedia-canvas\" width=\"75\" height=\"50\"><\/canvas><img decoding=\"async\" class=\"progressiveMedia-image js-progressiveMedia-image alignright\" src=\"https:\/\/cdn-images-1.medium.com\/max\/400\/1*oOCbE4pAyW8fwsnhR1x4CA.jpeg\" data-src=\"https:\/\/cdn-images-1.medium.com\/max\/400\/1*oOCbE4pAyW8fwsnhR1x4CA.jpeg\" \/><\/div>\n<\/div>\n<\/figure>\n<figure id=\"92e6\" class=\"graf graf--figure graf--layoutOutsetRowContinue is-partialWidth graf-after--figure\" data-scroll=\"native\">\n<div class=\"aspectRatioPlaceholder is-locked\">\n<div class=\"aspectRatioPlaceholder-fill\"><\/div>\n<div class=\"progressiveMedia js-progressiveMedia graf-image is-canvasLoaded is-imageLoaded\" data-image-id=\"1*xlEeWnrQEPCk5deZ0uHxAA.jpeg\" data-width=\"5184\" data-height=\"3456\" data-action=\"zoom\" data-action-value=\"1*xlEeWnrQEPCk5deZ0uHxAA.jpeg\" data-scroll=\"native\"><canvas class=\"progressiveMedia-canvas js-progressiveMedia-canvas\" width=\"75\" height=\"50\"><\/canvas><img decoding=\"async\" class=\"progressiveMedia-image js-progressiveMedia-image\" src=\"https:\/\/cdn-images-1.medium.com\/max\/400\/1*xlEeWnrQEPCk5deZ0uHxAA.jpeg\" data-src=\"https:\/\/cdn-images-1.medium.com\/max\/400\/1*xlEeWnrQEPCk5deZ0uHxAA.jpeg\" \/><\/div>\n<\/div>\n<\/figure>\n<figure id=\"683c\" class=\"graf graf--figure graf--layoutOutsetRowContinue is-partialWidth graf-after--figure graf--trailing\" data-scroll=\"native\">\n<div class=\"aspectRatioPlaceholder is-locked\">\n<div class=\"aspectRatioPlaceholder-fill\"><\/div>\n<div class=\"progressiveMedia js-progressiveMedia graf-image is-canvasLoaded is-imageLoaded\" data-image-id=\"1*MBYv7eXd4M_sQFuko7QkhA.jpeg\" data-width=\"5184\" data-height=\"3456\" data-action=\"zoom\" data-action-value=\"1*MBYv7eXd4M_sQFuko7QkhA.jpeg\" data-scroll=\"native\"><canvas class=\"progressiveMedia-canvas js-progressiveMedia-canvas\" width=\"75\" height=\"50\"><\/canvas><img decoding=\"async\" class=\"progressiveMedia-image js-progressiveMedia-image alignright\" src=\"https:\/\/cdn-images-1.medium.com\/max\/400\/1*MBYv7eXd4M_sQFuko7QkhA.jpeg\" data-src=\"https:\/\/cdn-images-1.medium.com\/max\/400\/1*MBYv7eXd4M_sQFuko7QkhA.jpeg\" \/><\/div>\n<\/div><figcaption class=\"imageCaption\"><strong class=\"markup--strong markup--figure-strong\">O afacere pornit\u0103 de la zero de familia Ca\u0219ineanu, care a revenit acas\u0103 din\u00a0Italia<\/strong><\/figcaption><\/figure>\n<\/div>\n<\/div>\n<\/section>\n<section class=\"section section--body\">\n<div class=\"section-divider\">\n<hr class=\"section-divider\" \/>\n<\/div>\n<div class=\"section-content\">\n<div class=\"section-inner sectionLayout--insetColumn\">\n<p>&nbsp;<\/p>\n<p>&nbsp;<\/p>\n<p>&nbsp;<\/p>\n<p>&nbsp;<\/p>\n<p>&nbsp;<\/p>\n<p id=\"47e4\" class=\"graf graf--p graf--leading\"><strong class=\"markup--strong markup--p-strong\">Reprezentant al Ministerului Economiei: \u201eSunt cazuri \u00een care migran\u021bii \u00ee\u0219i \u00eenchid afacerile, dar acest procent e mic\u201d<\/strong><\/p>\n<p id=\"7ac5\" class=\"graf graf--p graf-after--p\">Alte afaceri ale migran\u021bilor se bazeaz\u0103 \u00eens\u0103 pe suportul Guvernului \u0219i al Uniunii Europene. \u00cen ultimii 7 ani, \u00een jur de 1000 de migran\u021bi au participat la programul PARE 1+1, cofinan\u021bat de Uniunea European\u0103. Proiectul presupune dublarea, sub form\u0103 de grant, a sumei investite de migrant \u00eentr-o afacere \u00een \u021bar\u0103. Datele Ministerului Economiei arat\u0103 c\u0103 fiecare a doua afacere finan\u021bat\u0103 \u00een anii preceden\u021bi este pornit\u0103 de un t\u00e2n\u0103r cu v\u00e2rsta de p\u00e2n\u0103 la 35 de ani, iar fiecare a doua\u200a\u2014\u200ade o femeie. Cele mai multe afaceri cofinan\u021bate prin acest program \u021bin de \u00een domeniul agricol.<\/p>\n<figure id=\"464c\" class=\"graf graf--figure graf--layoutOutsetLeft graf-after--p\" data-scroll=\"native\">\n<div class=\"aspectRatioPlaceholder is-locked\">\n<div class=\"progressiveMedia js-progressiveMedia graf-image is-canvasLoaded is-imageLoaded\" data-image-id=\"1*k0-IOzgUl_8WZ4c0X1IWBA.jpeg\" data-width=\"300\" data-height=\"450\" data-scroll=\"native\">\n<figure style=\"width: 300px\" class=\"wp-caption alignleft\"><img fetchpriority=\"high\" decoding=\"async\" class=\"progressiveMedia-image js-progressiveMedia-image\" src=\"https:\/\/cdn-images-1.medium.com\/max\/600\/1*k0-IOzgUl_8WZ4c0X1IWBA.jpeg\" alt=\"\" width=\"300\" height=\"450\" data-src=\"https:\/\/cdn-images-1.medium.com\/max\/600\/1*k0-IOzgUl_8WZ4c0X1IWBA.jpeg\" \/><figcaption class=\"wp-caption-text\">Iulia Iabanji, directoare ODIMM<\/figcaption><\/figure>\n<\/div>\n<\/div><figcaption class=\"imageCaption\"><\/figcaption><strong class=\"markup--strong markup--p-strong\"><em class=\"markup--em markup--p-em\">\u201ePentru noi, toate aceste istorii ale migran\u021bilor sunt de succes. \u00cen primii ani eram a\u0219a de m\u00e2ndri de programul nostru \u00eenc\u00e2t scriam istoria fiec\u0103ruia \u00eentr-o bro\u0219ur\u0103 pe care o edit\u0103m. La un moment am ajuns s\u0103 avem 500 de istorii, iar acum am ajuns la un num\u0103r de 1000 \u0219i am decis s\u0103 le public\u0103m doar pe cele mai relevante<\/em><\/strong>\u201d, spune Iulia Iabanji, directoarea Organiza\u021biei Pentru Dezvoltarea \u00centreprinderilor Mici \u0219i Mijlocii.<\/figure>\n<p id=\"720d\" class=\"graf graf--p graf-after--p\">Potrivit ei, la baza dezvolt\u0103rii acestui program au stat datele unui sondaj care demonstra c\u0103 mai mul\u021bi moldoveni ar dori s\u0103 revin\u0103 \u00een patrie. \u201e<strong class=\"markup--strong markup--p-strong\"><em class=\"markup--em markup--p-em\">La acel moment, \u00een urm\u0103 cu opt ani, circa 70 la sut\u0103 din moldovenii pleca\u021bi peste hotare spuneau c\u0103 ar vrea s\u0103 se \u00eentoarc\u0103 \u00een \u021bar\u0103, iar peste 12\u201320 la sut\u0103 dintre ace\u0219tia spuneau c\u0103 ar vrea s\u0103 \u00ee\u0219i lanseze o afacere. Asta ne-a mobilizat s\u0103 c\u0103ut\u0103m posibilit\u0103\u021bi pentru a-i ajuta. De ce nu au revenit at\u00e2\u021bi c\u00e2\u021bi ne-am dorit? Unii nu se \u00eentorceau pentru c\u0103 doreau s\u0103 realizeze p\u00e2n\u0103 la sf\u00e2r\u0219it contractul de munc\u0103 pe care \u00eel aveau la acel moment \u0219i salariul atractiv pe care \u00eel aveau acolo nu le permitea s\u0103 revin\u0103 \u00eentr-o situa\u021bie mereu schimb\u0103toare care era \u00een Republica Moldova. Al\u021bii nu reveneau din cauza c\u0103 vroiau s\u0103 le ofere copiilor \u0219ansa s\u0103 termine o \u0219coal\u0103 \u00een Europa. Am avut foarte multe deplas\u0103ri peste hotare \u00een perioada aceea \u0219i am \u00eent\u00e2lnit foarte multe familii care vroiau s\u0103 revin\u0103 acas\u0103, dar c\u0103rora le era fric\u0103 pentru c\u0103 nu aveau preg\u0103tirea necesar\u0103<\/em><\/strong>\u201d.<\/p>\n<p id=\"9683\" class=\"graf graf--p graf-after--p\">Drept urmare, una din condi\u021biile de accedere la programul PARE 1+1 este ca migran\u021bii \u0219i rudele acestora s\u0103 treac\u0103 prin cursuri de instruire de zece zile. De la lansarea programului, peste 1600 de persoane au beneficiat de astfel de cursuri.<\/p>\n<figure id=\"e8e7\" class=\"graf graf--figure graf--iframe graf-after--p\">\n<div class=\"aspectRatioPlaceholder is-locked\"><\/div>\n<\/figure>\n<p id=\"522d\" class=\"graf graf--p graf-after--figure\">Ludmila Stihi, \u0219ef\u0103 de direc\u021bie \u00een cadrul ODIMM spune c\u0103 totu\u0219i, un procent mic de migran\u021bi \u00ee\u0219i \u00eenchid afacerile pornite \u00een cadrul proiectului PARE.<\/p>\n<p id=\"2006\" class=\"graf graf--p graf--startsWithDoubleQuote graf-after--p\">\u201e<strong class=\"markup--strong markup--p-strong\"><em class=\"markup--em markup--p-em\">Un motiv ar fi c\u0103 \u00eent\u00e2mpin\u0103 greut\u0103\u021bi la comercializarea produsului, deoarece \u00een Moldova nu exist\u0103 reglement\u0103ri la acest capitol. Am avut un caz \u00een care o femeie a deschis o cresc\u0103torie de vipere de la care extr\u0103gea venin, dar sunt anumite cerin\u021be la exportul acestui venin. Ea muncise \u00een Rom\u00e2nia \u00eentr-o ferm\u0103 similar\u0103. Ideea e foarte bun\u0103 deoarece veninul de \u0219arpe se utilizeaz\u0103 \u00een medicin\u0103, farmacie etc\u201d<\/em><\/strong>, a declarat Ludmila Stihi.<\/p>\n<p id=\"930d\" class=\"graf graf--p graf-after--p graf--trailing\">Ea afirm\u0103 c\u0103 \u00een alte cazuri migran\u021bii las\u0103 m\u00e2inile \u00een jos din cauza unor func\u021bionari din administra\u021bia public\u0103 local\u0103: <strong class=\"markup--strong markup--p-strong\"><em class=\"markup--em markup--p-em\">\u201eSunt cazuri \u00een care autorit\u0103\u021bile nu le permit s\u0103 procure terenurile de care au nevoie, dar peste ceva timp acestea sunt v\u00e2ndute unor rude ale autorit\u0103\u021bilor publice locale. Exist\u0103 o discriminare \u0219i la capitolul taxe locale. Pentru acela\u0219i teren, cu indici similari, pentru unii oameni este stabilit\u0103 limita de sus a plafonului, iar pentru al\u021bii limita de jos\u201d<\/em><\/strong>.<\/p>\n<\/div>\n<\/div>\n<\/section>\n<section class=\"section section--body\">\n<div class=\"section-divider\">\n<hr class=\"section-divider\" \/>\n<\/div>\n<div class=\"section-content\">\n<div class=\"section-inner sectionLayout--insetColumn\">\n<p id=\"22b2\" class=\"graf graf--p graf--leading\">\u00cen timp ce autorit\u0103\u021bile caut\u0103 s\u0103 \u00eei conving\u0103 pe migran\u021bi s\u0103 revin\u0103 acas\u0103, unii dintre ei spun c\u0103 nu s-ar \u00eencumeta s\u0103 deschid\u0103 o afacere \u00een Moldova. Motivul\u200a\u2014\u200alipsa \u00eencrederii \u00een climatul investi\u021bional.<\/p>\n<p id=\"401b\" class=\"graf graf--p graf-after--p\">Este \u0219i cazul Ecaterinei Mo\u0219neaga, o femeie din Moldova care a plecat acum 17 ani \u00een Italia, iar de 12 ani este proprietar\u0103 a dou\u0103 pub-uri, unde munce\u0219te cot la cot cu angaja\u021bii.<\/p>\n<figure id=\"f99b\" class=\"graf graf--figure graf--layoutOutsetLeft graf-after--p\" data-scroll=\"native\">\n<div class=\"aspectRatioPlaceholder is-locked\">\n<div class=\"aspectRatioPlaceholder-fill\"><\/div>\n<div class=\"progressiveMedia js-progressiveMedia graf-image is-canvasLoaded is-imageLoaded\" data-image-id=\"1*Hp-X26FqZ1B7HhzLeg4t1w.jpeg\" data-width=\"350\" data-height=\"324\" data-scroll=\"native\"><canvas class=\"progressiveMedia-canvas js-progressiveMedia-canvas\" width=\"75\" height=\"67\"><\/canvas><img decoding=\"async\" class=\"progressiveMedia-image js-progressiveMedia-image\" src=\"https:\/\/cdn-images-1.medium.com\/max\/600\/1*Hp-X26FqZ1B7HhzLeg4t1w.jpeg\" data-src=\"https:\/\/cdn-images-1.medium.com\/max\/600\/1*Hp-X26FqZ1B7HhzLeg4t1w.jpeg\" \/><\/div>\n<\/div><figcaption class=\"imageCaption\"><strong class=\"markup--strong markup--figure-strong\">Ecaterina Mo\u0219neaga a emigrat \u00een Italia acum 17 ani \u0219i nici nu se g\u00e2nde\u0219te s\u0103 revin\u0103\u00a0\u201eacas\u0103\u201d<\/strong><\/figcaption><\/figure>\n<p id=\"b0e5\" class=\"graf graf--p graf-after--figure\">Este mul\u021bumit\u0103 de traiul pe care \u00eel are acolo \u0219i spune c\u0103 nu ar \u00eendr\u0103zni s\u0103 investeasc\u0103 \u00een Moldova: \u201e\u201dMoldova fara viitor\u201d\u200a\u2014\u200ae ceea la ce m\u0103 g\u00e2ndesc atunci c\u00e2nd sunt \u00eentrebat\u0103 dac\u0103 a\u0219 reveni acas\u0103. Sper c\u0103 m\u0103 \u00een\u0219el. \u00cemi pare foarte r\u0103u, dar eu personal nu cred c\u0103 voi mai reveni \u00een \u021bar\u0103 \u0219i cu at\u00e2t mai pu\u021bin pentru a deschide o afacere. Dac\u0103 m-a\u021bi fi \u00eentrebat despre asta acum 17 ani, poate c\u0103 r\u0103spunsul era altul. Noi, cei pleca\u021bi, am f\u0103cut deja r\u0103d\u0103cini aici, ne este bine, nu ne lipse\u0219te nimic, nu v\u0103d un motiv valid pentru care ne-am \u00eentoarce \u201eacasa\u201d.<\/p>\n<h4 id=\"266d\" class=\"graf graf--h4 graf--startsWithDoubleQuote graf-after--p\">\u201e\u00cen Moldova avem un mediu de afaceri care continu\u0103 s\u0103 alunge oamenii din\u00a0\u021bar\u0103\u201d<\/h4>\n<p id=\"1915\" class=\"graf graf--p graf-after--h4\">Exper\u021bii consider\u0103 c\u0103 lipsa \u00eencrederii \u00een autorit\u0103\u021bi este principalul motiv pentru care cei mai mul\u021bi moldoveni se tem s\u0103 se \u00eentoarc\u0103 acas\u0103 \u0219i s\u0103 \u00ee\u0219i deschid\u0103 aici o afacere. Natalia Gavrili\u021b\u0103, partenera la Fondul Global pentru Inova\u021bii, este de p\u0103rerea c\u0103 mul\u021bi moldoveni au plecat din \u021bar\u0103 anume din motivul c\u0103 nu au avut un mediu favorabil pentru a-\u0219i realiza poten\u021bialul, inclusiv \u00een afaceri.<\/p>\n<figure id=\"fce3\" class=\"graf graf--figure graf--layoutOutsetLeft graf-after--p\" data-scroll=\"native\">\n<div class=\"aspectRatioPlaceholder is-locked\">\n<div class=\"aspectRatioPlaceholder-fill\"><\/div>\n<div class=\"progressiveMedia js-progressiveMedia graf-image is-canvasLoaded is-imageLoaded\" data-image-id=\"1*szHLKOiWL7dc21O1CCT5RQ.jpeg\" data-width=\"400\" data-height=\"266\" data-scroll=\"native\"><canvas class=\"progressiveMedia-canvas js-progressiveMedia-canvas\" width=\"75\" height=\"47\"><\/canvas><img decoding=\"async\" class=\"progressiveMedia-image js-progressiveMedia-image\" src=\"https:\/\/cdn-images-1.medium.com\/max\/600\/1*szHLKOiWL7dc21O1CCT5RQ.jpeg\" data-src=\"https:\/\/cdn-images-1.medium.com\/max\/600\/1*szHLKOiWL7dc21O1CCT5RQ.jpeg\" \/><\/div>\n<\/div><figcaption class=\"imageCaption\"><strong class=\"markup--strong markup--figure-strong\">Natalia Gavrili\u021b\u0103, economist\u0103 care lucreaz\u0103 \u00eentr-o companie interna\u021bional\u0103<\/strong><\/figcaption><\/figure>\n<p id=\"1d34\" class=\"graf graf--p graf--startsWithDoubleQuote graf-after--figure\">\u201d<strong class=\"markup--strong markup--p-strong\"><em class=\"markup--em markup--p-em\">\u00cen Moldova, riscurile investi\u021biei sunt mult prea mari pentru o pia\u021b\u0103 at\u00e2t de mic\u0103. Avem un mediu de afaceri prost care, din p\u0103cate, se \u00eenr\u0103ut\u0103\u021be\u0219te, \u00een pofida declara\u021biilor \u0219i ac\u021biunilor formale ale autorita\u0103\u021bilor. Riscurile investi\u021bionale cele mai mari sunt legate de corup\u021bia endemic\u0103, aplicarea selectiv\u0103 a legilor \u0219i justi\u021bia controlat\u0103. Cum poate activa un antreprenor \u00een condi\u021biile \u00een care controalele din partea organelor de stat sunt impredictibile, problemele \u201ese rezolv\u0103\u201d prin mit\u0103, iar disputele de afaceri le c\u00e2\u0219tiga cei cu influen\u021b\u0103 \u0219i buzunar mai mare? Cunosc o familie din Moldova care administreaz\u0103 o afacere de succes chiar \u00een centrul Londrei \u0219i care a \u00eencercat s\u0103 investeasc\u0103 \u00eentr-o afacere acas\u0103, dar a fost sufocat\u0103 de har\u021buirea din partea organelor statului. Astfel, \u00een Moldova avem un mediu de afaceri care nu doar nu-i atrage pe migran\u021bi s\u0103 revin\u0103, dar care continu\u0103 s\u0103-i alunge din \u021bar\u0103\u201d, <\/em><\/strong>spune experta.<\/p>\n<p id=\"f9ac\" class=\"graf graf--p graf-after--p\"><strong class=\"markup--strong markup--p-strong\">Mediul de afaceri \u00een Moldova, un fel de \u201cWild Wild West\u201d<\/strong><\/p>\n<p id=\"57ca\" class=\"graf graf--p graf-after--p\">Unul dintre moldovenii stabili\u021bi peste hotare, Dumitru Vicol, care este economist la o banc\u0103 de investi\u021bii din Londra, explic\u0103 de ce unii concet\u0103\u021beni sunt timora\u021bi atunci c\u00e2nd vine vorba s\u0103 revin\u0103 acas\u0103 \u0219i s\u0103 investeasc\u0103 aici.<\/p>\n<figure id=\"0708\" class=\"graf graf--figure graf--layoutOutsetLeft graf-after--p\" data-scroll=\"native\">\n<div class=\"aspectRatioPlaceholder is-locked\">\n<div class=\"aspectRatioPlaceholder-fill\"><\/div>\n<div class=\"progressiveMedia js-progressiveMedia graf-image is-canvasLoaded is-imageLoaded\" data-image-id=\"1*LPvzoRhEzN1zVDbr-F3I1A.jpeg\" data-width=\"296\" data-height=\"309\" data-scroll=\"native\"><canvas class=\"progressiveMedia-canvas js-progressiveMedia-canvas\" width=\"72\" height=\"75\"><\/canvas><img decoding=\"async\" class=\"progressiveMedia-image js-progressiveMedia-image\" src=\"https:\/\/cdn-images-1.medium.com\/max\/600\/1*LPvzoRhEzN1zVDbr-F3I1A.jpeg\" data-src=\"https:\/\/cdn-images-1.medium.com\/max\/600\/1*LPvzoRhEzN1zVDbr-F3I1A.jpeg\" \/><\/div>\n<\/div><figcaption class=\"imageCaption\"><strong class=\"markup--strong markup--figure-strong\">Dumitru Vicol, originar din R.Moldova, economist la o banc\u0103 din\u00a0Londra<\/strong><\/figcaption><\/figure>\n<p id=\"4a53\" class=\"graf graf--p graf--startsWithDoubleQuote graf-after--figure\">\u201e<strong class=\"markup--strong markup--p-strong\"><em class=\"markup--em markup--p-em\">Mediul de afaceri \u00een Moldova a devenit un fel de \u201cWild Wild West\u201d, pentru c\u0103 exist\u0103 oportunit\u0103\u021bi de a c\u00e2stiga bani frumo\u0219i, \u00eens\u0103 \u0219i riscurile sunt mari, dupa parerea mea. Unele sectoare precum agricultura tehnologizat\u0103, outsourcing-ul \u0219i IT-ul sunt destul de atractive pentru unii antreprenori. \u00cen plus, o \u021bar\u0103 unde statul de drept nu func\u021bioneaz\u0103, economia e subdezvoltat\u0103 \u0219i evaziunea fiscal\u0103 e la ordinea zilei, pare s\u0103 atrag\u0103 investitori agresivi care \u0219tiu s\u0103 se dezvolte \u00een acel mediu \u0219i au scopuri mai pu\u021bin bine inten\u021bionate. Din p\u0103cate, acest mediu nu este benefic pentru antreprenorii mici, care \u00ee\u0219i doresc doar un venit decent. \u00cen aceast\u0103 categorie sunt \u0219i cet\u0103\u021benii moldoveni din diaspora, care, din varii motive, precum atingerea v\u00e2rstei de pensie sau dorul de cas\u0103, se \u00eentorc \u00een Moldova. Majoritatea studiilor arat\u0103 c\u0103 cele mai mari impedimente \u00een dezvoltarea afacerilor \u00een sectorul IMM (\u00eentreprinderi mici \u0219i mijlocii\u200a\u2014\u200an. r.) r\u0103m\u00e2n a fi corup\u021bia func\u021bionarilor \u0219i lipsa siguran\u021bei \u00een ziua de m\u00e2ine a afacerilor<\/em>\u201d.<\/strong><\/p>\n<p id=\"fe8f\" class=\"graf graf--p graf-after--p graf--trailing\">Dumitru Vicol mai spune c\u0103 moldovenii care s-au aflat un timp \u00eendelungat peste hotare, \u00eentr-un mediu f\u0103r\u0103 corup\u021bie \u0219i cu o claritate pentru viitorul apropiat, ezit\u0103 s\u0103 revin\u0103 \u201e<strong class=\"markup--strong markup--p-strong\"><em class=\"markup--em markup--p-em\">pentru a face fa\u021b\u0103 acestui \u201cWild Wild West\u201d din estul Europei, unde se fac afaceri f\u0103r\u0103 reguli bine scrise<\/em>\u201d<\/strong>, a conchis Dumitru Vicol.<\/p>\n<\/div>\n<\/div>\n<\/section>\n<section class=\"section section--body section--last\">\n<div class=\"section-divider\">\n<hr class=\"section-divider\" \/>\n<\/div>\n<div class=\"section-content\">\n<div class=\"section-inner sectionLayout--insetColumn\">\n<p id=\"42a8\" class=\"graf graf--p graf--leading\">Un raport al Organiza\u021biei pentru dezvoltarea \u00eentreprinderilor mici \u0219i mijlocii arat\u0103 c\u0103 peste 50 la sut\u0103 dintre beneficiarii programului PARE 1+1 consider\u0103 c\u0103 insuficien\u0163a for\u0163ei de munc\u0103 ori slaba calificare a acesteia este principalul obstacol pe care \u00eel \u00eent\u00e2mpin\u0103 \u00een activitatea antreprenorial\u0103. Astfel, cel pu\u0163in 15% din \u00eentreprinz\u0103tori au investit inclusiv \u00een preg\u0103tirea salaria\u0163ilor. Antreprenorii au mai men\u021bionat drept dificult\u0103\u021bi birocra\u021bia la acordarea autoriza\u021biilor \u0219i licen\u021belor.<\/p>\n<\/div>\n<\/div>\n<\/section>\n","protected":false},"excerpt":{"rendered":"<p>Moldoveni, veni\u021bi acas\u0103! e \u00eendemnul Guvernului care are un program cofinan\u021bat de UE de atragere a investi\u021biilor migran\u021bilor moldoveni. Nu to\u021bi \u00eens\u0103 \u00eendr\u0103znesc s\u0103 aib\u0103 \u00eencredere \u0219i s\u0103 investeasc\u0103 \u00een \u021bara cu un rating sc\u0103zut \u00een domeniul siguran\u021bei investi\u021biilor. Mul\u021bi dintre cei care revin o fac, \u00een mare parte, din motive sentimentale \u0219i mai pu\u021bin [&hellip;]<\/p>\n","protected":false},"author":3,"featured_media":1515,"comment_status":"open","ping_status":"open","sticky":false,"template":"","format":"standard","meta":{"footnotes":""},"categories":[165],"tags":[],"class_list":["post-70765","post","type-post","status-publish","format-standard","has-post-thumbnail","hentry","category-obshhestvo"],"yoast_head":"<!-- This site is optimized with the Yoast SEO plugin v27.5 - https:\/\/yoast.com\/product\/yoast-seo-wordpress\/ -->\n<title>Curajul de a investi \u00een Moldova banii c\u00e2\u0219tiga\u021bi peste hotare - BasTV<\/title>\n<meta name=\"robots\" content=\"index, follow, max-snippet:-1, max-image-preview:large, max-video-preview:-1\" \/>\n<link rel=\"canonical\" href=\"https:\/\/bas-tv.md\/ro\/curajul-de-a-investi-in-moldova-banii-castigati-peste-hotare\/\" \/>\n<meta property=\"og:locale\" content=\"ro_RO\" \/>\n<meta property=\"og:type\" content=\"article\" \/>\n<meta property=\"og:title\" content=\"Curajul de a investi \u00een Moldova banii c\u00e2\u0219tiga\u021bi peste hotare - BasTV\" \/>\n<meta property=\"og:description\" content=\"Moldoveni, veni\u021bi acas\u0103! e \u00eendemnul Guvernului care are un program cofinan\u021bat de UE de atragere a investi\u021biilor migran\u021bilor moldoveni. Nu to\u021bi \u00eens\u0103 \u00eendr\u0103znesc s\u0103 aib\u0103 \u00eencredere \u0219i s\u0103 investeasc\u0103 \u00een \u021bara cu un rating sc\u0103zut \u00een domeniul siguran\u021bei investi\u021biilor. Mul\u021bi dintre cei care revin o fac, \u00een mare parte, din motive sentimentale \u0219i mai pu\u021bin [&hellip;]\" \/>\n<meta property=\"og:url\" content=\"https:\/\/bas-tv.md\/ro\/curajul-de-a-investi-in-moldova-banii-castigati-peste-hotare\/\" \/>\n<meta property=\"og:site_name\" content=\"BasTV\" \/>\n<meta property=\"article:published_time\" content=\"2017-06-23T05:31:18+00:00\" \/>\n<meta property=\"og:image\" content=\"https:\/\/bas-tv.md\/wp-content\/uploads\/2022\/11\/2020-09-16-mixnews-ball-2585603_960_720.jpg\" \/>\n\t<meta property=\"og:image:width\" content=\"960\" \/>\n\t<meta property=\"og:image:height\" content=\"540\" \/>\n\t<meta property=\"og:image:type\" content=\"image\/jpeg\" \/>\n<meta name=\"author\" content=\"Redactor\" \/>\n<meta name=\"twitter:card\" content=\"summary_large_image\" \/>\n<meta name=\"twitter:label1\" content=\"Scris de\" \/>\n\t<meta name=\"twitter:data1\" content=\"Redactor\" \/>\n\t<meta name=\"twitter:label2\" content=\"Timp estimat pentru citire\" \/>\n\t<meta name=\"twitter:data2\" content=\"11 minute\" \/>\n<script type=\"application\/ld+json\" class=\"yoast-schema-graph\">{\"@context\":\"https:\\\/\\\/schema.org\",\"@graph\":[{\"@type\":\"Article\",\"@id\":\"https:\\\/\\\/bas-tv.md\\\/ro\\\/curajul-de-a-investi-in-moldova-banii-castigati-peste-hotare\\\/#article\",\"isPartOf\":{\"@id\":\"https:\\\/\\\/bas-tv.md\\\/ro\\\/curajul-de-a-investi-in-moldova-banii-castigati-peste-hotare\\\/\"},\"author\":{\"name\":\"Redactor\",\"@id\":\"https:\\\/\\\/bas-tv.md\\\/ro\\\/#\\\/schema\\\/person\\\/8740f45ea2eca1f1695284fc03529af0\"},\"headline\":\"Curajul de a investi \u00een Moldova banii c\u00e2\u0219tiga\u021bi peste hotare\",\"datePublished\":\"2017-06-23T05:31:18+00:00\",\"mainEntityOfPage\":{\"@id\":\"https:\\\/\\\/bas-tv.md\\\/ro\\\/curajul-de-a-investi-in-moldova-banii-castigati-peste-hotare\\\/\"},\"wordCount\":2117,\"commentCount\":0,\"publisher\":{\"@id\":\"https:\\\/\\\/bas-tv.md\\\/ro\\\/#organization\"},\"image\":{\"@id\":\"https:\\\/\\\/bas-tv.md\\\/ro\\\/curajul-de-a-investi-in-moldova-banii-castigati-peste-hotare\\\/#primaryimage\"},\"thumbnailUrl\":\"https:\\\/\\\/bas-tv.md\\\/wp-content\\\/uploads\\\/2022\\\/11\\\/2020-09-16-mixnews-ball-2585603_960_720.jpg\",\"articleSection\":[\"\u041e\u0431\u0449\u0435\u0441\u0442\u0432\u043e\"],\"inLanguage\":\"ro-RO\",\"potentialAction\":[{\"@type\":\"CommentAction\",\"name\":\"Comment\",\"target\":[\"https:\\\/\\\/bas-tv.md\\\/ro\\\/curajul-de-a-investi-in-moldova-banii-castigati-peste-hotare\\\/#respond\"]}]},{\"@type\":\"WebPage\",\"@id\":\"https:\\\/\\\/bas-tv.md\\\/ro\\\/curajul-de-a-investi-in-moldova-banii-castigati-peste-hotare\\\/\",\"url\":\"https:\\\/\\\/bas-tv.md\\\/ro\\\/curajul-de-a-investi-in-moldova-banii-castigati-peste-hotare\\\/\",\"name\":\"Curajul de a investi \u00een Moldova banii c\u00e2\u0219tiga\u021bi peste hotare - BasTV\",\"isPartOf\":{\"@id\":\"https:\\\/\\\/bas-tv.md\\\/ro\\\/#website\"},\"primaryImageOfPage\":{\"@id\":\"https:\\\/\\\/bas-tv.md\\\/ro\\\/curajul-de-a-investi-in-moldova-banii-castigati-peste-hotare\\\/#primaryimage\"},\"image\":{\"@id\":\"https:\\\/\\\/bas-tv.md\\\/ro\\\/curajul-de-a-investi-in-moldova-banii-castigati-peste-hotare\\\/#primaryimage\"},\"thumbnailUrl\":\"https:\\\/\\\/bas-tv.md\\\/wp-content\\\/uploads\\\/2022\\\/11\\\/2020-09-16-mixnews-ball-2585603_960_720.jpg\",\"datePublished\":\"2017-06-23T05:31:18+00:00\",\"inLanguage\":\"ro-RO\",\"potentialAction\":[{\"@type\":\"ReadAction\",\"target\":[\"https:\\\/\\\/bas-tv.md\\\/ro\\\/curajul-de-a-investi-in-moldova-banii-castigati-peste-hotare\\\/\"]}]},{\"@type\":\"ImageObject\",\"inLanguage\":\"ro-RO\",\"@id\":\"https:\\\/\\\/bas-tv.md\\\/ro\\\/curajul-de-a-investi-in-moldova-banii-castigati-peste-hotare\\\/#primaryimage\",\"url\":\"https:\\\/\\\/bas-tv.md\\\/wp-content\\\/uploads\\\/2022\\\/11\\\/2020-09-16-mixnews-ball-2585603_960_720.jpg\",\"contentUrl\":\"https:\\\/\\\/bas-tv.md\\\/wp-content\\\/uploads\\\/2022\\\/11\\\/2020-09-16-mixnews-ball-2585603_960_720.jpg\",\"width\":960,\"height\":540},{\"@type\":\"WebSite\",\"@id\":\"https:\\\/\\\/bas-tv.md\\\/ro\\\/#website\",\"url\":\"https:\\\/\\\/bas-tv.md\\\/ro\\\/\",\"name\":\"BasTV\",\"description\":\"Moldova\",\"publisher\":{\"@id\":\"https:\\\/\\\/bas-tv.md\\\/ro\\\/#organization\"},\"potentialAction\":[{\"@type\":\"SearchAction\",\"target\":{\"@type\":\"EntryPoint\",\"urlTemplate\":\"https:\\\/\\\/bas-tv.md\\\/ro\\\/?s={search_term_string}\"},\"query-input\":{\"@type\":\"PropertyValueSpecification\",\"valueRequired\":true,\"valueName\":\"search_term_string\"}}],\"inLanguage\":\"ro-RO\"},{\"@type\":\"Organization\",\"@id\":\"https:\\\/\\\/bas-tv.md\\\/ro\\\/#organization\",\"name\":\"BasTV\",\"url\":\"https:\\\/\\\/bas-tv.md\\\/ro\\\/\",\"logo\":{\"@type\":\"ImageObject\",\"inLanguage\":\"ro-RO\",\"@id\":\"https:\\\/\\\/bas-tv.md\\\/ro\\\/#\\\/schema\\\/logo\\\/image\\\/\",\"url\":\"https:\\\/\\\/bas-tv.md\\\/wp-content\\\/uploads\\\/2023\\\/05\\\/bas-tv-culoarea-rosie.png\",\"contentUrl\":\"https:\\\/\\\/bas-tv.md\\\/wp-content\\\/uploads\\\/2023\\\/05\\\/bas-tv-culoarea-rosie.png\",\"width\":202,\"height\":50,\"caption\":\"BasTV\"},\"image\":{\"@id\":\"https:\\\/\\\/bas-tv.md\\\/ro\\\/#\\\/schema\\\/logo\\\/image\\\/\"}},{\"@type\":\"Person\",\"@id\":\"https:\\\/\\\/bas-tv.md\\\/ro\\\/#\\\/schema\\\/person\\\/8740f45ea2eca1f1695284fc03529af0\",\"name\":\"Redactor\",\"image\":{\"@type\":\"ImageObject\",\"inLanguage\":\"ro-RO\",\"@id\":\"https:\\\/\\\/secure.gravatar.com\\\/avatar\\\/45b6af9fc91c10b15a8b40e67c1f57bab2e9614fc9f0af95cf453d61934e9aad?s=96&d=mm&r=g\",\"url\":\"https:\\\/\\\/secure.gravatar.com\\\/avatar\\\/45b6af9fc91c10b15a8b40e67c1f57bab2e9614fc9f0af95cf453d61934e9aad?s=96&d=mm&r=g\",\"contentUrl\":\"https:\\\/\\\/secure.gravatar.com\\\/avatar\\\/45b6af9fc91c10b15a8b40e67c1f57bab2e9614fc9f0af95cf453d61934e9aad?s=96&d=mm&r=g\",\"caption\":\"Redactor\"},\"url\":\"https:\\\/\\\/bas-tv.md\\\/ro\\\/author\\\/redactor\\\/\"}]}<\/script>\n<!-- \/ Yoast SEO plugin. -->","yoast_head_json":{"title":"Curajul de a investi \u00een Moldova banii c\u00e2\u0219tiga\u021bi peste hotare - BasTV","robots":{"index":"index","follow":"follow","max-snippet":"max-snippet:-1","max-image-preview":"max-image-preview:large","max-video-preview":"max-video-preview:-1"},"canonical":"https:\/\/bas-tv.md\/ro\/curajul-de-a-investi-in-moldova-banii-castigati-peste-hotare\/","og_locale":"ro_RO","og_type":"article","og_title":"Curajul de a investi \u00een Moldova banii c\u00e2\u0219tiga\u021bi peste hotare - BasTV","og_description":"Moldoveni, veni\u021bi acas\u0103! e \u00eendemnul Guvernului care are un program cofinan\u021bat de UE de atragere a investi\u021biilor migran\u021bilor moldoveni. Nu to\u021bi \u00eens\u0103 \u00eendr\u0103znesc s\u0103 aib\u0103 \u00eencredere \u0219i s\u0103 investeasc\u0103 \u00een \u021bara cu un rating sc\u0103zut \u00een domeniul siguran\u021bei investi\u021biilor. Mul\u021bi dintre cei care revin o fac, \u00een mare parte, din motive sentimentale \u0219i mai pu\u021bin [&hellip;]","og_url":"https:\/\/bas-tv.md\/ro\/curajul-de-a-investi-in-moldova-banii-castigati-peste-hotare\/","og_site_name":"BasTV","article_published_time":"2017-06-23T05:31:18+00:00","og_image":[{"width":960,"height":540,"url":"https:\/\/bas-tv.md\/wp-content\/uploads\/2022\/11\/2020-09-16-mixnews-ball-2585603_960_720.jpg","type":"image\/jpeg"}],"author":"Redactor","twitter_card":"summary_large_image","twitter_misc":{"Scris de":"Redactor","Timp estimat pentru citire":"11 minute"},"schema":{"@context":"https:\/\/schema.org","@graph":[{"@type":"Article","@id":"https:\/\/bas-tv.md\/ro\/curajul-de-a-investi-in-moldova-banii-castigati-peste-hotare\/#article","isPartOf":{"@id":"https:\/\/bas-tv.md\/ro\/curajul-de-a-investi-in-moldova-banii-castigati-peste-hotare\/"},"author":{"name":"Redactor","@id":"https:\/\/bas-tv.md\/ro\/#\/schema\/person\/8740f45ea2eca1f1695284fc03529af0"},"headline":"Curajul de a investi \u00een Moldova banii c\u00e2\u0219tiga\u021bi peste hotare","datePublished":"2017-06-23T05:31:18+00:00","mainEntityOfPage":{"@id":"https:\/\/bas-tv.md\/ro\/curajul-de-a-investi-in-moldova-banii-castigati-peste-hotare\/"},"wordCount":2117,"commentCount":0,"publisher":{"@id":"https:\/\/bas-tv.md\/ro\/#organization"},"image":{"@id":"https:\/\/bas-tv.md\/ro\/curajul-de-a-investi-in-moldova-banii-castigati-peste-hotare\/#primaryimage"},"thumbnailUrl":"https:\/\/bas-tv.md\/wp-content\/uploads\/2022\/11\/2020-09-16-mixnews-ball-2585603_960_720.jpg","articleSection":["\u041e\u0431\u0449\u0435\u0441\u0442\u0432\u043e"],"inLanguage":"ro-RO","potentialAction":[{"@type":"CommentAction","name":"Comment","target":["https:\/\/bas-tv.md\/ro\/curajul-de-a-investi-in-moldova-banii-castigati-peste-hotare\/#respond"]}]},{"@type":"WebPage","@id":"https:\/\/bas-tv.md\/ro\/curajul-de-a-investi-in-moldova-banii-castigati-peste-hotare\/","url":"https:\/\/bas-tv.md\/ro\/curajul-de-a-investi-in-moldova-banii-castigati-peste-hotare\/","name":"Curajul de a investi \u00een Moldova banii c\u00e2\u0219tiga\u021bi peste hotare - BasTV","isPartOf":{"@id":"https:\/\/bas-tv.md\/ro\/#website"},"primaryImageOfPage":{"@id":"https:\/\/bas-tv.md\/ro\/curajul-de-a-investi-in-moldova-banii-castigati-peste-hotare\/#primaryimage"},"image":{"@id":"https:\/\/bas-tv.md\/ro\/curajul-de-a-investi-in-moldova-banii-castigati-peste-hotare\/#primaryimage"},"thumbnailUrl":"https:\/\/bas-tv.md\/wp-content\/uploads\/2022\/11\/2020-09-16-mixnews-ball-2585603_960_720.jpg","datePublished":"2017-06-23T05:31:18+00:00","inLanguage":"ro-RO","potentialAction":[{"@type":"ReadAction","target":["https:\/\/bas-tv.md\/ro\/curajul-de-a-investi-in-moldova-banii-castigati-peste-hotare\/"]}]},{"@type":"ImageObject","inLanguage":"ro-RO","@id":"https:\/\/bas-tv.md\/ro\/curajul-de-a-investi-in-moldova-banii-castigati-peste-hotare\/#primaryimage","url":"https:\/\/bas-tv.md\/wp-content\/uploads\/2022\/11\/2020-09-16-mixnews-ball-2585603_960_720.jpg","contentUrl":"https:\/\/bas-tv.md\/wp-content\/uploads\/2022\/11\/2020-09-16-mixnews-ball-2585603_960_720.jpg","width":960,"height":540},{"@type":"WebSite","@id":"https:\/\/bas-tv.md\/ro\/#website","url":"https:\/\/bas-tv.md\/ro\/","name":"BasTV","description":"Moldova","publisher":{"@id":"https:\/\/bas-tv.md\/ro\/#organization"},"potentialAction":[{"@type":"SearchAction","target":{"@type":"EntryPoint","urlTemplate":"https:\/\/bas-tv.md\/ro\/?s={search_term_string}"},"query-input":{"@type":"PropertyValueSpecification","valueRequired":true,"valueName":"search_term_string"}}],"inLanguage":"ro-RO"},{"@type":"Organization","@id":"https:\/\/bas-tv.md\/ro\/#organization","name":"BasTV","url":"https:\/\/bas-tv.md\/ro\/","logo":{"@type":"ImageObject","inLanguage":"ro-RO","@id":"https:\/\/bas-tv.md\/ro\/#\/schema\/logo\/image\/","url":"https:\/\/bas-tv.md\/wp-content\/uploads\/2023\/05\/bas-tv-culoarea-rosie.png","contentUrl":"https:\/\/bas-tv.md\/wp-content\/uploads\/2023\/05\/bas-tv-culoarea-rosie.png","width":202,"height":50,"caption":"BasTV"},"image":{"@id":"https:\/\/bas-tv.md\/ro\/#\/schema\/logo\/image\/"}},{"@type":"Person","@id":"https:\/\/bas-tv.md\/ro\/#\/schema\/person\/8740f45ea2eca1f1695284fc03529af0","name":"Redactor","image":{"@type":"ImageObject","inLanguage":"ro-RO","@id":"https:\/\/secure.gravatar.com\/avatar\/45b6af9fc91c10b15a8b40e67c1f57bab2e9614fc9f0af95cf453d61934e9aad?s=96&d=mm&r=g","url":"https:\/\/secure.gravatar.com\/avatar\/45b6af9fc91c10b15a8b40e67c1f57bab2e9614fc9f0af95cf453d61934e9aad?s=96&d=mm&r=g","contentUrl":"https:\/\/secure.gravatar.com\/avatar\/45b6af9fc91c10b15a8b40e67c1f57bab2e9614fc9f0af95cf453d61934e9aad?s=96&d=mm&r=g","caption":"Redactor"},"url":"https:\/\/bas-tv.md\/ro\/author\/redactor\/"}]}},"views":219,"_links":{"self":[{"href":"https:\/\/bas-tv.md\/ro\/wp-json\/wp\/v2\/posts\/70765","targetHints":{"allow":["GET"]}}],"collection":[{"href":"https:\/\/bas-tv.md\/ro\/wp-json\/wp\/v2\/posts"}],"about":[{"href":"https:\/\/bas-tv.md\/ro\/wp-json\/wp\/v2\/types\/post"}],"author":[{"embeddable":true,"href":"https:\/\/bas-tv.md\/ro\/wp-json\/wp\/v2\/users\/3"}],"replies":[{"embeddable":true,"href":"https:\/\/bas-tv.md\/ro\/wp-json\/wp\/v2\/comments?post=70765"}],"version-history":[{"count":0,"href":"https:\/\/bas-tv.md\/ro\/wp-json\/wp\/v2\/posts\/70765\/revisions"}],"wp:featuredmedia":[{"embeddable":true,"href":"https:\/\/bas-tv.md\/ro\/wp-json\/wp\/v2\/media\/1515"}],"wp:attachment":[{"href":"https:\/\/bas-tv.md\/ro\/wp-json\/wp\/v2\/media?parent=70765"}],"wp:term":[{"taxonomy":"category","embeddable":true,"href":"https:\/\/bas-tv.md\/ro\/wp-json\/wp\/v2\/categories?post=70765"},{"taxonomy":"post_tag","embeddable":true,"href":"https:\/\/bas-tv.md\/ro\/wp-json\/wp\/v2\/tags?post=70765"}],"curies":[{"name":"wp","href":"https:\/\/api.w.org\/{rel}","templated":true}]}}