{"id":70998,"date":"2017-11-21T15:43:30","date_gmt":"2017-11-21T15:43:30","guid":{"rendered":"https:\/\/bas-tv.md\/?p=2895"},"modified":"2023-06-07T18:44:39","modified_gmt":"2023-06-07T15:44:39","slug":"hramul-bisericii-din-abaclia-la-ai-sai-200-de-ani","status":"publish","type":"post","link":"https:\/\/bas-tv.md\/ro\/hramul-bisericii-din-abaclia-la-ai-sai-200-de-ani\/","title":{"rendered":"HRAMUL BISERICII DIN ABACLIA LA AI S\u0102I 200 DE ANI"},"content":{"rendered":"<p>Satul Abaclia ast\u0103zi \u00ee\u0219i s\u0103rb\u0103tore\u0219te hramul. De Sfin\u021bii Arhangheli Mihail \u0219i Gavriil biserica din localitate a fost arhiplin\u0103. Credincio\u0219ii au venit \u00een aceast\u0103 zi la slujba divin\u0103 s\u0103 se roage pentru cei apropia\u021bi.<\/p>\n","protected":false},"excerpt":{"rendered":"<p>Satul Abaclia ast\u0103zi \u00ee\u0219i s\u0103rb\u0103tore\u0219te hramul. De Sfin\u021bii Arhangheli Mihail \u0219i Gavriil biserica din localitate a fost arhiplin\u0103. Credincio\u0219ii au venit \u00een aceast\u0103 zi la slujba divin\u0103 s\u0103 se roage pentru cei apropia\u021bi.<\/p>\n","protected":false},"author":1,"featured_media":2900,"comment_status":"open","ping_status":"open","sticky":false,"template":"","format":"standard","meta":{"footnotes":""},"categories":[570],"tags":[],"class_list":["post-70998","post","type-post","status-publish","format-standard","has-post-thumbnail","hentry","category-in-moldova"],"yoast_head":"<!-- This site is optimized with the Yoast SEO plugin v27.5 - https:\/\/yoast.com\/product\/yoast-seo-wordpress\/ -->\n<title>HRAMUL BISERICII DIN ABACLIA LA AI S\u0102I 200 DE ANI - BasTV<\/title>\n<meta name=\"robots\" content=\"index, follow, max-snippet:-1, max-image-preview:large, max-video-preview:-1\" \/>\n<link rel=\"canonical\" href=\"https:\/\/bas-tv.md\/ro\/hramul-bisericii-din-abaclia-la-ai-sai-200-de-ani\/\" \/>\n<meta property=\"og:locale\" content=\"ro_RO\" \/>\n<meta property=\"og:type\" content=\"article\" \/>\n<meta property=\"og:title\" content=\"HRAMUL BISERICII DIN ABACLIA LA AI S\u0102I 200 DE ANI - BasTV\" \/>\n<meta property=\"og:description\" content=\"Satul Abaclia ast\u0103zi \u00ee\u0219i s\u0103rb\u0103tore\u0219te hramul. De Sfin\u021bii Arhangheli Mihail \u0219i Gavriil biserica din localitate a fost arhiplin\u0103. Credincio\u0219ii au venit \u00een aceast\u0103 zi la slujba divin\u0103 s\u0103 se roage pentru cei apropia\u021bi.\" \/>\n<meta property=\"og:url\" content=\"https:\/\/bas-tv.md\/ro\/hramul-bisericii-din-abaclia-la-ai-sai-200-de-ani\/\" \/>\n<meta property=\"og:site_name\" content=\"BasTV\" \/>\n<meta property=\"article:published_time\" content=\"2017-11-21T15:43:30+00:00\" \/>\n<meta property=\"article:modified_time\" content=\"2023-06-07T15:44:39+00:00\" \/>\n<meta name=\"author\" content=\"Esupport\" \/>\n<meta name=\"twitter:card\" content=\"summary_large_image\" \/>\n<meta name=\"twitter:label1\" content=\"Scris de\" \/>\n\t<meta name=\"twitter:data1\" content=\"Esupport\" \/>\n<script type=\"application\/ld+json\" class=\"yoast-schema-graph\">{\"@context\":\"https:\\\/\\\/schema.org\",\"@graph\":[{\"@type\":\"Article\",\"@id\":\"https:\\\/\\\/bas-tv.md\\\/ro\\\/hramul-bisericii-din-abaclia-la-ai-sai-200-de-ani\\\/#article\",\"isPartOf\":{\"@id\":\"https:\\\/\\\/bas-tv.md\\\/ro\\\/hramul-bisericii-din-abaclia-la-ai-sai-200-de-ani\\\/\"},\"author\":{\"name\":\"Esupport\",\"@id\":\"https:\\\/\\\/bas-tv.md\\\/ro\\\/#\\\/schema\\\/person\\\/4f21c563b50bfad270be76166cfd8ec8\"},\"headline\":\"HRAMUL BISERICII DIN ABACLIA LA AI S\u0102I 200 DE ANI\",\"datePublished\":\"2017-11-21T15:43:30+00:00\",\"dateModified\":\"2023-06-07T15:44:39+00:00\",\"mainEntityOfPage\":{\"@id\":\"https:\\\/\\\/bas-tv.md\\\/ro\\\/hramul-bisericii-din-abaclia-la-ai-sai-200-de-ani\\\/\"},\"wordCount\":50,\"commentCount\":0,\"publisher\":{\"@id\":\"https:\\\/\\\/bas-tv.md\\\/ro\\\/#organization\"},\"image\":{\"@id\":\"https:\\\/\\\/bas-tv.md\\\/ro\\\/hramul-bisericii-din-abaclia-la-ai-sai-200-de-ani\\\/#primaryimage\"},\"thumbnailUrl\":\"\",\"articleSection\":[\"\u00cen Moldova\"],\"inLanguage\":\"ro-RO\",\"potentialAction\":[{\"@type\":\"CommentAction\",\"name\":\"Comment\",\"target\":[\"https:\\\/\\\/bas-tv.md\\\/ro\\\/hramul-bisericii-din-abaclia-la-ai-sai-200-de-ani\\\/#respond\"]}]},{\"@type\":\"WebPage\",\"@id\":\"https:\\\/\\\/bas-tv.md\\\/ro\\\/hramul-bisericii-din-abaclia-la-ai-sai-200-de-ani\\\/\",\"url\":\"https:\\\/\\\/bas-tv.md\\\/ro\\\/hramul-bisericii-din-abaclia-la-ai-sai-200-de-ani\\\/\",\"name\":\"HRAMUL BISERICII DIN ABACLIA LA AI S\u0102I 200 DE ANI - BasTV\",\"isPartOf\":{\"@id\":\"https:\\\/\\\/bas-tv.md\\\/ro\\\/#website\"},\"primaryImageOfPage\":{\"@id\":\"https:\\\/\\\/bas-tv.md\\\/ro\\\/hramul-bisericii-din-abaclia-la-ai-sai-200-de-ani\\\/#primaryimage\"},\"image\":{\"@id\":\"https:\\\/\\\/bas-tv.md\\\/ro\\\/hramul-bisericii-din-abaclia-la-ai-sai-200-de-ani\\\/#primaryimage\"},\"thumbnailUrl\":\"\",\"datePublished\":\"2017-11-21T15:43:30+00:00\",\"dateModified\":\"2023-06-07T15:44:39+00:00\",\"inLanguage\":\"ro-RO\",\"potentialAction\":[{\"@type\":\"ReadAction\",\"target\":[\"https:\\\/\\\/bas-tv.md\\\/ro\\\/hramul-bisericii-din-abaclia-la-ai-sai-200-de-ani\\\/\"]}]},{\"@type\":\"ImageObject\",\"inLanguage\":\"ro-RO\",\"@id\":\"https:\\\/\\\/bas-tv.md\\\/ro\\\/hramul-bisericii-din-abaclia-la-ai-sai-200-de-ani\\\/#primaryimage\",\"url\":\"\",\"contentUrl\":\"\"},{\"@type\":\"WebSite\",\"@id\":\"https:\\\/\\\/bas-tv.md\\\/ro\\\/#website\",\"url\":\"https:\\\/\\\/bas-tv.md\\\/ro\\\/\",\"name\":\"BasTV\",\"description\":\"Moldova\",\"publisher\":{\"@id\":\"https:\\\/\\\/bas-tv.md\\\/ro\\\/#organization\"},\"potentialAction\":[{\"@type\":\"SearchAction\",\"target\":{\"@type\":\"EntryPoint\",\"urlTemplate\":\"https:\\\/\\\/bas-tv.md\\\/ro\\\/?s={search_term_string}\"},\"query-input\":{\"@type\":\"PropertyValueSpecification\",\"valueRequired\":true,\"valueName\":\"search_term_string\"}}],\"inLanguage\":\"ro-RO\"},{\"@type\":\"Organization\",\"@id\":\"https:\\\/\\\/bas-tv.md\\\/ro\\\/#organization\",\"name\":\"BasTV\",\"url\":\"https:\\\/\\\/bas-tv.md\\\/ro\\\/\",\"logo\":{\"@type\":\"ImageObject\",\"inLanguage\":\"ro-RO\",\"@id\":\"https:\\\/\\\/bas-tv.md\\\/ro\\\/#\\\/schema\\\/logo\\\/image\\\/\",\"url\":\"https:\\\/\\\/bas-tv.md\\\/wp-content\\\/uploads\\\/2023\\\/05\\\/bas-tv-culoarea-rosie.png\",\"contentUrl\":\"https:\\\/\\\/bas-tv.md\\\/wp-content\\\/uploads\\\/2023\\\/05\\\/bas-tv-culoarea-rosie.png\",\"width\":202,\"height\":50,\"caption\":\"BasTV\"},\"image\":{\"@id\":\"https:\\\/\\\/bas-tv.md\\\/ro\\\/#\\\/schema\\\/logo\\\/image\\\/\"}},{\"@type\":\"Person\",\"@id\":\"https:\\\/\\\/bas-tv.md\\\/ro\\\/#\\\/schema\\\/person\\\/4f21c563b50bfad270be76166cfd8ec8\",\"name\":\"Esupport\",\"image\":{\"@type\":\"ImageObject\",\"inLanguage\":\"ro-RO\",\"@id\":\"https:\\\/\\\/secure.gravatar.com\\\/avatar\\\/55d0f3e325fe89ac5a5da1d31aeb70ad0aae4c315e69fcdc5faff813a4610e3c?s=96&d=mm&r=g\",\"url\":\"https:\\\/\\\/secure.gravatar.com\\\/avatar\\\/55d0f3e325fe89ac5a5da1d31aeb70ad0aae4c315e69fcdc5faff813a4610e3c?s=96&d=mm&r=g\",\"contentUrl\":\"https:\\\/\\\/secure.gravatar.com\\\/avatar\\\/55d0f3e325fe89ac5a5da1d31aeb70ad0aae4c315e69fcdc5faff813a4610e3c?s=96&d=mm&r=g\",\"caption\":\"Esupport\"},\"sameAs\":[\"http:\\\/\\\/bas-tv.md\"],\"url\":\"https:\\\/\\\/bas-tv.md\\\/ro\\\/author\\\/esupport\\\/\"}]}<\/script>\n<!-- \/ Yoast SEO plugin. -->","yoast_head_json":{"title":"HRAMUL BISERICII DIN ABACLIA LA AI S\u0102I 200 DE ANI - BasTV","robots":{"index":"index","follow":"follow","max-snippet":"max-snippet:-1","max-image-preview":"max-image-preview:large","max-video-preview":"max-video-preview:-1"},"canonical":"https:\/\/bas-tv.md\/ro\/hramul-bisericii-din-abaclia-la-ai-sai-200-de-ani\/","og_locale":"ro_RO","og_type":"article","og_title":"HRAMUL BISERICII DIN ABACLIA LA AI S\u0102I 200 DE ANI - BasTV","og_description":"Satul Abaclia ast\u0103zi \u00ee\u0219i s\u0103rb\u0103tore\u0219te hramul. De Sfin\u021bii Arhangheli Mihail \u0219i Gavriil biserica din localitate a fost arhiplin\u0103. Credincio\u0219ii au venit \u00een aceast\u0103 zi la slujba divin\u0103 s\u0103 se roage pentru cei apropia\u021bi.","og_url":"https:\/\/bas-tv.md\/ro\/hramul-bisericii-din-abaclia-la-ai-sai-200-de-ani\/","og_site_name":"BasTV","article_published_time":"2017-11-21T15:43:30+00:00","article_modified_time":"2023-06-07T15:44:39+00:00","author":"Esupport","twitter_card":"summary_large_image","twitter_misc":{"Scris de":"Esupport"},"schema":{"@context":"https:\/\/schema.org","@graph":[{"@type":"Article","@id":"https:\/\/bas-tv.md\/ro\/hramul-bisericii-din-abaclia-la-ai-sai-200-de-ani\/#article","isPartOf":{"@id":"https:\/\/bas-tv.md\/ro\/hramul-bisericii-din-abaclia-la-ai-sai-200-de-ani\/"},"author":{"name":"Esupport","@id":"https:\/\/bas-tv.md\/ro\/#\/schema\/person\/4f21c563b50bfad270be76166cfd8ec8"},"headline":"HRAMUL BISERICII DIN ABACLIA LA AI S\u0102I 200 DE ANI","datePublished":"2017-11-21T15:43:30+00:00","dateModified":"2023-06-07T15:44:39+00:00","mainEntityOfPage":{"@id":"https:\/\/bas-tv.md\/ro\/hramul-bisericii-din-abaclia-la-ai-sai-200-de-ani\/"},"wordCount":50,"commentCount":0,"publisher":{"@id":"https:\/\/bas-tv.md\/ro\/#organization"},"image":{"@id":"https:\/\/bas-tv.md\/ro\/hramul-bisericii-din-abaclia-la-ai-sai-200-de-ani\/#primaryimage"},"thumbnailUrl":"","articleSection":["\u00cen Moldova"],"inLanguage":"ro-RO","potentialAction":[{"@type":"CommentAction","name":"Comment","target":["https:\/\/bas-tv.md\/ro\/hramul-bisericii-din-abaclia-la-ai-sai-200-de-ani\/#respond"]}]},{"@type":"WebPage","@id":"https:\/\/bas-tv.md\/ro\/hramul-bisericii-din-abaclia-la-ai-sai-200-de-ani\/","url":"https:\/\/bas-tv.md\/ro\/hramul-bisericii-din-abaclia-la-ai-sai-200-de-ani\/","name":"HRAMUL BISERICII DIN ABACLIA LA AI S\u0102I 200 DE ANI - BasTV","isPartOf":{"@id":"https:\/\/bas-tv.md\/ro\/#website"},"primaryImageOfPage":{"@id":"https:\/\/bas-tv.md\/ro\/hramul-bisericii-din-abaclia-la-ai-sai-200-de-ani\/#primaryimage"},"image":{"@id":"https:\/\/bas-tv.md\/ro\/hramul-bisericii-din-abaclia-la-ai-sai-200-de-ani\/#primaryimage"},"thumbnailUrl":"","datePublished":"2017-11-21T15:43:30+00:00","dateModified":"2023-06-07T15:44:39+00:00","inLanguage":"ro-RO","potentialAction":[{"@type":"ReadAction","target":["https:\/\/bas-tv.md\/ro\/hramul-bisericii-din-abaclia-la-ai-sai-200-de-ani\/"]}]},{"@type":"ImageObject","inLanguage":"ro-RO","@id":"https:\/\/bas-tv.md\/ro\/hramul-bisericii-din-abaclia-la-ai-sai-200-de-ani\/#primaryimage","url":"","contentUrl":""},{"@type":"WebSite","@id":"https:\/\/bas-tv.md\/ro\/#website","url":"https:\/\/bas-tv.md\/ro\/","name":"BasTV","description":"Moldova","publisher":{"@id":"https:\/\/bas-tv.md\/ro\/#organization"},"potentialAction":[{"@type":"SearchAction","target":{"@type":"EntryPoint","urlTemplate":"https:\/\/bas-tv.md\/ro\/?s={search_term_string}"},"query-input":{"@type":"PropertyValueSpecification","valueRequired":true,"valueName":"search_term_string"}}],"inLanguage":"ro-RO"},{"@type":"Organization","@id":"https:\/\/bas-tv.md\/ro\/#organization","name":"BasTV","url":"https:\/\/bas-tv.md\/ro\/","logo":{"@type":"ImageObject","inLanguage":"ro-RO","@id":"https:\/\/bas-tv.md\/ro\/#\/schema\/logo\/image\/","url":"https:\/\/bas-tv.md\/wp-content\/uploads\/2023\/05\/bas-tv-culoarea-rosie.png","contentUrl":"https:\/\/bas-tv.md\/wp-content\/uploads\/2023\/05\/bas-tv-culoarea-rosie.png","width":202,"height":50,"caption":"BasTV"},"image":{"@id":"https:\/\/bas-tv.md\/ro\/#\/schema\/logo\/image\/"}},{"@type":"Person","@id":"https:\/\/bas-tv.md\/ro\/#\/schema\/person\/4f21c563b50bfad270be76166cfd8ec8","name":"Esupport","image":{"@type":"ImageObject","inLanguage":"ro-RO","@id":"https:\/\/secure.gravatar.com\/avatar\/55d0f3e325fe89ac5a5da1d31aeb70ad0aae4c315e69fcdc5faff813a4610e3c?s=96&d=mm&r=g","url":"https:\/\/secure.gravatar.com\/avatar\/55d0f3e325fe89ac5a5da1d31aeb70ad0aae4c315e69fcdc5faff813a4610e3c?s=96&d=mm&r=g","contentUrl":"https:\/\/secure.gravatar.com\/avatar\/55d0f3e325fe89ac5a5da1d31aeb70ad0aae4c315e69fcdc5faff813a4610e3c?s=96&d=mm&r=g","caption":"Esupport"},"sameAs":["http:\/\/bas-tv.md"],"url":"https:\/\/bas-tv.md\/ro\/author\/esupport\/"}]}},"views":271,"_links":{"self":[{"href":"https:\/\/bas-tv.md\/ro\/wp-json\/wp\/v2\/posts\/70998","targetHints":{"allow":["GET"]}}],"collection":[{"href":"https:\/\/bas-tv.md\/ro\/wp-json\/wp\/v2\/posts"}],"about":[{"href":"https:\/\/bas-tv.md\/ro\/wp-json\/wp\/v2\/types\/post"}],"author":[{"embeddable":true,"href":"https:\/\/bas-tv.md\/ro\/wp-json\/wp\/v2\/users\/1"}],"replies":[{"embeddable":true,"href":"https:\/\/bas-tv.md\/ro\/wp-json\/wp\/v2\/comments?post=70998"}],"version-history":[{"count":1,"href":"https:\/\/bas-tv.md\/ro\/wp-json\/wp\/v2\/posts\/70998\/revisions"}],"predecessor-version":[{"id":86877,"href":"https:\/\/bas-tv.md\/ro\/wp-json\/wp\/v2\/posts\/70998\/revisions\/86877"}],"wp:featuredmedia":[{"embeddable":true,"href":"https:\/\/bas-tv.md\/ro\/wp-json\/"}],"wp:attachment":[{"href":"https:\/\/bas-tv.md\/ro\/wp-json\/wp\/v2\/media?parent=70998"}],"wp:term":[{"taxonomy":"category","embeddable":true,"href":"https:\/\/bas-tv.md\/ro\/wp-json\/wp\/v2\/categories?post=70998"},{"taxonomy":"post_tag","embeddable":true,"href":"https:\/\/bas-tv.md\/ro\/wp-json\/wp\/v2\/tags?post=70998"}],"curies":[{"name":"wp","href":"https:\/\/api.w.org\/{rel}","templated":true}]}}