{"id":73647,"date":"2022-12-25T12:00:48","date_gmt":"2022-12-25T10:00:48","guid":{"rendered":"https:\/\/bas-tv.md\/?p=71011"},"modified":"2023-06-07T18:20:29","modified_gmt":"2023-06-07T15:20:29","slug":"de-ce-sarbatorim-nasterea-lui-isus-pe-25-decembrie","status":"publish","type":"post","link":"https:\/\/bas-tv.md\/ro\/de-ce-sarbatorim-nasterea-lui-isus-pe-25-decembrie\/","title":{"rendered":"De ce s\u0103rb\u0103torim Na\u0219terea lui Isus pe 25 decembrie?"},"content":{"rendered":"<p><strong>Deoarece pare pu\u021bin probabil ca Iisus s\u0103 se fi n\u0103scut pe\u00a025 decembrie, se ridic\u0103 \u00eentrebarea logic\u0103 de ce este s\u0103rb\u0103torit Cr\u0103ciunul \u00een aceast\u0103 dat\u0103. R\u0103spunsul trimite \u00eenapoi la s\u0103rb\u0103torile p\u0103g\u00e2ne care au avut loc \u00een jurul solsti\u021biului de iarn\u0103.<\/strong><\/p>\n<p>Dou\u0103 s\u0103rb\u0103tori au avut loc \u00een special \u00een jurul datei de 25 decembrie \u2013 Saturnalia \u0219i ziua de na\u0219tere a zeului soare, Mithra. Men\u021bion\u0103m c\u0103 multe din s\u0103rb\u0103torile p\u0103g\u00e2ne au fost \u00eenlocuite de cele cre\u0219tine. Pentru fixarea zilei de 25 decembrie ca s\u0103rb\u0103toare a Na\u0219terii Domnului s-a r\u0103spuns ca prin aceast\u0103 s\u0103rb\u0103toare se dorea \u00eenl\u0103turarea mitraismului.<\/p>\n<p>S\u0103rb\u0103toarea central\u0103 mitraic\u0103 era str\u00e2ns legat\u0103 de solsti\u021biul de iarn\u0103 (22-23 decembrie) fiind privit\u0103 ca ziua de na\u0219tere a zeului Soare. Este momentul \u00een care zilele \u00eencep s\u0103 creasc\u0103, iar nop\u021bile s\u0103 scad\u0103. Astfel, ziua de na\u0219tere a zeului Mitra, introdus\u0103 la Roma de \u00eemp\u0103ratul Aurelian, \u00een anul 274, a fost \u00eenlocuit\u0103 cu ziua de na\u0219tere a M\u00e2ntuitorului, Care fusese numit de proroci \u201cSoarele drept\u0103\u021bii\u201d (Maleahi 4, 2), \u201cR\u0103s\u0103ritul cel de sus\u201d (Zaharia 6, 12; Luca 1, 78-79). Sextus Julius Africanus, un cre\u0219tin din secolul al III-lea, a fost prima persoan\u0103 care propune \u00een anul 221, ziua de 25 decembrie ca zi pentru Na\u0219terea lui Iisus.<\/p>\n<p>Cu toate acestea, exist\u0103 unele \u021b\u0103ri \u00een lume care nu s\u0103rb\u0103toresc Cr\u0103ciunul, iar ziua de 25 decembrie este una obi\u0219nuit\u0103. Iat\u0103 c\u00e2teva exemple:<\/p>\n<ul>\n<li>Republica Moldova &#8211; ambele date sunt cu ro\u0219u \u00een calendar, iar oamenii, adesea, s\u0103rb\u0103toresc de dou\u0103 ori;<\/li>\n<li>Arabia Saudit\u0103 &#8211; este absolut interzis\u0103 aceast\u0103 s\u0103rb\u0103torire a Cr\u0103ciunului;<\/li>\n<li>Turcia &#8211; majoritatea locuitorilor din Turcia sunt de origine musulman\u0103 din acest motiv, Cr\u0103ciunul nu se s\u0103rb\u0103tore\u0219te, fiind doar o zi normal\u0103 din luna decembrie.<\/li>\n<\/ul>\n<p>Chiar dac\u0103 ziua de 25 decembrie a devenit s\u0103rb\u0103toare eminamente cre\u0219tin\u0103, totu\u0219i mai \u00eent\u00e2lnim \u0219i ast\u0103zi r\u0103m\u0103\u0219i\u021bele cultului p\u0103g\u00e2n al soarelui: focurile care se fac \u00een diminea\u021ba de Cr\u0103ciun, colacii de Cr\u0103ciun care imit\u0103 forma soarelui, mersul cu capra etc.<\/p>\n<p><b>Abona\u021bi-v\u0103 la noi pe re\u021bele sociale:\u00a0<\/b><a href=\"https:\/\/t.me\/bastvmd\"><b><i>Telegram<\/i><\/b><\/a><b>,\u00a0<\/b><a href=\"https:\/\/www.youtube.com\/channel\/UC-9005PnLnhpNM8PVSjP2dQ\/featured\"><b><i>YouTube<\/i><\/b><\/a><b>,\u00a0<\/b><a href=\"https:\/\/www.facebook.com\/bastv.md\"><b><i>Facebook<\/i><\/b><\/a>\u00a0<b><i>\u0438<\/i><\/b>\u00a0<a href=\"https:\/\/www.instagram.com\/bastv.md\/\"><b><i>Instagram<\/i><\/b><\/a><b>.\u00a0 Aici public\u0103m \u0219tiri pe scurt!<\/b><\/p>\n","protected":false},"excerpt":{"rendered":"<p>Deoarece pare pu\u021bin probabil ca Iisus s\u0103 se fi n\u0103scut pe\u00a025 decembrie, se ridic\u0103 \u00eentrebarea logic\u0103 de ce este s\u0103rb\u0103torit Cr\u0103ciunul \u00een aceast\u0103 dat\u0103. R\u0103spunsul trimite \u00eenapoi la s\u0103rb\u0103torile p\u0103g\u00e2ne care au avut loc \u00een jurul solsti\u021biului de iarn\u0103. Dou\u0103 s\u0103rb\u0103tori au avut loc \u00een special \u00een jurul datei de 25 decembrie \u2013 Saturnalia \u0219i [&hellip;]<\/p>\n","protected":false},"author":3,"featured_media":71022,"comment_status":"open","ping_status":"open","sticky":false,"template":"","format":"standard","meta":{"footnotes":""},"categories":[265,198],"tags":[],"class_list":["post-73647","post","type-post","status-publish","format-standard","has-post-thumbnail","hentry","category-important","category-social"],"yoast_head":"<!-- This site is optimized with the Yoast SEO plugin v27.5 - https:\/\/yoast.com\/product\/yoast-seo-wordpress\/ -->\n<title>De ce s\u0103rb\u0103torim Na\u0219terea lui Isus pe 25 decembrie? - BasTV<\/title>\n<meta name=\"description\" content=\"Deoarece pare pu\u021bin probabil ca Iisus s\u0103 se fi n\u0103scut pe\u00a025 decembrie, se ridic\u0103 \u00eentrebarea logic\u0103 de ce este s\u0103rb\u0103torit Cr\u0103ciunul \u00een aceast\u0103 dat\u0103. R\u0103spunsul trimite \u00eenapoi la s\u0103rb\u0103torile p\u0103g\u00e2ne care au avut loc \u00een jurul solsti\u021biului de iarn\u0103.\" \/>\n<meta name=\"robots\" content=\"index, follow, max-snippet:-1, max-image-preview:large, max-video-preview:-1\" \/>\n<link rel=\"canonical\" href=\"https:\/\/bas-tv.md\/ro\/de-ce-sarbatorim-nasterea-lui-isus-pe-25-decembrie\/\" \/>\n<meta property=\"og:locale\" content=\"ro_RO\" \/>\n<meta property=\"og:type\" content=\"article\" \/>\n<meta property=\"og:title\" content=\"De ce s\u0103rb\u0103torim Na\u0219terea lui Isus pe 25 decembrie? - BasTV\" \/>\n<meta property=\"og:description\" content=\"Deoarece pare pu\u021bin probabil ca Iisus s\u0103 se fi n\u0103scut pe\u00a025 decembrie, se ridic\u0103 \u00eentrebarea logic\u0103 de ce este s\u0103rb\u0103torit Cr\u0103ciunul \u00een aceast\u0103 dat\u0103. R\u0103spunsul trimite \u00eenapoi la s\u0103rb\u0103torile p\u0103g\u00e2ne care au avut loc \u00een jurul solsti\u021biului de iarn\u0103.\" \/>\n<meta property=\"og:url\" content=\"https:\/\/bas-tv.md\/ro\/de-ce-sarbatorim-nasterea-lui-isus-pe-25-decembrie\/\" \/>\n<meta property=\"og:site_name\" content=\"BasTV\" \/>\n<meta property=\"article:published_time\" content=\"2022-12-25T10:00:48+00:00\" \/>\n<meta property=\"article:modified_time\" content=\"2023-06-07T15:20:29+00:00\" \/>\n<meta name=\"author\" content=\"Redactor\" \/>\n<meta name=\"twitter:card\" content=\"summary_large_image\" \/>\n<meta name=\"twitter:label1\" content=\"Scris de\" \/>\n\t<meta name=\"twitter:data1\" content=\"Redactor\" \/>\n\t<meta name=\"twitter:label2\" content=\"Timp estimat pentru citire\" \/>\n\t<meta name=\"twitter:data2\" content=\"2 minute\" \/>\n<script type=\"application\/ld+json\" class=\"yoast-schema-graph\">{\"@context\":\"https:\\\/\\\/schema.org\",\"@graph\":[{\"@type\":\"Article\",\"@id\":\"https:\\\/\\\/bas-tv.md\\\/ro\\\/de-ce-sarbatorim-nasterea-lui-isus-pe-25-decembrie\\\/#article\",\"isPartOf\":{\"@id\":\"https:\\\/\\\/bas-tv.md\\\/ro\\\/de-ce-sarbatorim-nasterea-lui-isus-pe-25-decembrie\\\/\"},\"author\":{\"name\":\"Redactor\",\"@id\":\"https:\\\/\\\/bas-tv.md\\\/ro\\\/#\\\/schema\\\/person\\\/8740f45ea2eca1f1695284fc03529af0\"},\"headline\":\"De ce s\u0103rb\u0103torim Na\u0219terea lui Isus pe 25 decembrie?\",\"datePublished\":\"2022-12-25T10:00:48+00:00\",\"dateModified\":\"2023-06-07T15:20:29+00:00\",\"mainEntityOfPage\":{\"@id\":\"https:\\\/\\\/bas-tv.md\\\/ro\\\/de-ce-sarbatorim-nasterea-lui-isus-pe-25-decembrie\\\/\"},\"wordCount\":442,\"commentCount\":0,\"publisher\":{\"@id\":\"https:\\\/\\\/bas-tv.md\\\/ro\\\/#organization\"},\"image\":{\"@id\":\"https:\\\/\\\/bas-tv.md\\\/ro\\\/de-ce-sarbatorim-nasterea-lui-isus-pe-25-decembrie\\\/#primaryimage\"},\"thumbnailUrl\":\"\",\"articleSection\":[\"Important\",\"Social\"],\"inLanguage\":\"ro-RO\",\"potentialAction\":[{\"@type\":\"CommentAction\",\"name\":\"Comment\",\"target\":[\"https:\\\/\\\/bas-tv.md\\\/ro\\\/de-ce-sarbatorim-nasterea-lui-isus-pe-25-decembrie\\\/#respond\"]}]},{\"@type\":\"WebPage\",\"@id\":\"https:\\\/\\\/bas-tv.md\\\/ro\\\/de-ce-sarbatorim-nasterea-lui-isus-pe-25-decembrie\\\/\",\"url\":\"https:\\\/\\\/bas-tv.md\\\/ro\\\/de-ce-sarbatorim-nasterea-lui-isus-pe-25-decembrie\\\/\",\"name\":\"De ce s\u0103rb\u0103torim Na\u0219terea lui Isus pe 25 decembrie? - BasTV\",\"isPartOf\":{\"@id\":\"https:\\\/\\\/bas-tv.md\\\/ro\\\/#website\"},\"primaryImageOfPage\":{\"@id\":\"https:\\\/\\\/bas-tv.md\\\/ro\\\/de-ce-sarbatorim-nasterea-lui-isus-pe-25-decembrie\\\/#primaryimage\"},\"image\":{\"@id\":\"https:\\\/\\\/bas-tv.md\\\/ro\\\/de-ce-sarbatorim-nasterea-lui-isus-pe-25-decembrie\\\/#primaryimage\"},\"thumbnailUrl\":\"\",\"datePublished\":\"2022-12-25T10:00:48+00:00\",\"dateModified\":\"2023-06-07T15:20:29+00:00\",\"description\":\"Deoarece pare pu\u021bin probabil ca Iisus s\u0103 se fi n\u0103scut pe\u00a025 decembrie, se ridic\u0103 \u00eentrebarea logic\u0103 de ce este s\u0103rb\u0103torit Cr\u0103ciunul \u00een aceast\u0103 dat\u0103. R\u0103spunsul trimite \u00eenapoi la s\u0103rb\u0103torile p\u0103g\u00e2ne care au avut loc \u00een jurul solsti\u021biului de iarn\u0103.\",\"inLanguage\":\"ro-RO\",\"potentialAction\":[{\"@type\":\"ReadAction\",\"target\":[\"https:\\\/\\\/bas-tv.md\\\/ro\\\/de-ce-sarbatorim-nasterea-lui-isus-pe-25-decembrie\\\/\"]}]},{\"@type\":\"ImageObject\",\"inLanguage\":\"ro-RO\",\"@id\":\"https:\\\/\\\/bas-tv.md\\\/ro\\\/de-ce-sarbatorim-nasterea-lui-isus-pe-25-decembrie\\\/#primaryimage\",\"url\":\"\",\"contentUrl\":\"\"},{\"@type\":\"WebSite\",\"@id\":\"https:\\\/\\\/bas-tv.md\\\/ro\\\/#website\",\"url\":\"https:\\\/\\\/bas-tv.md\\\/ro\\\/\",\"name\":\"BasTV\",\"description\":\"Moldova\",\"publisher\":{\"@id\":\"https:\\\/\\\/bas-tv.md\\\/ro\\\/#organization\"},\"potentialAction\":[{\"@type\":\"SearchAction\",\"target\":{\"@type\":\"EntryPoint\",\"urlTemplate\":\"https:\\\/\\\/bas-tv.md\\\/ro\\\/?s={search_term_string}\"},\"query-input\":{\"@type\":\"PropertyValueSpecification\",\"valueRequired\":true,\"valueName\":\"search_term_string\"}}],\"inLanguage\":\"ro-RO\"},{\"@type\":\"Organization\",\"@id\":\"https:\\\/\\\/bas-tv.md\\\/ro\\\/#organization\",\"name\":\"BasTV\",\"url\":\"https:\\\/\\\/bas-tv.md\\\/ro\\\/\",\"logo\":{\"@type\":\"ImageObject\",\"inLanguage\":\"ro-RO\",\"@id\":\"https:\\\/\\\/bas-tv.md\\\/ro\\\/#\\\/schema\\\/logo\\\/image\\\/\",\"url\":\"https:\\\/\\\/bas-tv.md\\\/wp-content\\\/uploads\\\/2023\\\/05\\\/bas-tv-culoarea-rosie.png\",\"contentUrl\":\"https:\\\/\\\/bas-tv.md\\\/wp-content\\\/uploads\\\/2023\\\/05\\\/bas-tv-culoarea-rosie.png\",\"width\":202,\"height\":50,\"caption\":\"BasTV\"},\"image\":{\"@id\":\"https:\\\/\\\/bas-tv.md\\\/ro\\\/#\\\/schema\\\/logo\\\/image\\\/\"}},{\"@type\":\"Person\",\"@id\":\"https:\\\/\\\/bas-tv.md\\\/ro\\\/#\\\/schema\\\/person\\\/8740f45ea2eca1f1695284fc03529af0\",\"name\":\"Redactor\",\"image\":{\"@type\":\"ImageObject\",\"inLanguage\":\"ro-RO\",\"@id\":\"https:\\\/\\\/bas-tv.md\\\/wp-content\\\/litespeed\\\/avatar\\\/91c0586f3f6f4396a4ec1287c965eeeb.jpg?ver=1776950945\",\"url\":\"https:\\\/\\\/bas-tv.md\\\/wp-content\\\/litespeed\\\/avatar\\\/91c0586f3f6f4396a4ec1287c965eeeb.jpg?ver=1776950945\",\"contentUrl\":\"https:\\\/\\\/bas-tv.md\\\/wp-content\\\/litespeed\\\/avatar\\\/91c0586f3f6f4396a4ec1287c965eeeb.jpg?ver=1776950945\",\"caption\":\"Redactor\"},\"url\":\"https:\\\/\\\/bas-tv.md\\\/ro\\\/author\\\/redactor\\\/\"}]}<\/script>\n<!-- \/ Yoast SEO plugin. -->","yoast_head_json":{"title":"De ce s\u0103rb\u0103torim Na\u0219terea lui Isus pe 25 decembrie? - BasTV","description":"Deoarece pare pu\u021bin probabil ca Iisus s\u0103 se fi n\u0103scut pe\u00a025 decembrie, se ridic\u0103 \u00eentrebarea logic\u0103 de ce este s\u0103rb\u0103torit Cr\u0103ciunul \u00een aceast\u0103 dat\u0103. R\u0103spunsul trimite \u00eenapoi la s\u0103rb\u0103torile p\u0103g\u00e2ne care au avut loc \u00een jurul solsti\u021biului de iarn\u0103.","robots":{"index":"index","follow":"follow","max-snippet":"max-snippet:-1","max-image-preview":"max-image-preview:large","max-video-preview":"max-video-preview:-1"},"canonical":"https:\/\/bas-tv.md\/ro\/de-ce-sarbatorim-nasterea-lui-isus-pe-25-decembrie\/","og_locale":"ro_RO","og_type":"article","og_title":"De ce s\u0103rb\u0103torim Na\u0219terea lui Isus pe 25 decembrie? - BasTV","og_description":"Deoarece pare pu\u021bin probabil ca Iisus s\u0103 se fi n\u0103scut pe\u00a025 decembrie, se ridic\u0103 \u00eentrebarea logic\u0103 de ce este s\u0103rb\u0103torit Cr\u0103ciunul \u00een aceast\u0103 dat\u0103. R\u0103spunsul trimite \u00eenapoi la s\u0103rb\u0103torile p\u0103g\u00e2ne care au avut loc \u00een jurul solsti\u021biului de iarn\u0103.","og_url":"https:\/\/bas-tv.md\/ro\/de-ce-sarbatorim-nasterea-lui-isus-pe-25-decembrie\/","og_site_name":"BasTV","article_published_time":"2022-12-25T10:00:48+00:00","article_modified_time":"2023-06-07T15:20:29+00:00","author":"Redactor","twitter_card":"summary_large_image","twitter_misc":{"Scris de":"Redactor","Timp estimat pentru citire":"2 minute"},"schema":{"@context":"https:\/\/schema.org","@graph":[{"@type":"Article","@id":"https:\/\/bas-tv.md\/ro\/de-ce-sarbatorim-nasterea-lui-isus-pe-25-decembrie\/#article","isPartOf":{"@id":"https:\/\/bas-tv.md\/ro\/de-ce-sarbatorim-nasterea-lui-isus-pe-25-decembrie\/"},"author":{"name":"Redactor","@id":"https:\/\/bas-tv.md\/ro\/#\/schema\/person\/8740f45ea2eca1f1695284fc03529af0"},"headline":"De ce s\u0103rb\u0103torim Na\u0219terea lui Isus pe 25 decembrie?","datePublished":"2022-12-25T10:00:48+00:00","dateModified":"2023-06-07T15:20:29+00:00","mainEntityOfPage":{"@id":"https:\/\/bas-tv.md\/ro\/de-ce-sarbatorim-nasterea-lui-isus-pe-25-decembrie\/"},"wordCount":442,"commentCount":0,"publisher":{"@id":"https:\/\/bas-tv.md\/ro\/#organization"},"image":{"@id":"https:\/\/bas-tv.md\/ro\/de-ce-sarbatorim-nasterea-lui-isus-pe-25-decembrie\/#primaryimage"},"thumbnailUrl":"","articleSection":["Important","Social"],"inLanguage":"ro-RO","potentialAction":[{"@type":"CommentAction","name":"Comment","target":["https:\/\/bas-tv.md\/ro\/de-ce-sarbatorim-nasterea-lui-isus-pe-25-decembrie\/#respond"]}]},{"@type":"WebPage","@id":"https:\/\/bas-tv.md\/ro\/de-ce-sarbatorim-nasterea-lui-isus-pe-25-decembrie\/","url":"https:\/\/bas-tv.md\/ro\/de-ce-sarbatorim-nasterea-lui-isus-pe-25-decembrie\/","name":"De ce s\u0103rb\u0103torim Na\u0219terea lui Isus pe 25 decembrie? - BasTV","isPartOf":{"@id":"https:\/\/bas-tv.md\/ro\/#website"},"primaryImageOfPage":{"@id":"https:\/\/bas-tv.md\/ro\/de-ce-sarbatorim-nasterea-lui-isus-pe-25-decembrie\/#primaryimage"},"image":{"@id":"https:\/\/bas-tv.md\/ro\/de-ce-sarbatorim-nasterea-lui-isus-pe-25-decembrie\/#primaryimage"},"thumbnailUrl":"","datePublished":"2022-12-25T10:00:48+00:00","dateModified":"2023-06-07T15:20:29+00:00","description":"Deoarece pare pu\u021bin probabil ca Iisus s\u0103 se fi n\u0103scut pe\u00a025 decembrie, se ridic\u0103 \u00eentrebarea logic\u0103 de ce este s\u0103rb\u0103torit Cr\u0103ciunul \u00een aceast\u0103 dat\u0103. R\u0103spunsul trimite \u00eenapoi la s\u0103rb\u0103torile p\u0103g\u00e2ne care au avut loc \u00een jurul solsti\u021biului de iarn\u0103.","inLanguage":"ro-RO","potentialAction":[{"@type":"ReadAction","target":["https:\/\/bas-tv.md\/ro\/de-ce-sarbatorim-nasterea-lui-isus-pe-25-decembrie\/"]}]},{"@type":"ImageObject","inLanguage":"ro-RO","@id":"https:\/\/bas-tv.md\/ro\/de-ce-sarbatorim-nasterea-lui-isus-pe-25-decembrie\/#primaryimage","url":"","contentUrl":""},{"@type":"WebSite","@id":"https:\/\/bas-tv.md\/ro\/#website","url":"https:\/\/bas-tv.md\/ro\/","name":"BasTV","description":"Moldova","publisher":{"@id":"https:\/\/bas-tv.md\/ro\/#organization"},"potentialAction":[{"@type":"SearchAction","target":{"@type":"EntryPoint","urlTemplate":"https:\/\/bas-tv.md\/ro\/?s={search_term_string}"},"query-input":{"@type":"PropertyValueSpecification","valueRequired":true,"valueName":"search_term_string"}}],"inLanguage":"ro-RO"},{"@type":"Organization","@id":"https:\/\/bas-tv.md\/ro\/#organization","name":"BasTV","url":"https:\/\/bas-tv.md\/ro\/","logo":{"@type":"ImageObject","inLanguage":"ro-RO","@id":"https:\/\/bas-tv.md\/ro\/#\/schema\/logo\/image\/","url":"https:\/\/bas-tv.md\/wp-content\/uploads\/2023\/05\/bas-tv-culoarea-rosie.png","contentUrl":"https:\/\/bas-tv.md\/wp-content\/uploads\/2023\/05\/bas-tv-culoarea-rosie.png","width":202,"height":50,"caption":"BasTV"},"image":{"@id":"https:\/\/bas-tv.md\/ro\/#\/schema\/logo\/image\/"}},{"@type":"Person","@id":"https:\/\/bas-tv.md\/ro\/#\/schema\/person\/8740f45ea2eca1f1695284fc03529af0","name":"Redactor","image":{"@type":"ImageObject","inLanguage":"ro-RO","@id":"https:\/\/bas-tv.md\/wp-content\/litespeed\/avatar\/91c0586f3f6f4396a4ec1287c965eeeb.jpg?ver=1776950945","url":"https:\/\/bas-tv.md\/wp-content\/litespeed\/avatar\/91c0586f3f6f4396a4ec1287c965eeeb.jpg?ver=1776950945","contentUrl":"https:\/\/bas-tv.md\/wp-content\/litespeed\/avatar\/91c0586f3f6f4396a4ec1287c965eeeb.jpg?ver=1776950945","caption":"Redactor"},"url":"https:\/\/bas-tv.md\/ro\/author\/redactor\/"}]}},"views":305,"_links":{"self":[{"href":"https:\/\/bas-tv.md\/ro\/wp-json\/wp\/v2\/posts\/73647","targetHints":{"allow":["GET"]}}],"collection":[{"href":"https:\/\/bas-tv.md\/ro\/wp-json\/wp\/v2\/posts"}],"about":[{"href":"https:\/\/bas-tv.md\/ro\/wp-json\/wp\/v2\/types\/post"}],"author":[{"embeddable":true,"href":"https:\/\/bas-tv.md\/ro\/wp-json\/wp\/v2\/users\/3"}],"replies":[{"embeddable":true,"href":"https:\/\/bas-tv.md\/ro\/wp-json\/wp\/v2\/comments?post=73647"}],"version-history":[{"count":1,"href":"https:\/\/bas-tv.md\/ro\/wp-json\/wp\/v2\/posts\/73647\/revisions"}],"predecessor-version":[{"id":86696,"href":"https:\/\/bas-tv.md\/ro\/wp-json\/wp\/v2\/posts\/73647\/revisions\/86696"}],"wp:featuredmedia":[{"embeddable":true,"href":"https:\/\/bas-tv.md\/ro\/wp-json\/wp\/v2\/posts\/71022"}],"wp:attachment":[{"href":"https:\/\/bas-tv.md\/ro\/wp-json\/wp\/v2\/media?parent=73647"}],"wp:term":[{"taxonomy":"category","embeddable":true,"href":"https:\/\/bas-tv.md\/ro\/wp-json\/wp\/v2\/categories?post=73647"},{"taxonomy":"post_tag","embeddable":true,"href":"https:\/\/bas-tv.md\/ro\/wp-json\/wp\/v2\/tags?post=73647"}],"curies":[{"name":"wp","href":"https:\/\/api.w.org\/{rel}","templated":true}]}}