{"id":92130,"date":"2023-07-04T13:30:51","date_gmt":"2023-07-04T10:30:51","guid":{"rendered":"https:\/\/bas-tv.md\/?p=92130"},"modified":"2023-07-04T13:23:29","modified_gmt":"2023-07-04T10:23:29","slug":"primaria-s-carabetovca-va-fi-renovata-cati-bani-au-fost-alocati-si-de-unde","status":"publish","type":"post","link":"https:\/\/bas-tv.md\/ro\/primaria-s-carabetovca-va-fi-renovata-cati-bani-au-fost-alocati-si-de-unde\/","title":{"rendered":"Prim\u0103ria s. Carabetovca va fi renovat\u0103. C\u00e2\u021bi bani au fost aloca\u021bi \u0219i de unde"},"content":{"rendered":"<p><strong>Prim\u0103ria Carabetovca se preg\u0103te\u0219te de o renovare \u00een cadrul unui proiect de finan\u021bare. Obiectivul principal al lucr\u0103rilor este economisirea energiei termice. <\/strong><\/p>\n<p>\u00cen cadrul Proiectului Na\u021bional de finan\u021bare ,,Satul European\u201d, prim\u0103ria satului Carabetovca a beneficiat de o repara\u021bie total\u0103 a acoperi\u0219ului \u0219i fa\u021badei pentru izolarea termic\u0103. De asemenea, pentru accesul persoanelor cu dificult\u0103\u021bi de deplasare se va instala o ramp\u0103.<\/p>\n<p>Potrivit primarului s. Carabetovca, Sergiu R\u0103cil\u0103, scopul principal al acestui proiect este termoizolarea cl\u0103dirii \u0219i schimbul geamurilor, \u00een scopul economisirii energiei termice.Valoarea lucr\u0103rilor planificate este de 450 mii de lei.<\/p>\n<blockquote><p>,,\u00cen urma implement\u0103rii acestui proiect va avea de c\u00e2\u0219tigat fiecare cet\u0103\u021bean din sat, \u00eentruc\u00e2t gazele naturale pentru \u00eenc\u0103lzirea cl\u0103dirii sunt achitate din bugetul local, iar economisirea banilor va duce la redirec\u021bionarea acestor spre realizarea altor proiecte necesare comunit\u0103\u021bii\u201d, a men\u021bionat primarul s. Carabetovca.<\/p><\/blockquote>\n<p>Amintim c\u0103, satul Carabetovca a mai <a href=\"https:\/\/bas-tv.md\/ro\/vestiarul-stadionului-central-din-satul-carabetovca-va-fi-restaurat-cati-bani-vor-fi-alocati\/?doing_wp_cron=1688455884.5344910621643066406250\">c\u00e2\u0219tigat<\/a> granturi de la Proiectul Na\u021bional de finan\u021bare ,,Sat European\u201d. Acesta este un concurs de propuneri de proiecte \u00een cadrul Programului de Dezvoltare Local\u0103, finan\u021bat din Fondul Na\u021bional de Dezvoltare Regional\u0103 \u0219i Local\u0103.<\/p>\n<p>Autor: Cristina Lupa\u0219cu<\/p>\n<p><b>Abona\u021bi-v\u0103 la noi pe re\u021bele sociale:\u00a0<\/b><a href=\"https:\/\/t.me\/bastvmd\"><b><i>Telegram<\/i><\/b><\/a><b>,\u00a0<\/b><a href=\"https:\/\/www.youtube.com\/channel\/UC-9005PnLnhpNM8PVSjP2dQ\/featured\"><b><i>YouTube<\/i><\/b><\/a><b>,\u00a0<\/b><a href=\"https:\/\/www.facebook.com\/bastv.md\"><b><i>Facebook<\/i><\/b><\/a>\u00a0<b><i>\u0438<\/i><\/b>\u00a0<a href=\"https:\/\/www.instagram.com\/bastv.md\/\"><b><i>Instagram<\/i><\/b><\/a><b>.\u00a0 Aici public\u0103m \u0219tiri pe scurt!<\/b><\/p>\n","protected":false},"excerpt":{"rendered":"<p>Prim\u0103ria Carabetovca se preg\u0103te\u0219te de o renovare \u00een cadrul unui proiect de finan\u021bare. Obiectivul principal al lucr\u0103rilor este economisirea energiei termice. \u00cen cadrul Proiectului Na\u021bional de finan\u021bare ,,Satul European\u201d, prim\u0103ria satului Carabetovca a beneficiat de o repara\u021bie total\u0103 a acoperi\u0219ului \u0219i fa\u021badei pentru izolarea termic\u0103. De asemenea, pentru accesul persoanelor cu dificult\u0103\u021bi de deplasare se [&hellip;]<\/p>\n","protected":false},"author":3,"featured_media":92137,"comment_status":"open","ping_status":"open","sticky":false,"template":"","format":"standard","meta":{"footnotes":""},"categories":[602,569],"tags":[678,679,681,680,677],"class_list":["post-92130","post","type-post","status-publish","format-standard","has-post-thumbnail","hentry","category-actualitate","category-in-basarabeasca","tag-carabetovca","tag-european","tag-granturi","tag-lucrari","tag-sat"],"yoast_head":"<!-- This site is optimized with the Yoast SEO plugin v27.5 - https:\/\/yoast.com\/product\/yoast-seo-wordpress\/ -->\n<title>Prim\u0103ria s. Carabetovca va fi renovat\u0103. C\u00e2\u021bi bani au fost aloca\u021bi \u0219i de unde - BasTV<\/title>\n<meta name=\"description\" content=\"Prim\u0103ria Carabetovca se preg\u0103te\u0219te de o renovare \u00een cadrul unui proiect de finan\u021bare. Obiectivul principal al lucr\u0103rilor este economisirea energiei termice.\" \/>\n<meta name=\"robots\" content=\"index, follow, max-snippet:-1, max-image-preview:large, max-video-preview:-1\" \/>\n<link rel=\"canonical\" href=\"https:\/\/bas-tv.md\/ro\/primaria-s-carabetovca-va-fi-renovata-cati-bani-au-fost-alocati-si-de-unde\/\" \/>\n<meta property=\"og:locale\" content=\"ro_RO\" \/>\n<meta property=\"og:type\" content=\"article\" \/>\n<meta property=\"og:title\" content=\"Prim\u0103ria s. Carabetovca va fi renovat\u0103. C\u00e2\u021bi bani au fost aloca\u021bi \u0219i de unde - BasTV\" \/>\n<meta property=\"og:description\" content=\"Prim\u0103ria Carabetovca se preg\u0103te\u0219te de o renovare \u00een cadrul unui proiect de finan\u021bare. Obiectivul principal al lucr\u0103rilor este economisirea energiei termice.\" \/>\n<meta property=\"og:url\" content=\"https:\/\/bas-tv.md\/ro\/primaria-s-carabetovca-va-fi-renovata-cati-bani-au-fost-alocati-si-de-unde\/\" \/>\n<meta property=\"og:site_name\" content=\"BasTV\" \/>\n<meta property=\"article:published_time\" content=\"2023-07-04T10:30:51+00:00\" \/>\n<meta property=\"og:image\" content=\"https:\/\/bas-tv.md\/wp-content\/uploads\/2023\/07\/carabetovca.jpg\" \/>\n\t<meta property=\"og:image:width\" content=\"1130\" \/>\n\t<meta property=\"og:image:height\" content=\"580\" \/>\n\t<meta property=\"og:image:type\" content=\"image\/jpeg\" \/>\n<meta name=\"author\" content=\"Redactor\" \/>\n<meta name=\"twitter:card\" content=\"summary_large_image\" \/>\n<meta name=\"twitter:label1\" content=\"Scris de\" \/>\n\t<meta name=\"twitter:data1\" content=\"Redactor\" \/>\n\t<meta name=\"twitter:label2\" content=\"Timp estimat pentru citire\" \/>\n\t<meta name=\"twitter:data2\" content=\"1 minut\" \/>\n<script type=\"application\/ld+json\" class=\"yoast-schema-graph\">{\"@context\":\"https:\\\/\\\/schema.org\",\"@graph\":[{\"@type\":\"Article\",\"@id\":\"https:\\\/\\\/bas-tv.md\\\/ro\\\/primaria-s-carabetovca-va-fi-renovata-cati-bani-au-fost-alocati-si-de-unde\\\/#article\",\"isPartOf\":{\"@id\":\"https:\\\/\\\/bas-tv.md\\\/ro\\\/primaria-s-carabetovca-va-fi-renovata-cati-bani-au-fost-alocati-si-de-unde\\\/\"},\"author\":{\"name\":\"Redactor\",\"@id\":\"https:\\\/\\\/bas-tv.md\\\/ro\\\/#\\\/schema\\\/person\\\/8740f45ea2eca1f1695284fc03529af0\"},\"headline\":\"Prim\u0103ria s. Carabetovca va fi renovat\u0103. C\u00e2\u021bi bani au fost aloca\u021bi \u0219i de unde\",\"datePublished\":\"2023-07-04T10:30:51+00:00\",\"mainEntityOfPage\":{\"@id\":\"https:\\\/\\\/bas-tv.md\\\/ro\\\/primaria-s-carabetovca-va-fi-renovata-cati-bani-au-fost-alocati-si-de-unde\\\/\"},\"wordCount\":253,\"commentCount\":0,\"publisher\":{\"@id\":\"https:\\\/\\\/bas-tv.md\\\/ro\\\/#organization\"},\"image\":{\"@id\":\"https:\\\/\\\/bas-tv.md\\\/ro\\\/primaria-s-carabetovca-va-fi-renovata-cati-bani-au-fost-alocati-si-de-unde\\\/#primaryimage\"},\"thumbnailUrl\":\"https:\\\/\\\/bas-tv.md\\\/wp-content\\\/uploads\\\/2023\\\/07\\\/carabetovca.jpg\",\"keywords\":[\"Carabetovca\",\"European\",\"granturi\",\"lucr\u0103ri\",\"sat\"],\"articleSection\":[\"Actualitate\",\"\u00cen Basarabeasca\"],\"inLanguage\":\"ro-RO\",\"potentialAction\":[{\"@type\":\"CommentAction\",\"name\":\"Comment\",\"target\":[\"https:\\\/\\\/bas-tv.md\\\/ro\\\/primaria-s-carabetovca-va-fi-renovata-cati-bani-au-fost-alocati-si-de-unde\\\/#respond\"]}]},{\"@type\":\"WebPage\",\"@id\":\"https:\\\/\\\/bas-tv.md\\\/ro\\\/primaria-s-carabetovca-va-fi-renovata-cati-bani-au-fost-alocati-si-de-unde\\\/\",\"url\":\"https:\\\/\\\/bas-tv.md\\\/ro\\\/primaria-s-carabetovca-va-fi-renovata-cati-bani-au-fost-alocati-si-de-unde\\\/\",\"name\":\"Prim\u0103ria s. Carabetovca va fi renovat\u0103. C\u00e2\u021bi bani au fost aloca\u021bi \u0219i de unde - BasTV\",\"isPartOf\":{\"@id\":\"https:\\\/\\\/bas-tv.md\\\/ro\\\/#website\"},\"primaryImageOfPage\":{\"@id\":\"https:\\\/\\\/bas-tv.md\\\/ro\\\/primaria-s-carabetovca-va-fi-renovata-cati-bani-au-fost-alocati-si-de-unde\\\/#primaryimage\"},\"image\":{\"@id\":\"https:\\\/\\\/bas-tv.md\\\/ro\\\/primaria-s-carabetovca-va-fi-renovata-cati-bani-au-fost-alocati-si-de-unde\\\/#primaryimage\"},\"thumbnailUrl\":\"https:\\\/\\\/bas-tv.md\\\/wp-content\\\/uploads\\\/2023\\\/07\\\/carabetovca.jpg\",\"datePublished\":\"2023-07-04T10:30:51+00:00\",\"description\":\"Prim\u0103ria Carabetovca se preg\u0103te\u0219te de o renovare \u00een cadrul unui proiect de finan\u021bare. Obiectivul principal al lucr\u0103rilor este economisirea energiei termice.\",\"inLanguage\":\"ro-RO\",\"potentialAction\":[{\"@type\":\"ReadAction\",\"target\":[\"https:\\\/\\\/bas-tv.md\\\/ro\\\/primaria-s-carabetovca-va-fi-renovata-cati-bani-au-fost-alocati-si-de-unde\\\/\"]}]},{\"@type\":\"ImageObject\",\"inLanguage\":\"ro-RO\",\"@id\":\"https:\\\/\\\/bas-tv.md\\\/ro\\\/primaria-s-carabetovca-va-fi-renovata-cati-bani-au-fost-alocati-si-de-unde\\\/#primaryimage\",\"url\":\"https:\\\/\\\/bas-tv.md\\\/wp-content\\\/uploads\\\/2023\\\/07\\\/carabetovca.jpg\",\"contentUrl\":\"https:\\\/\\\/bas-tv.md\\\/wp-content\\\/uploads\\\/2023\\\/07\\\/carabetovca.jpg\",\"width\":1130,\"height\":580,\"caption\":\"Foto: Simbol\"},{\"@type\":\"WebSite\",\"@id\":\"https:\\\/\\\/bas-tv.md\\\/ro\\\/#website\",\"url\":\"https:\\\/\\\/bas-tv.md\\\/ro\\\/\",\"name\":\"BasTV\",\"description\":\"Moldova\",\"publisher\":{\"@id\":\"https:\\\/\\\/bas-tv.md\\\/ro\\\/#organization\"},\"potentialAction\":[{\"@type\":\"SearchAction\",\"target\":{\"@type\":\"EntryPoint\",\"urlTemplate\":\"https:\\\/\\\/bas-tv.md\\\/ro\\\/?s={search_term_string}\"},\"query-input\":{\"@type\":\"PropertyValueSpecification\",\"valueRequired\":true,\"valueName\":\"search_term_string\"}}],\"inLanguage\":\"ro-RO\"},{\"@type\":\"Organization\",\"@id\":\"https:\\\/\\\/bas-tv.md\\\/ro\\\/#organization\",\"name\":\"BasTV\",\"url\":\"https:\\\/\\\/bas-tv.md\\\/ro\\\/\",\"logo\":{\"@type\":\"ImageObject\",\"inLanguage\":\"ro-RO\",\"@id\":\"https:\\\/\\\/bas-tv.md\\\/ro\\\/#\\\/schema\\\/logo\\\/image\\\/\",\"url\":\"https:\\\/\\\/bas-tv.md\\\/wp-content\\\/uploads\\\/2023\\\/05\\\/bas-tv-culoarea-rosie.png\",\"contentUrl\":\"https:\\\/\\\/bas-tv.md\\\/wp-content\\\/uploads\\\/2023\\\/05\\\/bas-tv-culoarea-rosie.png\",\"width\":202,\"height\":50,\"caption\":\"BasTV\"},\"image\":{\"@id\":\"https:\\\/\\\/bas-tv.md\\\/ro\\\/#\\\/schema\\\/logo\\\/image\\\/\"}},{\"@type\":\"Person\",\"@id\":\"https:\\\/\\\/bas-tv.md\\\/ro\\\/#\\\/schema\\\/person\\\/8740f45ea2eca1f1695284fc03529af0\",\"name\":\"Redactor\",\"image\":{\"@type\":\"ImageObject\",\"inLanguage\":\"ro-RO\",\"@id\":\"https:\\\/\\\/secure.gravatar.com\\\/avatar\\\/45b6af9fc91c10b15a8b40e67c1f57bab2e9614fc9f0af95cf453d61934e9aad?s=96&d=mm&r=g\",\"url\":\"https:\\\/\\\/secure.gravatar.com\\\/avatar\\\/45b6af9fc91c10b15a8b40e67c1f57bab2e9614fc9f0af95cf453d61934e9aad?s=96&d=mm&r=g\",\"contentUrl\":\"https:\\\/\\\/secure.gravatar.com\\\/avatar\\\/45b6af9fc91c10b15a8b40e67c1f57bab2e9614fc9f0af95cf453d61934e9aad?s=96&d=mm&r=g\",\"caption\":\"Redactor\"},\"url\":\"https:\\\/\\\/bas-tv.md\\\/ro\\\/author\\\/redactor\\\/\"}]}<\/script>\n<!-- \/ Yoast SEO plugin. -->","yoast_head_json":{"title":"Prim\u0103ria s. Carabetovca va fi renovat\u0103. C\u00e2\u021bi bani au fost aloca\u021bi \u0219i de unde - BasTV","description":"Prim\u0103ria Carabetovca se preg\u0103te\u0219te de o renovare \u00een cadrul unui proiect de finan\u021bare. Obiectivul principal al lucr\u0103rilor este economisirea energiei termice.","robots":{"index":"index","follow":"follow","max-snippet":"max-snippet:-1","max-image-preview":"max-image-preview:large","max-video-preview":"max-video-preview:-1"},"canonical":"https:\/\/bas-tv.md\/ro\/primaria-s-carabetovca-va-fi-renovata-cati-bani-au-fost-alocati-si-de-unde\/","og_locale":"ro_RO","og_type":"article","og_title":"Prim\u0103ria s. Carabetovca va fi renovat\u0103. C\u00e2\u021bi bani au fost aloca\u021bi \u0219i de unde - BasTV","og_description":"Prim\u0103ria Carabetovca se preg\u0103te\u0219te de o renovare \u00een cadrul unui proiect de finan\u021bare. Obiectivul principal al lucr\u0103rilor este economisirea energiei termice.","og_url":"https:\/\/bas-tv.md\/ro\/primaria-s-carabetovca-va-fi-renovata-cati-bani-au-fost-alocati-si-de-unde\/","og_site_name":"BasTV","article_published_time":"2023-07-04T10:30:51+00:00","og_image":[{"width":1130,"height":580,"url":"https:\/\/bas-tv.md\/wp-content\/uploads\/2023\/07\/carabetovca.jpg","type":"image\/jpeg"}],"author":"Redactor","twitter_card":"summary_large_image","twitter_misc":{"Scris de":"Redactor","Timp estimat pentru citire":"1 minut"},"schema":{"@context":"https:\/\/schema.org","@graph":[{"@type":"Article","@id":"https:\/\/bas-tv.md\/ro\/primaria-s-carabetovca-va-fi-renovata-cati-bani-au-fost-alocati-si-de-unde\/#article","isPartOf":{"@id":"https:\/\/bas-tv.md\/ro\/primaria-s-carabetovca-va-fi-renovata-cati-bani-au-fost-alocati-si-de-unde\/"},"author":{"name":"Redactor","@id":"https:\/\/bas-tv.md\/ro\/#\/schema\/person\/8740f45ea2eca1f1695284fc03529af0"},"headline":"Prim\u0103ria s. Carabetovca va fi renovat\u0103. C\u00e2\u021bi bani au fost aloca\u021bi \u0219i de unde","datePublished":"2023-07-04T10:30:51+00:00","mainEntityOfPage":{"@id":"https:\/\/bas-tv.md\/ro\/primaria-s-carabetovca-va-fi-renovata-cati-bani-au-fost-alocati-si-de-unde\/"},"wordCount":253,"commentCount":0,"publisher":{"@id":"https:\/\/bas-tv.md\/ro\/#organization"},"image":{"@id":"https:\/\/bas-tv.md\/ro\/primaria-s-carabetovca-va-fi-renovata-cati-bani-au-fost-alocati-si-de-unde\/#primaryimage"},"thumbnailUrl":"https:\/\/bas-tv.md\/wp-content\/uploads\/2023\/07\/carabetovca.jpg","keywords":["Carabetovca","European","granturi","lucr\u0103ri","sat"],"articleSection":["Actualitate","\u00cen Basarabeasca"],"inLanguage":"ro-RO","potentialAction":[{"@type":"CommentAction","name":"Comment","target":["https:\/\/bas-tv.md\/ro\/primaria-s-carabetovca-va-fi-renovata-cati-bani-au-fost-alocati-si-de-unde\/#respond"]}]},{"@type":"WebPage","@id":"https:\/\/bas-tv.md\/ro\/primaria-s-carabetovca-va-fi-renovata-cati-bani-au-fost-alocati-si-de-unde\/","url":"https:\/\/bas-tv.md\/ro\/primaria-s-carabetovca-va-fi-renovata-cati-bani-au-fost-alocati-si-de-unde\/","name":"Prim\u0103ria s. Carabetovca va fi renovat\u0103. C\u00e2\u021bi bani au fost aloca\u021bi \u0219i de unde - BasTV","isPartOf":{"@id":"https:\/\/bas-tv.md\/ro\/#website"},"primaryImageOfPage":{"@id":"https:\/\/bas-tv.md\/ro\/primaria-s-carabetovca-va-fi-renovata-cati-bani-au-fost-alocati-si-de-unde\/#primaryimage"},"image":{"@id":"https:\/\/bas-tv.md\/ro\/primaria-s-carabetovca-va-fi-renovata-cati-bani-au-fost-alocati-si-de-unde\/#primaryimage"},"thumbnailUrl":"https:\/\/bas-tv.md\/wp-content\/uploads\/2023\/07\/carabetovca.jpg","datePublished":"2023-07-04T10:30:51+00:00","description":"Prim\u0103ria Carabetovca se preg\u0103te\u0219te de o renovare \u00een cadrul unui proiect de finan\u021bare. Obiectivul principal al lucr\u0103rilor este economisirea energiei termice.","inLanguage":"ro-RO","potentialAction":[{"@type":"ReadAction","target":["https:\/\/bas-tv.md\/ro\/primaria-s-carabetovca-va-fi-renovata-cati-bani-au-fost-alocati-si-de-unde\/"]}]},{"@type":"ImageObject","inLanguage":"ro-RO","@id":"https:\/\/bas-tv.md\/ro\/primaria-s-carabetovca-va-fi-renovata-cati-bani-au-fost-alocati-si-de-unde\/#primaryimage","url":"https:\/\/bas-tv.md\/wp-content\/uploads\/2023\/07\/carabetovca.jpg","contentUrl":"https:\/\/bas-tv.md\/wp-content\/uploads\/2023\/07\/carabetovca.jpg","width":1130,"height":580,"caption":"Foto: Simbol"},{"@type":"WebSite","@id":"https:\/\/bas-tv.md\/ro\/#website","url":"https:\/\/bas-tv.md\/ro\/","name":"BasTV","description":"Moldova","publisher":{"@id":"https:\/\/bas-tv.md\/ro\/#organization"},"potentialAction":[{"@type":"SearchAction","target":{"@type":"EntryPoint","urlTemplate":"https:\/\/bas-tv.md\/ro\/?s={search_term_string}"},"query-input":{"@type":"PropertyValueSpecification","valueRequired":true,"valueName":"search_term_string"}}],"inLanguage":"ro-RO"},{"@type":"Organization","@id":"https:\/\/bas-tv.md\/ro\/#organization","name":"BasTV","url":"https:\/\/bas-tv.md\/ro\/","logo":{"@type":"ImageObject","inLanguage":"ro-RO","@id":"https:\/\/bas-tv.md\/ro\/#\/schema\/logo\/image\/","url":"https:\/\/bas-tv.md\/wp-content\/uploads\/2023\/05\/bas-tv-culoarea-rosie.png","contentUrl":"https:\/\/bas-tv.md\/wp-content\/uploads\/2023\/05\/bas-tv-culoarea-rosie.png","width":202,"height":50,"caption":"BasTV"},"image":{"@id":"https:\/\/bas-tv.md\/ro\/#\/schema\/logo\/image\/"}},{"@type":"Person","@id":"https:\/\/bas-tv.md\/ro\/#\/schema\/person\/8740f45ea2eca1f1695284fc03529af0","name":"Redactor","image":{"@type":"ImageObject","inLanguage":"ro-RO","@id":"https:\/\/secure.gravatar.com\/avatar\/45b6af9fc91c10b15a8b40e67c1f57bab2e9614fc9f0af95cf453d61934e9aad?s=96&d=mm&r=g","url":"https:\/\/secure.gravatar.com\/avatar\/45b6af9fc91c10b15a8b40e67c1f57bab2e9614fc9f0af95cf453d61934e9aad?s=96&d=mm&r=g","contentUrl":"https:\/\/secure.gravatar.com\/avatar\/45b6af9fc91c10b15a8b40e67c1f57bab2e9614fc9f0af95cf453d61934e9aad?s=96&d=mm&r=g","caption":"Redactor"},"url":"https:\/\/bas-tv.md\/ro\/author\/redactor\/"}]}},"views":478,"_links":{"self":[{"href":"https:\/\/bas-tv.md\/ro\/wp-json\/wp\/v2\/posts\/92130","targetHints":{"allow":["GET"]}}],"collection":[{"href":"https:\/\/bas-tv.md\/ro\/wp-json\/wp\/v2\/posts"}],"about":[{"href":"https:\/\/bas-tv.md\/ro\/wp-json\/wp\/v2\/types\/post"}],"author":[{"embeddable":true,"href":"https:\/\/bas-tv.md\/ro\/wp-json\/wp\/v2\/users\/3"}],"replies":[{"embeddable":true,"href":"https:\/\/bas-tv.md\/ro\/wp-json\/wp\/v2\/comments?post=92130"}],"version-history":[{"count":4,"href":"https:\/\/bas-tv.md\/ro\/wp-json\/wp\/v2\/posts\/92130\/revisions"}],"predecessor-version":[{"id":92139,"href":"https:\/\/bas-tv.md\/ro\/wp-json\/wp\/v2\/posts\/92130\/revisions\/92139"}],"wp:featuredmedia":[{"embeddable":true,"href":"https:\/\/bas-tv.md\/ro\/wp-json\/wp\/v2\/media\/92137"}],"wp:attachment":[{"href":"https:\/\/bas-tv.md\/ro\/wp-json\/wp\/v2\/media?parent=92130"}],"wp:term":[{"taxonomy":"category","embeddable":true,"href":"https:\/\/bas-tv.md\/ro\/wp-json\/wp\/v2\/categories?post=92130"},{"taxonomy":"post_tag","embeddable":true,"href":"https:\/\/bas-tv.md\/ro\/wp-json\/wp\/v2\/tags?post=92130"}],"curies":[{"name":"wp","href":"https:\/\/api.w.org\/{rel}","templated":true}]}}