{"id":94399,"date":"2023-07-19T14:00:42","date_gmt":"2023-07-19T11:00:42","guid":{"rendered":"https:\/\/bas-tv.md\/?p=94399"},"modified":"2023-07-19T13:59:53","modified_gmt":"2023-07-19T10:59:53","slug":"air-moldova-isi-anuleaza-toate-zborurile-pana-la-mijlocul-lunii-august","status":"publish","type":"post","link":"https:\/\/bas-tv.md\/ro\/air-moldova-isi-anuleaza-toate-zborurile-pana-la-mijlocul-lunii-august\/","title":{"rendered":"Air Moldova \u00ee\u0219i anuleaz\u0103 toate zborurile p\u00e2n\u0103 la mijlocul lunii august"},"content":{"rendered":"<p><strong>Compania Air Moldova a anun\u021bat c\u0103 \u00ee\u0219i sisteaz\u0103 toate zborurile pentru \u00eenc\u0103 o lun\u0103, p\u00e2n\u0103 pe data de 16 august, inclusiv. De asemenea, compania aerian\u0103 anun\u021b\u0103 c\u0103 pasagerii a c\u0103ror zboruri au fost anulate vor fi notifica\u021bi pe adresele de email cu op\u021biunile de rambursare \u0219i rebooking.<\/strong><\/p>\n<p><span style=\"font-weight: 400;\">Potrivit Air Moldova, pasagerii care au procurat biletele online, pe site-ul companiei, vor primi rambursarea la solicitare, pe cardul cu care a fost achitat biletul.<\/span><\/p>\n<p><span style=\"font-weight: 400;\">Pasagerii care au procurat biletele achit\u00e2nd prin intermediul agen\u021biilor vor putea primi rambursarea \u00een numerar sau pe card, odat\u0103 cu reluarea activit\u0103\u021bii comerciale \u0219i opera\u021bionale a companiei.<\/span><\/p>\n<p><span style=\"font-weight: 400;\">Amintim c\u0103 Air Moldova, \u00eencep\u00e2nd cu 2 mai 2023, a anulat, repetat, toate zborurile din cauza situa\u021biei financiare instabile a companiei. \u00cen acela\u0219i timp, operatorul aerian respinge declara\u021biile autorit\u0103\u021bilor centrale privind falimentarea companiei aeriene. Compania a emis o not\u0103 informativ\u0103 \u00een care d\u0103 asigur\u0103ri c\u0103 Air Moldova continu\u0103 s\u0103 parcurg\u0103 etapele procesului de restructurare.<\/span><\/p>\n<p><span style=\"font-weight: 400;\">Recent, directorul Autorit\u0103\u021bii Aeronautice Civile, Vasile \u0218aramet, a declarat c\u0103 Air Moldova ar putea s\u0103 nu mai revin\u0103 cu opera\u021biuni pe Aeroportul Interna\u021bional Chi\u0219in\u0103u. \u0218eful AAC sus\u021bine c\u0103 conducerea companiei nu reu\u0219e\u0219te, deocamdat\u0103, s\u0103 identifice resurse financiare pentru a \u00eentoarce datoriile.<\/span><\/p>\n<p><strong>Abona\u021bi-v\u0103 la noi pe re\u021bele sociale:\u00a0<\/strong><a href=\"https:\/\/t.me\/bastvmd\"><em><strong>Telegram<\/strong><\/em><\/a><strong>,\u00a0<\/strong><a href=\"https:\/\/www.youtube.com\/channel\/UC-9005PnLnhpNM8PVSjP2dQ\/featured\"><em><strong>YouTube<\/strong><\/em><\/a><strong>,\u00a0<\/strong><a href=\"https:\/\/www.facebook.com\/bastv.md\"><em><strong>Facebook<\/strong><\/em><\/a>\u00a0<strong>\u0219i<\/strong>\u00a0<a href=\"https:\/\/www.instagram.com\/bastv.md\/\"><em><strong>Instagram<\/strong><\/em><\/a><strong>.\u00a0\u00a0<\/strong><strong>Aici public\u0103m \u0219tiri pe scurt!<\/strong><\/p>\n","protected":false},"excerpt":{"rendered":"<p>Compania Air Moldova a anun\u021bat c\u0103 \u00ee\u0219i sisteaz\u0103 toate zborurile pentru \u00eenc\u0103 o lun\u0103, p\u00e2n\u0103 pe data de 16 august, inclusiv. De asemenea, compania aerian\u0103 anun\u021b\u0103 c\u0103 pasagerii a c\u0103ror zboruri au fost anulate vor fi notifica\u021bi pe adresele de email cu op\u021biunile de rambursare \u0219i rebooking. Potrivit Air Moldova, pasagerii care au procurat biletele [&hellip;]<\/p>\n","protected":false},"author":3,"featured_media":94401,"comment_status":"open","ping_status":"open","sticky":false,"template":"","format":"standard","meta":{"footnotes":""},"categories":[602,570],"tags":[818,817,819],"class_list":["post-94399","post","type-post","status-publish","format-standard","has-post-thumbnail","hentry","category-actualitate","category-in-moldova","tag-air-moldova-ro","tag-companie","tag-aeroport-ro"],"yoast_head":"<!-- This site is optimized with the Yoast SEO plugin v27.5 - https:\/\/yoast.com\/product\/yoast-seo-wordpress\/ -->\n<title>Air Moldova \u00ee\u0219i anuleaz\u0103 toate zborurile p\u00e2n\u0103 la mijlocul lunii august - BasTV<\/title>\n<meta name=\"description\" content=\"Compania Air Moldova a anun\u021bat c\u0103 \u00ee\u0219i sisteaz\u0103 toate zborurile pentru \u00eenc\u0103 o lun\u0103, p\u00e2n\u0103 pe data de 16 august, inclusiv. De asemenea, compania aerian\u0103 anun\u021b\u0103 c\u0103 pasagerii a c\u0103ror zboruri au fost anulate vor fi notifica\u021bi pe adresele de email cu op\u021biunile de rambursare \u0219i rebooking.\" \/>\n<meta name=\"robots\" content=\"index, follow, max-snippet:-1, max-image-preview:large, max-video-preview:-1\" \/>\n<link rel=\"canonical\" href=\"https:\/\/bas-tv.md\/ro\/air-moldova-isi-anuleaza-toate-zborurile-pana-la-mijlocul-lunii-august\/\" \/>\n<meta property=\"og:locale\" content=\"ro_RO\" \/>\n<meta property=\"og:type\" content=\"article\" \/>\n<meta property=\"og:title\" content=\"Air Moldova \u00ee\u0219i anuleaz\u0103 toate zborurile p\u00e2n\u0103 la mijlocul lunii august - BasTV\" \/>\n<meta property=\"og:description\" content=\"Compania Air Moldova a anun\u021bat c\u0103 \u00ee\u0219i sisteaz\u0103 toate zborurile pentru \u00eenc\u0103 o lun\u0103, p\u00e2n\u0103 pe data de 16 august, inclusiv. De asemenea, compania aerian\u0103 anun\u021b\u0103 c\u0103 pasagerii a c\u0103ror zboruri au fost anulate vor fi notifica\u021bi pe adresele de email cu op\u021biunile de rambursare \u0219i rebooking.\" \/>\n<meta property=\"og:url\" content=\"https:\/\/bas-tv.md\/ro\/air-moldova-isi-anuleaza-toate-zborurile-pana-la-mijlocul-lunii-august\/\" \/>\n<meta property=\"og:site_name\" content=\"BasTV\" \/>\n<meta property=\"article:published_time\" content=\"2023-07-19T11:00:42+00:00\" \/>\n<meta property=\"og:image\" content=\"https:\/\/bas-tv.md\/wp-content\/uploads\/2023\/07\/air-moldova.jpg\" \/>\n\t<meta property=\"og:image:width\" content=\"1918\" \/>\n\t<meta property=\"og:image:height\" content=\"1006\" \/>\n\t<meta property=\"og:image:type\" content=\"image\/jpeg\" \/>\n<meta name=\"author\" content=\"Redactor\" \/>\n<meta name=\"twitter:card\" content=\"summary_large_image\" \/>\n<meta name=\"twitter:label1\" content=\"Scris de\" \/>\n\t<meta name=\"twitter:data1\" content=\"Redactor\" \/>\n\t<meta name=\"twitter:label2\" content=\"Timp estimat pentru citire\" \/>\n\t<meta name=\"twitter:data2\" content=\"2 minute\" \/>\n<script type=\"application\/ld+json\" class=\"yoast-schema-graph\">{\"@context\":\"https:\\\/\\\/schema.org\",\"@graph\":[{\"@type\":\"Article\",\"@id\":\"https:\\\/\\\/bas-tv.md\\\/ro\\\/air-moldova-isi-anuleaza-toate-zborurile-pana-la-mijlocul-lunii-august\\\/#article\",\"isPartOf\":{\"@id\":\"https:\\\/\\\/bas-tv.md\\\/ro\\\/air-moldova-isi-anuleaza-toate-zborurile-pana-la-mijlocul-lunii-august\\\/\"},\"author\":{\"name\":\"Redactor\",\"@id\":\"https:\\\/\\\/bas-tv.md\\\/ro\\\/#\\\/schema\\\/person\\\/8740f45ea2eca1f1695284fc03529af0\"},\"headline\":\"Air Moldova \u00ee\u0219i anuleaz\u0103 toate zborurile p\u00e2n\u0103 la mijlocul lunii august\",\"datePublished\":\"2023-07-19T11:00:42+00:00\",\"mainEntityOfPage\":{\"@id\":\"https:\\\/\\\/bas-tv.md\\\/ro\\\/air-moldova-isi-anuleaza-toate-zborurile-pana-la-mijlocul-lunii-august\\\/\"},\"wordCount\":245,\"commentCount\":0,\"publisher\":{\"@id\":\"https:\\\/\\\/bas-tv.md\\\/ro\\\/#organization\"},\"image\":{\"@id\":\"https:\\\/\\\/bas-tv.md\\\/ro\\\/air-moldova-isi-anuleaza-toate-zborurile-pana-la-mijlocul-lunii-august\\\/#primaryimage\"},\"thumbnailUrl\":\"https:\\\/\\\/bas-tv.md\\\/wp-content\\\/uploads\\\/2023\\\/07\\\/air-moldova.jpg\",\"keywords\":[\"Air Moldova\",\"companie\",\"\u0430\u044d\u0440\u043e\u043f\u043e\u0440\u0442\"],\"articleSection\":[\"Actualitate\",\"\u00cen Moldova\"],\"inLanguage\":\"ro-RO\",\"potentialAction\":[{\"@type\":\"CommentAction\",\"name\":\"Comment\",\"target\":[\"https:\\\/\\\/bas-tv.md\\\/ro\\\/air-moldova-isi-anuleaza-toate-zborurile-pana-la-mijlocul-lunii-august\\\/#respond\"]}]},{\"@type\":\"WebPage\",\"@id\":\"https:\\\/\\\/bas-tv.md\\\/ro\\\/air-moldova-isi-anuleaza-toate-zborurile-pana-la-mijlocul-lunii-august\\\/\",\"url\":\"https:\\\/\\\/bas-tv.md\\\/ro\\\/air-moldova-isi-anuleaza-toate-zborurile-pana-la-mijlocul-lunii-august\\\/\",\"name\":\"Air Moldova \u00ee\u0219i anuleaz\u0103 toate zborurile p\u00e2n\u0103 la mijlocul lunii august - BasTV\",\"isPartOf\":{\"@id\":\"https:\\\/\\\/bas-tv.md\\\/ro\\\/#website\"},\"primaryImageOfPage\":{\"@id\":\"https:\\\/\\\/bas-tv.md\\\/ro\\\/air-moldova-isi-anuleaza-toate-zborurile-pana-la-mijlocul-lunii-august\\\/#primaryimage\"},\"image\":{\"@id\":\"https:\\\/\\\/bas-tv.md\\\/ro\\\/air-moldova-isi-anuleaza-toate-zborurile-pana-la-mijlocul-lunii-august\\\/#primaryimage\"},\"thumbnailUrl\":\"https:\\\/\\\/bas-tv.md\\\/wp-content\\\/uploads\\\/2023\\\/07\\\/air-moldova.jpg\",\"datePublished\":\"2023-07-19T11:00:42+00:00\",\"description\":\"Compania Air Moldova a anun\u021bat c\u0103 \u00ee\u0219i sisteaz\u0103 toate zborurile pentru \u00eenc\u0103 o lun\u0103, p\u00e2n\u0103 pe data de 16 august, inclusiv. De asemenea, compania aerian\u0103 anun\u021b\u0103 c\u0103 pasagerii a c\u0103ror zboruri au fost anulate vor fi notifica\u021bi pe adresele de email cu op\u021biunile de rambursare \u0219i rebooking.\",\"inLanguage\":\"ro-RO\",\"potentialAction\":[{\"@type\":\"ReadAction\",\"target\":[\"https:\\\/\\\/bas-tv.md\\\/ro\\\/air-moldova-isi-anuleaza-toate-zborurile-pana-la-mijlocul-lunii-august\\\/\"]}]},{\"@type\":\"ImageObject\",\"inLanguage\":\"ro-RO\",\"@id\":\"https:\\\/\\\/bas-tv.md\\\/ro\\\/air-moldova-isi-anuleaza-toate-zborurile-pana-la-mijlocul-lunii-august\\\/#primaryimage\",\"url\":\"https:\\\/\\\/bas-tv.md\\\/wp-content\\\/uploads\\\/2023\\\/07\\\/air-moldova.jpg\",\"contentUrl\":\"https:\\\/\\\/bas-tv.md\\\/wp-content\\\/uploads\\\/2023\\\/07\\\/air-moldova.jpg\",\"width\":1918,\"height\":1006},{\"@type\":\"WebSite\",\"@id\":\"https:\\\/\\\/bas-tv.md\\\/ro\\\/#website\",\"url\":\"https:\\\/\\\/bas-tv.md\\\/ro\\\/\",\"name\":\"BasTV\",\"description\":\"Moldova\",\"publisher\":{\"@id\":\"https:\\\/\\\/bas-tv.md\\\/ro\\\/#organization\"},\"potentialAction\":[{\"@type\":\"SearchAction\",\"target\":{\"@type\":\"EntryPoint\",\"urlTemplate\":\"https:\\\/\\\/bas-tv.md\\\/ro\\\/?s={search_term_string}\"},\"query-input\":{\"@type\":\"PropertyValueSpecification\",\"valueRequired\":true,\"valueName\":\"search_term_string\"}}],\"inLanguage\":\"ro-RO\"},{\"@type\":\"Organization\",\"@id\":\"https:\\\/\\\/bas-tv.md\\\/ro\\\/#organization\",\"name\":\"BasTV\",\"url\":\"https:\\\/\\\/bas-tv.md\\\/ro\\\/\",\"logo\":{\"@type\":\"ImageObject\",\"inLanguage\":\"ro-RO\",\"@id\":\"https:\\\/\\\/bas-tv.md\\\/ro\\\/#\\\/schema\\\/logo\\\/image\\\/\",\"url\":\"https:\\\/\\\/bas-tv.md\\\/wp-content\\\/uploads\\\/2023\\\/05\\\/bas-tv-culoarea-rosie.png\",\"contentUrl\":\"https:\\\/\\\/bas-tv.md\\\/wp-content\\\/uploads\\\/2023\\\/05\\\/bas-tv-culoarea-rosie.png\",\"width\":202,\"height\":50,\"caption\":\"BasTV\"},\"image\":{\"@id\":\"https:\\\/\\\/bas-tv.md\\\/ro\\\/#\\\/schema\\\/logo\\\/image\\\/\"}},{\"@type\":\"Person\",\"@id\":\"https:\\\/\\\/bas-tv.md\\\/ro\\\/#\\\/schema\\\/person\\\/8740f45ea2eca1f1695284fc03529af0\",\"name\":\"Redactor\",\"image\":{\"@type\":\"ImageObject\",\"inLanguage\":\"ro-RO\",\"@id\":\"https:\\\/\\\/bas-tv.md\\\/wp-content\\\/litespeed\\\/avatar\\\/91c0586f3f6f4396a4ec1287c965eeeb.jpg?ver=1777555749\",\"url\":\"https:\\\/\\\/bas-tv.md\\\/wp-content\\\/litespeed\\\/avatar\\\/91c0586f3f6f4396a4ec1287c965eeeb.jpg?ver=1777555749\",\"contentUrl\":\"https:\\\/\\\/bas-tv.md\\\/wp-content\\\/litespeed\\\/avatar\\\/91c0586f3f6f4396a4ec1287c965eeeb.jpg?ver=1777555749\",\"caption\":\"Redactor\"},\"url\":\"https:\\\/\\\/bas-tv.md\\\/ro\\\/author\\\/redactor\\\/\"}]}<\/script>\n<!-- \/ Yoast SEO plugin. -->","yoast_head_json":{"title":"Air Moldova \u00ee\u0219i anuleaz\u0103 toate zborurile p\u00e2n\u0103 la mijlocul lunii august - BasTV","description":"Compania Air Moldova a anun\u021bat c\u0103 \u00ee\u0219i sisteaz\u0103 toate zborurile pentru \u00eenc\u0103 o lun\u0103, p\u00e2n\u0103 pe data de 16 august, inclusiv. De asemenea, compania aerian\u0103 anun\u021b\u0103 c\u0103 pasagerii a c\u0103ror zboruri au fost anulate vor fi notifica\u021bi pe adresele de email cu op\u021biunile de rambursare \u0219i rebooking.","robots":{"index":"index","follow":"follow","max-snippet":"max-snippet:-1","max-image-preview":"max-image-preview:large","max-video-preview":"max-video-preview:-1"},"canonical":"https:\/\/bas-tv.md\/ro\/air-moldova-isi-anuleaza-toate-zborurile-pana-la-mijlocul-lunii-august\/","og_locale":"ro_RO","og_type":"article","og_title":"Air Moldova \u00ee\u0219i anuleaz\u0103 toate zborurile p\u00e2n\u0103 la mijlocul lunii august - BasTV","og_description":"Compania Air Moldova a anun\u021bat c\u0103 \u00ee\u0219i sisteaz\u0103 toate zborurile pentru \u00eenc\u0103 o lun\u0103, p\u00e2n\u0103 pe data de 16 august, inclusiv. De asemenea, compania aerian\u0103 anun\u021b\u0103 c\u0103 pasagerii a c\u0103ror zboruri au fost anulate vor fi notifica\u021bi pe adresele de email cu op\u021biunile de rambursare \u0219i rebooking.","og_url":"https:\/\/bas-tv.md\/ro\/air-moldova-isi-anuleaza-toate-zborurile-pana-la-mijlocul-lunii-august\/","og_site_name":"BasTV","article_published_time":"2023-07-19T11:00:42+00:00","og_image":[{"width":1918,"height":1006,"url":"https:\/\/bas-tv.md\/wp-content\/uploads\/2023\/07\/air-moldova.jpg","type":"image\/jpeg"}],"author":"Redactor","twitter_card":"summary_large_image","twitter_misc":{"Scris de":"Redactor","Timp estimat pentru citire":"2 minute"},"schema":{"@context":"https:\/\/schema.org","@graph":[{"@type":"Article","@id":"https:\/\/bas-tv.md\/ro\/air-moldova-isi-anuleaza-toate-zborurile-pana-la-mijlocul-lunii-august\/#article","isPartOf":{"@id":"https:\/\/bas-tv.md\/ro\/air-moldova-isi-anuleaza-toate-zborurile-pana-la-mijlocul-lunii-august\/"},"author":{"name":"Redactor","@id":"https:\/\/bas-tv.md\/ro\/#\/schema\/person\/8740f45ea2eca1f1695284fc03529af0"},"headline":"Air Moldova \u00ee\u0219i anuleaz\u0103 toate zborurile p\u00e2n\u0103 la mijlocul lunii august","datePublished":"2023-07-19T11:00:42+00:00","mainEntityOfPage":{"@id":"https:\/\/bas-tv.md\/ro\/air-moldova-isi-anuleaza-toate-zborurile-pana-la-mijlocul-lunii-august\/"},"wordCount":245,"commentCount":0,"publisher":{"@id":"https:\/\/bas-tv.md\/ro\/#organization"},"image":{"@id":"https:\/\/bas-tv.md\/ro\/air-moldova-isi-anuleaza-toate-zborurile-pana-la-mijlocul-lunii-august\/#primaryimage"},"thumbnailUrl":"https:\/\/bas-tv.md\/wp-content\/uploads\/2023\/07\/air-moldova.jpg","keywords":["Air Moldova","companie","\u0430\u044d\u0440\u043e\u043f\u043e\u0440\u0442"],"articleSection":["Actualitate","\u00cen Moldova"],"inLanguage":"ro-RO","potentialAction":[{"@type":"CommentAction","name":"Comment","target":["https:\/\/bas-tv.md\/ro\/air-moldova-isi-anuleaza-toate-zborurile-pana-la-mijlocul-lunii-august\/#respond"]}]},{"@type":"WebPage","@id":"https:\/\/bas-tv.md\/ro\/air-moldova-isi-anuleaza-toate-zborurile-pana-la-mijlocul-lunii-august\/","url":"https:\/\/bas-tv.md\/ro\/air-moldova-isi-anuleaza-toate-zborurile-pana-la-mijlocul-lunii-august\/","name":"Air Moldova \u00ee\u0219i anuleaz\u0103 toate zborurile p\u00e2n\u0103 la mijlocul lunii august - BasTV","isPartOf":{"@id":"https:\/\/bas-tv.md\/ro\/#website"},"primaryImageOfPage":{"@id":"https:\/\/bas-tv.md\/ro\/air-moldova-isi-anuleaza-toate-zborurile-pana-la-mijlocul-lunii-august\/#primaryimage"},"image":{"@id":"https:\/\/bas-tv.md\/ro\/air-moldova-isi-anuleaza-toate-zborurile-pana-la-mijlocul-lunii-august\/#primaryimage"},"thumbnailUrl":"https:\/\/bas-tv.md\/wp-content\/uploads\/2023\/07\/air-moldova.jpg","datePublished":"2023-07-19T11:00:42+00:00","description":"Compania Air Moldova a anun\u021bat c\u0103 \u00ee\u0219i sisteaz\u0103 toate zborurile pentru \u00eenc\u0103 o lun\u0103, p\u00e2n\u0103 pe data de 16 august, inclusiv. De asemenea, compania aerian\u0103 anun\u021b\u0103 c\u0103 pasagerii a c\u0103ror zboruri au fost anulate vor fi notifica\u021bi pe adresele de email cu op\u021biunile de rambursare \u0219i rebooking.","inLanguage":"ro-RO","potentialAction":[{"@type":"ReadAction","target":["https:\/\/bas-tv.md\/ro\/air-moldova-isi-anuleaza-toate-zborurile-pana-la-mijlocul-lunii-august\/"]}]},{"@type":"ImageObject","inLanguage":"ro-RO","@id":"https:\/\/bas-tv.md\/ro\/air-moldova-isi-anuleaza-toate-zborurile-pana-la-mijlocul-lunii-august\/#primaryimage","url":"https:\/\/bas-tv.md\/wp-content\/uploads\/2023\/07\/air-moldova.jpg","contentUrl":"https:\/\/bas-tv.md\/wp-content\/uploads\/2023\/07\/air-moldova.jpg","width":1918,"height":1006},{"@type":"WebSite","@id":"https:\/\/bas-tv.md\/ro\/#website","url":"https:\/\/bas-tv.md\/ro\/","name":"BasTV","description":"Moldova","publisher":{"@id":"https:\/\/bas-tv.md\/ro\/#organization"},"potentialAction":[{"@type":"SearchAction","target":{"@type":"EntryPoint","urlTemplate":"https:\/\/bas-tv.md\/ro\/?s={search_term_string}"},"query-input":{"@type":"PropertyValueSpecification","valueRequired":true,"valueName":"search_term_string"}}],"inLanguage":"ro-RO"},{"@type":"Organization","@id":"https:\/\/bas-tv.md\/ro\/#organization","name":"BasTV","url":"https:\/\/bas-tv.md\/ro\/","logo":{"@type":"ImageObject","inLanguage":"ro-RO","@id":"https:\/\/bas-tv.md\/ro\/#\/schema\/logo\/image\/","url":"https:\/\/bas-tv.md\/wp-content\/uploads\/2023\/05\/bas-tv-culoarea-rosie.png","contentUrl":"https:\/\/bas-tv.md\/wp-content\/uploads\/2023\/05\/bas-tv-culoarea-rosie.png","width":202,"height":50,"caption":"BasTV"},"image":{"@id":"https:\/\/bas-tv.md\/ro\/#\/schema\/logo\/image\/"}},{"@type":"Person","@id":"https:\/\/bas-tv.md\/ro\/#\/schema\/person\/8740f45ea2eca1f1695284fc03529af0","name":"Redactor","image":{"@type":"ImageObject","inLanguage":"ro-RO","@id":"https:\/\/bas-tv.md\/wp-content\/litespeed\/avatar\/91c0586f3f6f4396a4ec1287c965eeeb.jpg?ver=1777555749","url":"https:\/\/bas-tv.md\/wp-content\/litespeed\/avatar\/91c0586f3f6f4396a4ec1287c965eeeb.jpg?ver=1777555749","contentUrl":"https:\/\/bas-tv.md\/wp-content\/litespeed\/avatar\/91c0586f3f6f4396a4ec1287c965eeeb.jpg?ver=1777555749","caption":"Redactor"},"url":"https:\/\/bas-tv.md\/ro\/author\/redactor\/"}]}},"views":493,"_links":{"self":[{"href":"https:\/\/bas-tv.md\/ro\/wp-json\/wp\/v2\/posts\/94399","targetHints":{"allow":["GET"]}}],"collection":[{"href":"https:\/\/bas-tv.md\/ro\/wp-json\/wp\/v2\/posts"}],"about":[{"href":"https:\/\/bas-tv.md\/ro\/wp-json\/wp\/v2\/types\/post"}],"author":[{"embeddable":true,"href":"https:\/\/bas-tv.md\/ro\/wp-json\/wp\/v2\/users\/3"}],"replies":[{"embeddable":true,"href":"https:\/\/bas-tv.md\/ro\/wp-json\/wp\/v2\/comments?post=94399"}],"version-history":[{"count":4,"href":"https:\/\/bas-tv.md\/ro\/wp-json\/wp\/v2\/posts\/94399\/revisions"}],"predecessor-version":[{"id":94406,"href":"https:\/\/bas-tv.md\/ro\/wp-json\/wp\/v2\/posts\/94399\/revisions\/94406"}],"wp:featuredmedia":[{"embeddable":true,"href":"https:\/\/bas-tv.md\/ro\/wp-json\/wp\/v2\/media\/94401"}],"wp:attachment":[{"href":"https:\/\/bas-tv.md\/ro\/wp-json\/wp\/v2\/media?parent=94399"}],"wp:term":[{"taxonomy":"category","embeddable":true,"href":"https:\/\/bas-tv.md\/ro\/wp-json\/wp\/v2\/categories?post=94399"},{"taxonomy":"post_tag","embeddable":true,"href":"https:\/\/bas-tv.md\/ro\/wp-json\/wp\/v2\/tags?post=94399"}],"curies":[{"name":"wp","href":"https:\/\/api.w.org\/{rel}","templated":true}]}}