{"id":94695,"date":"2023-07-24T10:08:05","date_gmt":"2023-07-24T07:08:05","guid":{"rendered":"https:\/\/bas-tv.md\/?p=94695"},"modified":"2023-07-24T10:08:05","modified_gmt":"2023-07-24T07:08:05","slug":"redactia-bastv-invita-agentii-economici-la-o-noua-intalnire-a-comunitatii-de-afaceri-locale","status":"publish","type":"post","link":"https:\/\/bas-tv.md\/ro\/redactia-bastv-invita-agentii-economici-la-o-noua-intalnire-a-comunitatii-de-afaceri-locale\/","title":{"rendered":"Redac\u021bia BAStv invit\u0103 agen\u021bii economici la o nou\u0103 \u00eent\u00e2lnire a comunit\u0103\u021bii de afaceri locale"},"content":{"rendered":"<p><strong>Redac\u021bia BAStv organizeaz\u0103 o nou\u0103 reuniune a oamenilor de afaceri din raionul Basarabeasca. \u00cen cadrul acestei \u00eentrunirii, antreprenorii vor discuta la subiectul \u201eAfaceri mici: caracteristici regionale, riscuri, perspective\u201d. \u00cen acest context, au fost invita\u021bi, \u00een exclusivitate, pentru acest eveniment, expertul \u00een domeniul economiei, Veaceslav Ioni\u021b\u0103 \u0219i directorul Serviciului Fiscal de Stat al RM, Petru Rotaru.<\/strong><\/p>\n<p>Pe data de 27 iulie, ora 15:00, \u00een ora\u0219ul Basarabeasca, la ini\u021biativa redac\u021biei BAStv, va avea loc o nou\u0103 \u00eentrunire a oamenilor de afaceri din raion. Invita\u021bii speciali vor fi expertul \u00een domeniul economiei, Veaceslav Ioni\u021b\u0103 \u0219i directorul Serviciului Fiscal de Stat al RM, Petru Rotaru.<\/p>\n<p>Exper\u021bii invita\u021bi vor informa antreprenorii din raion despre cele mai recente modific\u0103ri ale Codului Fiscal, vor vorbi despre cele mai frecvente gre\u0219eli comise de contribuabili \u0219i, totodat\u0103, vor discuta despre imaginea real\u0103 \u00een domeniul \u00eentreprinderilor mici \u0219i mijlocii \u0219i, care sunt perspectivele de creare \u0219i dezvoltare a afacerilor \u00een regiuni. De asemenea, oamenii de afaceri vor avea ocazia s\u0103 comunice \u00eentr-un cadru informal, s\u0103 discute direct despre problemele din domeniu, s\u0103 fac\u0103 schimb de experien\u021b\u0103.<\/p>\n<p>Participarea este liber\u0103, dar num\u0103rul de locuri este limitat. De aceea, to\u021bi doritorii sunt ruga\u021bi s\u0103 confirme prezen\u021ba p\u00e2n\u0103 pe data de <strong>26 iulie<\/strong>, ora <strong>17.00<\/strong>, complet\u00e2nd formularul online, tel. <strong>067428515<\/strong> sau prin mail: <strong>bastv.md@gmail.com<\/strong><\/p>\n<p><strong>Abona\u021bi-v\u0103 la noi pe re\u021bele sociale:\u00a0<\/strong><a href=\"https:\/\/t.me\/bastvmd\"><em><strong>Telegram<\/strong><\/em><\/a><strong>,\u00a0<\/strong><a href=\"https:\/\/www.youtube.com\/channel\/UC-9005PnLnhpNM8PVSjP2dQ\/featured\"><em><strong>YouTube<\/strong><\/em><\/a><strong>,\u00a0<\/strong><a href=\"https:\/\/www.facebook.com\/bastv.md\"><em><strong>Facebook<\/strong><\/em><\/a>\u00a0<strong>\u0219i<\/strong>\u00a0<a href=\"https:\/\/www.instagram.com\/bastv.md\/\"><em><strong>Instagram<\/strong><\/em><\/a><strong>.\u00a0\u00a0<\/strong><strong>Aici public\u0103m \u0219tiri pe scurt!<\/strong><\/p>\n","protected":false},"excerpt":{"rendered":"<p>Redac\u021bia BAStv organizeaz\u0103 o nou\u0103 reuniune a oamenilor de afaceri din raionul Basarabeasca. \u00cen cadrul acestei \u00eentrunirii, antreprenorii vor discuta la subiectul \u201eAfaceri mici: caracteristici regionale, riscuri, perspective\u201d. \u00cen acest context, au fost invita\u021bi, \u00een exclusivitate, pentru acest eveniment, expertul \u00een domeniul economiei, Veaceslav Ioni\u021b\u0103 \u0219i directorul Serviciului Fiscal de Stat al RM, Petru Rotaru. [&hellip;]<\/p>\n","protected":false},"author":3,"featured_media":94684,"comment_status":"open","ping_status":"open","sticky":false,"template":"","format":"standard","meta":{"footnotes":""},"categories":[219,574],"tags":[869,802,868],"class_list":["post-94695","post","type-post","status-publish","format-standard","has-post-thumbnail","hentry","category-anunturi","category-util","tag-bastv-ro","tag-raionul-basarabeasca","tag-reuniune-a-oamenilor-de-afaceri"],"yoast_head":"<!-- This site is optimized with the Yoast SEO plugin v27.5 - https:\/\/yoast.com\/product\/yoast-seo-wordpress\/ -->\n<title>Redac\u021bia BAStv invit\u0103 agen\u021bii economici la o nou\u0103 \u00eent\u00e2lnire a comunit\u0103\u021bii de afaceri locale - BasTV<\/title>\n<meta name=\"description\" content=\"Redac\u021bia BAStv organizeaz\u0103 o nou\u0103 reuniune a oamenilor de afaceri din raionul Basarabeasca. \u00cen cadrul acestei \u00eentrunirii, antreprenorii vor discuta la subiectul \u201eAfaceri mici: caracteristici regionale, riscuri, perspective\u201d. \u00cen acest context, au fost invita\u021bi, \u00een exclusivitate, pentru acest eveniment, expertul \u00een domeniul economiei, Veaceslav Ioni\u021b\u0103 \u0219i directorul Serviciului Fiscal de Stat al RM, Petru Rotaru.\" \/>\n<meta name=\"robots\" content=\"index, follow, max-snippet:-1, max-image-preview:large, max-video-preview:-1\" \/>\n<link rel=\"canonical\" href=\"https:\/\/bas-tv.md\/ro\/redactia-bastv-invita-agentii-economici-la-o-noua-intalnire-a-comunitatii-de-afaceri-locale\/\" \/>\n<meta property=\"og:locale\" content=\"ro_RO\" \/>\n<meta property=\"og:type\" content=\"article\" \/>\n<meta property=\"og:title\" content=\"Redac\u021bia BAStv invit\u0103 agen\u021bii economici la o nou\u0103 \u00eent\u00e2lnire a comunit\u0103\u021bii de afaceri locale - BasTV\" \/>\n<meta property=\"og:description\" content=\"Redac\u021bia BAStv organizeaz\u0103 o nou\u0103 reuniune a oamenilor de afaceri din raionul Basarabeasca. \u00cen cadrul acestei \u00eentrunirii, antreprenorii vor discuta la subiectul \u201eAfaceri mici: caracteristici regionale, riscuri, perspective\u201d. \u00cen acest context, au fost invita\u021bi, \u00een exclusivitate, pentru acest eveniment, expertul \u00een domeniul economiei, Veaceslav Ioni\u021b\u0103 \u0219i directorul Serviciului Fiscal de Stat al RM, Petru Rotaru.\" \/>\n<meta property=\"og:url\" content=\"https:\/\/bas-tv.md\/ro\/redactia-bastv-invita-agentii-economici-la-o-noua-intalnire-a-comunitatii-de-afaceri-locale\/\" \/>\n<meta property=\"og:site_name\" content=\"BasTV\" \/>\n<meta property=\"article:published_time\" content=\"2023-07-24T07:08:05+00:00\" \/>\n<meta property=\"og:image\" content=\"https:\/\/bas-tv.md\/wp-content\/uploads\/2023\/07\/vstrecha.jpg\" \/>\n\t<meta property=\"og:image:width\" content=\"1080\" \/>\n\t<meta property=\"og:image:height\" content=\"1080\" \/>\n\t<meta property=\"og:image:type\" content=\"image\/jpeg\" \/>\n<meta name=\"author\" content=\"Redactor\" \/>\n<meta name=\"twitter:card\" content=\"summary_large_image\" \/>\n<meta name=\"twitter:label1\" content=\"Scris de\" \/>\n\t<meta name=\"twitter:data1\" content=\"Redactor\" \/>\n\t<meta name=\"twitter:label2\" content=\"Timp estimat pentru citire\" \/>\n\t<meta name=\"twitter:data2\" content=\"2 minute\" \/>\n<script type=\"application\/ld+json\" class=\"yoast-schema-graph\">{\"@context\":\"https:\\\/\\\/schema.org\",\"@graph\":[{\"@type\":\"Article\",\"@id\":\"https:\\\/\\\/bas-tv.md\\\/ro\\\/redactia-bastv-invita-agentii-economici-la-o-noua-intalnire-a-comunitatii-de-afaceri-locale\\\/#article\",\"isPartOf\":{\"@id\":\"https:\\\/\\\/bas-tv.md\\\/ro\\\/redactia-bastv-invita-agentii-economici-la-o-noua-intalnire-a-comunitatii-de-afaceri-locale\\\/\"},\"author\":{\"name\":\"Redactor\",\"@id\":\"https:\\\/\\\/bas-tv.md\\\/ro\\\/#\\\/schema\\\/person\\\/8740f45ea2eca1f1695284fc03529af0\"},\"headline\":\"Redac\u021bia BAStv invit\u0103 agen\u021bii economici la o nou\u0103 \u00eent\u00e2lnire a comunit\u0103\u021bii de afaceri locale\",\"datePublished\":\"2023-07-24T07:08:05+00:00\",\"mainEntityOfPage\":{\"@id\":\"https:\\\/\\\/bas-tv.md\\\/ro\\\/redactia-bastv-invita-agentii-economici-la-o-noua-intalnire-a-comunitatii-de-afaceri-locale\\\/\"},\"wordCount\":262,\"commentCount\":0,\"publisher\":{\"@id\":\"https:\\\/\\\/bas-tv.md\\\/ro\\\/#organization\"},\"image\":{\"@id\":\"https:\\\/\\\/bas-tv.md\\\/ro\\\/redactia-bastv-invita-agentii-economici-la-o-noua-intalnire-a-comunitatii-de-afaceri-locale\\\/#primaryimage\"},\"thumbnailUrl\":\"https:\\\/\\\/bas-tv.md\\\/wp-content\\\/uploads\\\/2023\\\/07\\\/vstrecha.jpg\",\"keywords\":[\"BAStv\",\"raionul Basarabeasca\",\"reuniune a oamenilor de afaceri\"],\"articleSection\":[\"Anun\u021buri\",\"Util\"],\"inLanguage\":\"ro-RO\",\"potentialAction\":[{\"@type\":\"CommentAction\",\"name\":\"Comment\",\"target\":[\"https:\\\/\\\/bas-tv.md\\\/ro\\\/redactia-bastv-invita-agentii-economici-la-o-noua-intalnire-a-comunitatii-de-afaceri-locale\\\/#respond\"]}]},{\"@type\":\"WebPage\",\"@id\":\"https:\\\/\\\/bas-tv.md\\\/ro\\\/redactia-bastv-invita-agentii-economici-la-o-noua-intalnire-a-comunitatii-de-afaceri-locale\\\/\",\"url\":\"https:\\\/\\\/bas-tv.md\\\/ro\\\/redactia-bastv-invita-agentii-economici-la-o-noua-intalnire-a-comunitatii-de-afaceri-locale\\\/\",\"name\":\"Redac\u021bia BAStv invit\u0103 agen\u021bii economici la o nou\u0103 \u00eent\u00e2lnire a comunit\u0103\u021bii de afaceri locale - BasTV\",\"isPartOf\":{\"@id\":\"https:\\\/\\\/bas-tv.md\\\/ro\\\/#website\"},\"primaryImageOfPage\":{\"@id\":\"https:\\\/\\\/bas-tv.md\\\/ro\\\/redactia-bastv-invita-agentii-economici-la-o-noua-intalnire-a-comunitatii-de-afaceri-locale\\\/#primaryimage\"},\"image\":{\"@id\":\"https:\\\/\\\/bas-tv.md\\\/ro\\\/redactia-bastv-invita-agentii-economici-la-o-noua-intalnire-a-comunitatii-de-afaceri-locale\\\/#primaryimage\"},\"thumbnailUrl\":\"https:\\\/\\\/bas-tv.md\\\/wp-content\\\/uploads\\\/2023\\\/07\\\/vstrecha.jpg\",\"datePublished\":\"2023-07-24T07:08:05+00:00\",\"description\":\"Redac\u021bia BAStv organizeaz\u0103 o nou\u0103 reuniune a oamenilor de afaceri din raionul Basarabeasca. \u00cen cadrul acestei \u00eentrunirii, antreprenorii vor discuta la subiectul \u201eAfaceri mici: caracteristici regionale, riscuri, perspective\u201d. \u00cen acest context, au fost invita\u021bi, \u00een exclusivitate, pentru acest eveniment, expertul \u00een domeniul economiei, Veaceslav Ioni\u021b\u0103 \u0219i directorul Serviciului Fiscal de Stat al RM, Petru Rotaru.\",\"inLanguage\":\"ro-RO\",\"potentialAction\":[{\"@type\":\"ReadAction\",\"target\":[\"https:\\\/\\\/bas-tv.md\\\/ro\\\/redactia-bastv-invita-agentii-economici-la-o-noua-intalnire-a-comunitatii-de-afaceri-locale\\\/\"]}]},{\"@type\":\"ImageObject\",\"inLanguage\":\"ro-RO\",\"@id\":\"https:\\\/\\\/bas-tv.md\\\/ro\\\/redactia-bastv-invita-agentii-economici-la-o-noua-intalnire-a-comunitatii-de-afaceri-locale\\\/#primaryimage\",\"url\":\"https:\\\/\\\/bas-tv.md\\\/wp-content\\\/uploads\\\/2023\\\/07\\\/vstrecha.jpg\",\"contentUrl\":\"https:\\\/\\\/bas-tv.md\\\/wp-content\\\/uploads\\\/2023\\\/07\\\/vstrecha.jpg\",\"width\":1080,\"height\":1080,\"caption\":\"\u0432\u0441\u0442\u0440\u0435\u0447\u0430\"},{\"@type\":\"WebSite\",\"@id\":\"https:\\\/\\\/bas-tv.md\\\/ro\\\/#website\",\"url\":\"https:\\\/\\\/bas-tv.md\\\/ro\\\/\",\"name\":\"BasTV\",\"description\":\"Moldova\",\"publisher\":{\"@id\":\"https:\\\/\\\/bas-tv.md\\\/ro\\\/#organization\"},\"potentialAction\":[{\"@type\":\"SearchAction\",\"target\":{\"@type\":\"EntryPoint\",\"urlTemplate\":\"https:\\\/\\\/bas-tv.md\\\/ro\\\/?s={search_term_string}\"},\"query-input\":{\"@type\":\"PropertyValueSpecification\",\"valueRequired\":true,\"valueName\":\"search_term_string\"}}],\"inLanguage\":\"ro-RO\"},{\"@type\":\"Organization\",\"@id\":\"https:\\\/\\\/bas-tv.md\\\/ro\\\/#organization\",\"name\":\"BasTV\",\"url\":\"https:\\\/\\\/bas-tv.md\\\/ro\\\/\",\"logo\":{\"@type\":\"ImageObject\",\"inLanguage\":\"ro-RO\",\"@id\":\"https:\\\/\\\/bas-tv.md\\\/ro\\\/#\\\/schema\\\/logo\\\/image\\\/\",\"url\":\"https:\\\/\\\/bas-tv.md\\\/wp-content\\\/uploads\\\/2023\\\/05\\\/bas-tv-culoarea-rosie.png\",\"contentUrl\":\"https:\\\/\\\/bas-tv.md\\\/wp-content\\\/uploads\\\/2023\\\/05\\\/bas-tv-culoarea-rosie.png\",\"width\":202,\"height\":50,\"caption\":\"BasTV\"},\"image\":{\"@id\":\"https:\\\/\\\/bas-tv.md\\\/ro\\\/#\\\/schema\\\/logo\\\/image\\\/\"}},{\"@type\":\"Person\",\"@id\":\"https:\\\/\\\/bas-tv.md\\\/ro\\\/#\\\/schema\\\/person\\\/8740f45ea2eca1f1695284fc03529af0\",\"name\":\"Redactor\",\"image\":{\"@type\":\"ImageObject\",\"inLanguage\":\"ro-RO\",\"@id\":\"https:\\\/\\\/bas-tv.md\\\/wp-content\\\/litespeed\\\/avatar\\\/91c0586f3f6f4396a4ec1287c965eeeb.jpg?ver=1776950945\",\"url\":\"https:\\\/\\\/bas-tv.md\\\/wp-content\\\/litespeed\\\/avatar\\\/91c0586f3f6f4396a4ec1287c965eeeb.jpg?ver=1776950945\",\"contentUrl\":\"https:\\\/\\\/bas-tv.md\\\/wp-content\\\/litespeed\\\/avatar\\\/91c0586f3f6f4396a4ec1287c965eeeb.jpg?ver=1776950945\",\"caption\":\"Redactor\"},\"url\":\"https:\\\/\\\/bas-tv.md\\\/ro\\\/author\\\/redactor\\\/\"}]}<\/script>\n<!-- \/ Yoast SEO plugin. -->","yoast_head_json":{"title":"Redac\u021bia BAStv invit\u0103 agen\u021bii economici la o nou\u0103 \u00eent\u00e2lnire a comunit\u0103\u021bii de afaceri locale - BasTV","description":"Redac\u021bia BAStv organizeaz\u0103 o nou\u0103 reuniune a oamenilor de afaceri din raionul Basarabeasca. \u00cen cadrul acestei \u00eentrunirii, antreprenorii vor discuta la subiectul \u201eAfaceri mici: caracteristici regionale, riscuri, perspective\u201d. \u00cen acest context, au fost invita\u021bi, \u00een exclusivitate, pentru acest eveniment, expertul \u00een domeniul economiei, Veaceslav Ioni\u021b\u0103 \u0219i directorul Serviciului Fiscal de Stat al RM, Petru Rotaru.","robots":{"index":"index","follow":"follow","max-snippet":"max-snippet:-1","max-image-preview":"max-image-preview:large","max-video-preview":"max-video-preview:-1"},"canonical":"https:\/\/bas-tv.md\/ro\/redactia-bastv-invita-agentii-economici-la-o-noua-intalnire-a-comunitatii-de-afaceri-locale\/","og_locale":"ro_RO","og_type":"article","og_title":"Redac\u021bia BAStv invit\u0103 agen\u021bii economici la o nou\u0103 \u00eent\u00e2lnire a comunit\u0103\u021bii de afaceri locale - BasTV","og_description":"Redac\u021bia BAStv organizeaz\u0103 o nou\u0103 reuniune a oamenilor de afaceri din raionul Basarabeasca. \u00cen cadrul acestei \u00eentrunirii, antreprenorii vor discuta la subiectul \u201eAfaceri mici: caracteristici regionale, riscuri, perspective\u201d. \u00cen acest context, au fost invita\u021bi, \u00een exclusivitate, pentru acest eveniment, expertul \u00een domeniul economiei, Veaceslav Ioni\u021b\u0103 \u0219i directorul Serviciului Fiscal de Stat al RM, Petru Rotaru.","og_url":"https:\/\/bas-tv.md\/ro\/redactia-bastv-invita-agentii-economici-la-o-noua-intalnire-a-comunitatii-de-afaceri-locale\/","og_site_name":"BasTV","article_published_time":"2023-07-24T07:08:05+00:00","og_image":[{"width":1080,"height":1080,"url":"https:\/\/bas-tv.md\/wp-content\/uploads\/2023\/07\/vstrecha.jpg","type":"image\/jpeg"}],"author":"Redactor","twitter_card":"summary_large_image","twitter_misc":{"Scris de":"Redactor","Timp estimat pentru citire":"2 minute"},"schema":{"@context":"https:\/\/schema.org","@graph":[{"@type":"Article","@id":"https:\/\/bas-tv.md\/ro\/redactia-bastv-invita-agentii-economici-la-o-noua-intalnire-a-comunitatii-de-afaceri-locale\/#article","isPartOf":{"@id":"https:\/\/bas-tv.md\/ro\/redactia-bastv-invita-agentii-economici-la-o-noua-intalnire-a-comunitatii-de-afaceri-locale\/"},"author":{"name":"Redactor","@id":"https:\/\/bas-tv.md\/ro\/#\/schema\/person\/8740f45ea2eca1f1695284fc03529af0"},"headline":"Redac\u021bia BAStv invit\u0103 agen\u021bii economici la o nou\u0103 \u00eent\u00e2lnire a comunit\u0103\u021bii de afaceri locale","datePublished":"2023-07-24T07:08:05+00:00","mainEntityOfPage":{"@id":"https:\/\/bas-tv.md\/ro\/redactia-bastv-invita-agentii-economici-la-o-noua-intalnire-a-comunitatii-de-afaceri-locale\/"},"wordCount":262,"commentCount":0,"publisher":{"@id":"https:\/\/bas-tv.md\/ro\/#organization"},"image":{"@id":"https:\/\/bas-tv.md\/ro\/redactia-bastv-invita-agentii-economici-la-o-noua-intalnire-a-comunitatii-de-afaceri-locale\/#primaryimage"},"thumbnailUrl":"https:\/\/bas-tv.md\/wp-content\/uploads\/2023\/07\/vstrecha.jpg","keywords":["BAStv","raionul Basarabeasca","reuniune a oamenilor de afaceri"],"articleSection":["Anun\u021buri","Util"],"inLanguage":"ro-RO","potentialAction":[{"@type":"CommentAction","name":"Comment","target":["https:\/\/bas-tv.md\/ro\/redactia-bastv-invita-agentii-economici-la-o-noua-intalnire-a-comunitatii-de-afaceri-locale\/#respond"]}]},{"@type":"WebPage","@id":"https:\/\/bas-tv.md\/ro\/redactia-bastv-invita-agentii-economici-la-o-noua-intalnire-a-comunitatii-de-afaceri-locale\/","url":"https:\/\/bas-tv.md\/ro\/redactia-bastv-invita-agentii-economici-la-o-noua-intalnire-a-comunitatii-de-afaceri-locale\/","name":"Redac\u021bia BAStv invit\u0103 agen\u021bii economici la o nou\u0103 \u00eent\u00e2lnire a comunit\u0103\u021bii de afaceri locale - BasTV","isPartOf":{"@id":"https:\/\/bas-tv.md\/ro\/#website"},"primaryImageOfPage":{"@id":"https:\/\/bas-tv.md\/ro\/redactia-bastv-invita-agentii-economici-la-o-noua-intalnire-a-comunitatii-de-afaceri-locale\/#primaryimage"},"image":{"@id":"https:\/\/bas-tv.md\/ro\/redactia-bastv-invita-agentii-economici-la-o-noua-intalnire-a-comunitatii-de-afaceri-locale\/#primaryimage"},"thumbnailUrl":"https:\/\/bas-tv.md\/wp-content\/uploads\/2023\/07\/vstrecha.jpg","datePublished":"2023-07-24T07:08:05+00:00","description":"Redac\u021bia BAStv organizeaz\u0103 o nou\u0103 reuniune a oamenilor de afaceri din raionul Basarabeasca. \u00cen cadrul acestei \u00eentrunirii, antreprenorii vor discuta la subiectul \u201eAfaceri mici: caracteristici regionale, riscuri, perspective\u201d. \u00cen acest context, au fost invita\u021bi, \u00een exclusivitate, pentru acest eveniment, expertul \u00een domeniul economiei, Veaceslav Ioni\u021b\u0103 \u0219i directorul Serviciului Fiscal de Stat al RM, Petru Rotaru.","inLanguage":"ro-RO","potentialAction":[{"@type":"ReadAction","target":["https:\/\/bas-tv.md\/ro\/redactia-bastv-invita-agentii-economici-la-o-noua-intalnire-a-comunitatii-de-afaceri-locale\/"]}]},{"@type":"ImageObject","inLanguage":"ro-RO","@id":"https:\/\/bas-tv.md\/ro\/redactia-bastv-invita-agentii-economici-la-o-noua-intalnire-a-comunitatii-de-afaceri-locale\/#primaryimage","url":"https:\/\/bas-tv.md\/wp-content\/uploads\/2023\/07\/vstrecha.jpg","contentUrl":"https:\/\/bas-tv.md\/wp-content\/uploads\/2023\/07\/vstrecha.jpg","width":1080,"height":1080,"caption":"\u0432\u0441\u0442\u0440\u0435\u0447\u0430"},{"@type":"WebSite","@id":"https:\/\/bas-tv.md\/ro\/#website","url":"https:\/\/bas-tv.md\/ro\/","name":"BasTV","description":"Moldova","publisher":{"@id":"https:\/\/bas-tv.md\/ro\/#organization"},"potentialAction":[{"@type":"SearchAction","target":{"@type":"EntryPoint","urlTemplate":"https:\/\/bas-tv.md\/ro\/?s={search_term_string}"},"query-input":{"@type":"PropertyValueSpecification","valueRequired":true,"valueName":"search_term_string"}}],"inLanguage":"ro-RO"},{"@type":"Organization","@id":"https:\/\/bas-tv.md\/ro\/#organization","name":"BasTV","url":"https:\/\/bas-tv.md\/ro\/","logo":{"@type":"ImageObject","inLanguage":"ro-RO","@id":"https:\/\/bas-tv.md\/ro\/#\/schema\/logo\/image\/","url":"https:\/\/bas-tv.md\/wp-content\/uploads\/2023\/05\/bas-tv-culoarea-rosie.png","contentUrl":"https:\/\/bas-tv.md\/wp-content\/uploads\/2023\/05\/bas-tv-culoarea-rosie.png","width":202,"height":50,"caption":"BasTV"},"image":{"@id":"https:\/\/bas-tv.md\/ro\/#\/schema\/logo\/image\/"}},{"@type":"Person","@id":"https:\/\/bas-tv.md\/ro\/#\/schema\/person\/8740f45ea2eca1f1695284fc03529af0","name":"Redactor","image":{"@type":"ImageObject","inLanguage":"ro-RO","@id":"https:\/\/bas-tv.md\/wp-content\/litespeed\/avatar\/91c0586f3f6f4396a4ec1287c965eeeb.jpg?ver=1776950945","url":"https:\/\/bas-tv.md\/wp-content\/litespeed\/avatar\/91c0586f3f6f4396a4ec1287c965eeeb.jpg?ver=1776950945","contentUrl":"https:\/\/bas-tv.md\/wp-content\/litespeed\/avatar\/91c0586f3f6f4396a4ec1287c965eeeb.jpg?ver=1776950945","caption":"Redactor"},"url":"https:\/\/bas-tv.md\/ro\/author\/redactor\/"}]}},"views":494,"_links":{"self":[{"href":"https:\/\/bas-tv.md\/ro\/wp-json\/wp\/v2\/posts\/94695","targetHints":{"allow":["GET"]}}],"collection":[{"href":"https:\/\/bas-tv.md\/ro\/wp-json\/wp\/v2\/posts"}],"about":[{"href":"https:\/\/bas-tv.md\/ro\/wp-json\/wp\/v2\/types\/post"}],"author":[{"embeddable":true,"href":"https:\/\/bas-tv.md\/ro\/wp-json\/wp\/v2\/users\/3"}],"replies":[{"embeddable":true,"href":"https:\/\/bas-tv.md\/ro\/wp-json\/wp\/v2\/comments?post=94695"}],"version-history":[{"count":1,"href":"https:\/\/bas-tv.md\/ro\/wp-json\/wp\/v2\/posts\/94695\/revisions"}],"predecessor-version":[{"id":94697,"href":"https:\/\/bas-tv.md\/ro\/wp-json\/wp\/v2\/posts\/94695\/revisions\/94697"}],"wp:featuredmedia":[{"embeddable":true,"href":"https:\/\/bas-tv.md\/ro\/wp-json\/wp\/v2\/media\/94684"}],"wp:attachment":[{"href":"https:\/\/bas-tv.md\/ro\/wp-json\/wp\/v2\/media?parent=94695"}],"wp:term":[{"taxonomy":"category","embeddable":true,"href":"https:\/\/bas-tv.md\/ro\/wp-json\/wp\/v2\/categories?post=94695"},{"taxonomy":"post_tag","embeddable":true,"href":"https:\/\/bas-tv.md\/ro\/wp-json\/wp\/v2\/tags?post=94695"}],"curies":[{"name":"wp","href":"https:\/\/api.w.org\/{rel}","templated":true}]}}