{"id":96479,"date":"2023-08-07T12:00:05","date_gmt":"2023-08-07T09:00:05","guid":{"rendered":"https:\/\/bas-tv.md\/?p=96479"},"modified":"2023-09-25T14:16:27","modified_gmt":"2023-09-25T11:16:27","slug":"in-republica-moldova-incepe-perioada-electorala-pentru-alegerile-locale-generale-din-5-noiembrie","status":"publish","type":"post","link":"https:\/\/bas-tv.md\/ro\/in-republica-moldova-incepe-perioada-electorala-pentru-alegerile-locale-generale-din-5-noiembrie\/","title":{"rendered":"\u00cen Republica Moldova \u00eencepe perioada electoral\u0103 pentru alegerile locale generale din 5 noiembrie"},"content":{"rendered":"<p><strong>Perioada electoral\u0103 pentru alegerile locale generale din 5 noiembrie 2023, \u00eencepe pe 7 august, anun\u021b\u0103 Comisia Electoral\u0103 Central\u0103 (CEC).<\/strong><\/p>\n<p>Potrivit Codului electoral, perioad\u0103 electoral\u0103 dureaz\u0103 p\u00e2n\u0103 \u00een ziua \u00een care rezultatele alegerilor sunt confirmate de c\u0103tre organele competente, dar nu poate fi mai mare de 120 de zile.<\/p>\n<p>\u00cen aceast\u0103 perioad\u0103 vor fi ajustate \u0219i aprobate actele normative subsecvente legii electorale, constituite organele electorale ierarhic inferioare, asigurate mijloacele necesare pentru desf\u0103\u0219urarea scrutinului, organizate instruiri pentru func\u021bionarii electorali \u0219i activit\u0103\u021bi de informare pentru aleg\u0103tori \u0219i al\u021bi subiec\u021bi electorali, desemna\u021bi \u0219i \u00eenregistra\u021bi candida\u021bii la func\u021biile elective, generate listele electorale \u0219i preg\u0103tite buletinele de vot, precum \u0219i alte materiale electorale.<\/p>\n<p>Campania electoral\u0103, care va \u00eencepe pe 6 octombrie, se desf\u0103\u0219oar\u0103 cu scopul de a-i determina pe aleg\u0103tori s\u0103-\u0219i exprime voturile pentru alegerea unuia sau a altui concurent electoral sau pentru exprimarea uneia sau a altei op\u021biuni la referendum.<\/p>\n<p>Amintim c\u0103 CEC a aprobat Hot\u0103r\u00e2rea cu privire la stabilirea datei alegerilor locale generale la 4 iulie curent, iar aceasta intr\u0103 \u00een vigoare ast\u0103zi. De asemenea, CEC a aprobat, s\u0103pt\u0103m\u00e2na trecut\u0103 Programul calendaristic pentru organizarea \u0219i desf\u0103\u0219urarea alegerilor locale generale, care va fi remis, pentru informare \u0219i realizare \u00een limita competen\u021bei, autorit\u0103\u021bilor publice locale \u0219i centrale, partidelor politice reprezentate \u00een Parlament, precum \u0219i organelor electorale, dup\u0103 constituirea acestora.<\/p>\n<p><strong>Abona\u021bi-v\u0103 la noi pe re\u021bele sociale:\u00a0<\/strong><a href=\"https:\/\/t.me\/bastvmd\"><strong><em>Telegram<\/em><\/strong><\/a><strong>,\u00a0<\/strong><a href=\"https:\/\/www.youtube.com\/channel\/UC-9005PnLnhpNM8PVSjP2dQ\/featured\"><strong><em>YouTube<\/em><\/strong><\/a><strong>,\u00a0<\/strong><a href=\"https:\/\/www.facebook.com\/bastv.md\"><strong><em>Facebook<\/em><\/strong><\/a>\u00a0<strong>\u0219i<\/strong>\u00a0<a href=\"https:\/\/www.instagram.com\/bastv.md\/\"><strong><em>Instagram<\/em><\/strong><\/a><strong>.\u00a0\u00a0<\/strong><strong>Aici public\u0103m \u0219tiri pe scurt!<\/strong><\/p>\n","protected":false},"excerpt":{"rendered":"<p>Perioada electoral\u0103 pentru alegerile locale generale din 5 noiembrie 2023, \u00eencepe pe 7 august, anun\u021b\u0103 Comisia Electoral\u0103 Central\u0103 (CEC). Potrivit Codului electoral, perioad\u0103 electoral\u0103 dureaz\u0103 p\u00e2n\u0103 \u00een ziua \u00een care rezultatele alegerilor sunt confirmate de c\u0103tre organele competente, dar nu poate fi mai mare de 120 de zile. \u00cen aceast\u0103 perioad\u0103 vor fi ajustate \u0219i [&hellip;]<\/p>\n","protected":false},"author":3,"featured_media":96482,"comment_status":"open","ping_status":"open","sticky":false,"template":"","format":"standard","meta":{"footnotes":""},"categories":[602,1248,570],"tags":[],"class_list":["post-96479","post","type-post","status-publish","format-standard","has-post-thumbnail","hentry","category-actualitate","category-electorala-2023-ro","category-in-moldova"],"yoast_head":"<!-- This site is optimized with the Yoast SEO plugin v27.5 - https:\/\/yoast.com\/product\/yoast-seo-wordpress\/ -->\n<title>\u00cen Republica Moldova \u00eencepe perioada electoral\u0103 pentru alegerile locale generale din 5 noiembrie - BasTV<\/title>\n<meta name=\"description\" content=\"Perioada electoral\u0103 pentru alegerile locale generale din 5 noiembrie 2023, \u00eencepe pe 7 august, anun\u021b\u0103 Comisia Electoral\u0103 Central\u0103 (CEC).\" \/>\n<meta name=\"robots\" content=\"index, follow, max-snippet:-1, max-image-preview:large, max-video-preview:-1\" \/>\n<link rel=\"canonical\" href=\"https:\/\/bas-tv.md\/ro\/in-republica-moldova-incepe-perioada-electorala-pentru-alegerile-locale-generale-din-5-noiembrie\/\" \/>\n<meta property=\"og:locale\" content=\"ro_RO\" \/>\n<meta property=\"og:type\" content=\"article\" \/>\n<meta property=\"og:title\" content=\"\u00cen Republica Moldova \u00eencepe perioada electoral\u0103 pentru alegerile locale generale din 5 noiembrie - BasTV\" \/>\n<meta property=\"og:description\" content=\"Perioada electoral\u0103 pentru alegerile locale generale din 5 noiembrie 2023, \u00eencepe pe 7 august, anun\u021b\u0103 Comisia Electoral\u0103 Central\u0103 (CEC).\" \/>\n<meta property=\"og:url\" content=\"https:\/\/bas-tv.md\/ro\/in-republica-moldova-incepe-perioada-electorala-pentru-alegerile-locale-generale-din-5-noiembrie\/\" \/>\n<meta property=\"og:site_name\" content=\"BasTV\" \/>\n<meta property=\"article:published_time\" content=\"2023-08-07T09:00:05+00:00\" \/>\n<meta property=\"article:modified_time\" content=\"2023-09-25T11:16:27+00:00\" \/>\n<meta property=\"og:image\" content=\"https:\/\/bas-tv.md\/wp-content\/uploads\/2023\/08\/img_9569.jpeg\" \/>\n\t<meta property=\"og:image:width\" content=\"840\" \/>\n\t<meta property=\"og:image:height\" content=\"420\" \/>\n\t<meta property=\"og:image:type\" content=\"image\/jpeg\" \/>\n<meta name=\"author\" content=\"Redactor\" \/>\n<meta name=\"twitter:card\" content=\"summary_large_image\" \/>\n<meta name=\"twitter:label1\" content=\"Scris de\" \/>\n\t<meta name=\"twitter:data1\" content=\"Redactor\" \/>\n\t<meta name=\"twitter:label2\" content=\"Timp estimat pentru citire\" \/>\n\t<meta name=\"twitter:data2\" content=\"2 minute\" \/>\n<script type=\"application\/ld+json\" class=\"yoast-schema-graph\">{\"@context\":\"https:\\\/\\\/schema.org\",\"@graph\":[{\"@type\":\"Article\",\"@id\":\"https:\\\/\\\/bas-tv.md\\\/ro\\\/in-republica-moldova-incepe-perioada-electorala-pentru-alegerile-locale-generale-din-5-noiembrie\\\/#article\",\"isPartOf\":{\"@id\":\"https:\\\/\\\/bas-tv.md\\\/ro\\\/in-republica-moldova-incepe-perioada-electorala-pentru-alegerile-locale-generale-din-5-noiembrie\\\/\"},\"author\":{\"name\":\"Redactor\",\"@id\":\"https:\\\/\\\/bas-tv.md\\\/ro\\\/#\\\/schema\\\/person\\\/8740f45ea2eca1f1695284fc03529af0\"},\"headline\":\"\u00cen Republica Moldova \u00eencepe perioada electoral\u0103 pentru alegerile locale generale din 5 noiembrie\",\"datePublished\":\"2023-08-07T09:00:05+00:00\",\"dateModified\":\"2023-09-25T11:16:27+00:00\",\"mainEntityOfPage\":{\"@id\":\"https:\\\/\\\/bas-tv.md\\\/ro\\\/in-republica-moldova-incepe-perioada-electorala-pentru-alegerile-locale-generale-din-5-noiembrie\\\/\"},\"wordCount\":265,\"commentCount\":0,\"publisher\":{\"@id\":\"https:\\\/\\\/bas-tv.md\\\/ro\\\/#organization\"},\"image\":{\"@id\":\"https:\\\/\\\/bas-tv.md\\\/ro\\\/in-republica-moldova-incepe-perioada-electorala-pentru-alegerile-locale-generale-din-5-noiembrie\\\/#primaryimage\"},\"thumbnailUrl\":\"https:\\\/\\\/bas-tv.md\\\/wp-content\\\/uploads\\\/2023\\\/08\\\/img_9569.jpeg\",\"articleSection\":[\"Actualitate\",\"Electorala-2023\",\"\u00cen Moldova\"],\"inLanguage\":\"ro-RO\",\"potentialAction\":[{\"@type\":\"CommentAction\",\"name\":\"Comment\",\"target\":[\"https:\\\/\\\/bas-tv.md\\\/ro\\\/in-republica-moldova-incepe-perioada-electorala-pentru-alegerile-locale-generale-din-5-noiembrie\\\/#respond\"]}]},{\"@type\":\"WebPage\",\"@id\":\"https:\\\/\\\/bas-tv.md\\\/ro\\\/in-republica-moldova-incepe-perioada-electorala-pentru-alegerile-locale-generale-din-5-noiembrie\\\/\",\"url\":\"https:\\\/\\\/bas-tv.md\\\/ro\\\/in-republica-moldova-incepe-perioada-electorala-pentru-alegerile-locale-generale-din-5-noiembrie\\\/\",\"name\":\"\u00cen Republica Moldova \u00eencepe perioada electoral\u0103 pentru alegerile locale generale din 5 noiembrie - BasTV\",\"isPartOf\":{\"@id\":\"https:\\\/\\\/bas-tv.md\\\/ro\\\/#website\"},\"primaryImageOfPage\":{\"@id\":\"https:\\\/\\\/bas-tv.md\\\/ro\\\/in-republica-moldova-incepe-perioada-electorala-pentru-alegerile-locale-generale-din-5-noiembrie\\\/#primaryimage\"},\"image\":{\"@id\":\"https:\\\/\\\/bas-tv.md\\\/ro\\\/in-republica-moldova-incepe-perioada-electorala-pentru-alegerile-locale-generale-din-5-noiembrie\\\/#primaryimage\"},\"thumbnailUrl\":\"https:\\\/\\\/bas-tv.md\\\/wp-content\\\/uploads\\\/2023\\\/08\\\/img_9569.jpeg\",\"datePublished\":\"2023-08-07T09:00:05+00:00\",\"dateModified\":\"2023-09-25T11:16:27+00:00\",\"description\":\"Perioada electoral\u0103 pentru alegerile locale generale din 5 noiembrie 2023, \u00eencepe pe 7 august, anun\u021b\u0103 Comisia Electoral\u0103 Central\u0103 (CEC).\",\"inLanguage\":\"ro-RO\",\"potentialAction\":[{\"@type\":\"ReadAction\",\"target\":[\"https:\\\/\\\/bas-tv.md\\\/ro\\\/in-republica-moldova-incepe-perioada-electorala-pentru-alegerile-locale-generale-din-5-noiembrie\\\/\"]}]},{\"@type\":\"ImageObject\",\"inLanguage\":\"ro-RO\",\"@id\":\"https:\\\/\\\/bas-tv.md\\\/ro\\\/in-republica-moldova-incepe-perioada-electorala-pentru-alegerile-locale-generale-din-5-noiembrie\\\/#primaryimage\",\"url\":\"https:\\\/\\\/bas-tv.md\\\/wp-content\\\/uploads\\\/2023\\\/08\\\/img_9569.jpeg\",\"contentUrl\":\"https:\\\/\\\/bas-tv.md\\\/wp-content\\\/uploads\\\/2023\\\/08\\\/img_9569.jpeg\",\"width\":840,\"height\":420,\"caption\":\"a-tv.md\"},{\"@type\":\"WebSite\",\"@id\":\"https:\\\/\\\/bas-tv.md\\\/ro\\\/#website\",\"url\":\"https:\\\/\\\/bas-tv.md\\\/ro\\\/\",\"name\":\"BasTV\",\"description\":\"Moldova\",\"publisher\":{\"@id\":\"https:\\\/\\\/bas-tv.md\\\/ro\\\/#organization\"},\"potentialAction\":[{\"@type\":\"SearchAction\",\"target\":{\"@type\":\"EntryPoint\",\"urlTemplate\":\"https:\\\/\\\/bas-tv.md\\\/ro\\\/?s={search_term_string}\"},\"query-input\":{\"@type\":\"PropertyValueSpecification\",\"valueRequired\":true,\"valueName\":\"search_term_string\"}}],\"inLanguage\":\"ro-RO\"},{\"@type\":\"Organization\",\"@id\":\"https:\\\/\\\/bas-tv.md\\\/ro\\\/#organization\",\"name\":\"BasTV\",\"url\":\"https:\\\/\\\/bas-tv.md\\\/ro\\\/\",\"logo\":{\"@type\":\"ImageObject\",\"inLanguage\":\"ro-RO\",\"@id\":\"https:\\\/\\\/bas-tv.md\\\/ro\\\/#\\\/schema\\\/logo\\\/image\\\/\",\"url\":\"https:\\\/\\\/bas-tv.md\\\/wp-content\\\/uploads\\\/2023\\\/05\\\/bas-tv-culoarea-rosie.png\",\"contentUrl\":\"https:\\\/\\\/bas-tv.md\\\/wp-content\\\/uploads\\\/2023\\\/05\\\/bas-tv-culoarea-rosie.png\",\"width\":202,\"height\":50,\"caption\":\"BasTV\"},\"image\":{\"@id\":\"https:\\\/\\\/bas-tv.md\\\/ro\\\/#\\\/schema\\\/logo\\\/image\\\/\"}},{\"@type\":\"Person\",\"@id\":\"https:\\\/\\\/bas-tv.md\\\/ro\\\/#\\\/schema\\\/person\\\/8740f45ea2eca1f1695284fc03529af0\",\"name\":\"Redactor\",\"image\":{\"@type\":\"ImageObject\",\"inLanguage\":\"ro-RO\",\"@id\":\"https:\\\/\\\/bas-tv.md\\\/wp-content\\\/litespeed\\\/avatar\\\/91c0586f3f6f4396a4ec1287c965eeeb.jpg?ver=1776950945\",\"url\":\"https:\\\/\\\/bas-tv.md\\\/wp-content\\\/litespeed\\\/avatar\\\/91c0586f3f6f4396a4ec1287c965eeeb.jpg?ver=1776950945\",\"contentUrl\":\"https:\\\/\\\/bas-tv.md\\\/wp-content\\\/litespeed\\\/avatar\\\/91c0586f3f6f4396a4ec1287c965eeeb.jpg?ver=1776950945\",\"caption\":\"Redactor\"},\"url\":\"https:\\\/\\\/bas-tv.md\\\/ro\\\/author\\\/redactor\\\/\"}]}<\/script>\n<!-- \/ Yoast SEO plugin. -->","yoast_head_json":{"title":"\u00cen Republica Moldova \u00eencepe perioada electoral\u0103 pentru alegerile locale generale din 5 noiembrie - BasTV","description":"Perioada electoral\u0103 pentru alegerile locale generale din 5 noiembrie 2023, \u00eencepe pe 7 august, anun\u021b\u0103 Comisia Electoral\u0103 Central\u0103 (CEC).","robots":{"index":"index","follow":"follow","max-snippet":"max-snippet:-1","max-image-preview":"max-image-preview:large","max-video-preview":"max-video-preview:-1"},"canonical":"https:\/\/bas-tv.md\/ro\/in-republica-moldova-incepe-perioada-electorala-pentru-alegerile-locale-generale-din-5-noiembrie\/","og_locale":"ro_RO","og_type":"article","og_title":"\u00cen Republica Moldova \u00eencepe perioada electoral\u0103 pentru alegerile locale generale din 5 noiembrie - BasTV","og_description":"Perioada electoral\u0103 pentru alegerile locale generale din 5 noiembrie 2023, \u00eencepe pe 7 august, anun\u021b\u0103 Comisia Electoral\u0103 Central\u0103 (CEC).","og_url":"https:\/\/bas-tv.md\/ro\/in-republica-moldova-incepe-perioada-electorala-pentru-alegerile-locale-generale-din-5-noiembrie\/","og_site_name":"BasTV","article_published_time":"2023-08-07T09:00:05+00:00","article_modified_time":"2023-09-25T11:16:27+00:00","og_image":[{"width":840,"height":420,"url":"https:\/\/bas-tv.md\/wp-content\/uploads\/2023\/08\/img_9569.jpeg","type":"image\/jpeg"}],"author":"Redactor","twitter_card":"summary_large_image","twitter_misc":{"Scris de":"Redactor","Timp estimat pentru citire":"2 minute"},"schema":{"@context":"https:\/\/schema.org","@graph":[{"@type":"Article","@id":"https:\/\/bas-tv.md\/ro\/in-republica-moldova-incepe-perioada-electorala-pentru-alegerile-locale-generale-din-5-noiembrie\/#article","isPartOf":{"@id":"https:\/\/bas-tv.md\/ro\/in-republica-moldova-incepe-perioada-electorala-pentru-alegerile-locale-generale-din-5-noiembrie\/"},"author":{"name":"Redactor","@id":"https:\/\/bas-tv.md\/ro\/#\/schema\/person\/8740f45ea2eca1f1695284fc03529af0"},"headline":"\u00cen Republica Moldova \u00eencepe perioada electoral\u0103 pentru alegerile locale generale din 5 noiembrie","datePublished":"2023-08-07T09:00:05+00:00","dateModified":"2023-09-25T11:16:27+00:00","mainEntityOfPage":{"@id":"https:\/\/bas-tv.md\/ro\/in-republica-moldova-incepe-perioada-electorala-pentru-alegerile-locale-generale-din-5-noiembrie\/"},"wordCount":265,"commentCount":0,"publisher":{"@id":"https:\/\/bas-tv.md\/ro\/#organization"},"image":{"@id":"https:\/\/bas-tv.md\/ro\/in-republica-moldova-incepe-perioada-electorala-pentru-alegerile-locale-generale-din-5-noiembrie\/#primaryimage"},"thumbnailUrl":"https:\/\/bas-tv.md\/wp-content\/uploads\/2023\/08\/img_9569.jpeg","articleSection":["Actualitate","Electorala-2023","\u00cen Moldova"],"inLanguage":"ro-RO","potentialAction":[{"@type":"CommentAction","name":"Comment","target":["https:\/\/bas-tv.md\/ro\/in-republica-moldova-incepe-perioada-electorala-pentru-alegerile-locale-generale-din-5-noiembrie\/#respond"]}]},{"@type":"WebPage","@id":"https:\/\/bas-tv.md\/ro\/in-republica-moldova-incepe-perioada-electorala-pentru-alegerile-locale-generale-din-5-noiembrie\/","url":"https:\/\/bas-tv.md\/ro\/in-republica-moldova-incepe-perioada-electorala-pentru-alegerile-locale-generale-din-5-noiembrie\/","name":"\u00cen Republica Moldova \u00eencepe perioada electoral\u0103 pentru alegerile locale generale din 5 noiembrie - BasTV","isPartOf":{"@id":"https:\/\/bas-tv.md\/ro\/#website"},"primaryImageOfPage":{"@id":"https:\/\/bas-tv.md\/ro\/in-republica-moldova-incepe-perioada-electorala-pentru-alegerile-locale-generale-din-5-noiembrie\/#primaryimage"},"image":{"@id":"https:\/\/bas-tv.md\/ro\/in-republica-moldova-incepe-perioada-electorala-pentru-alegerile-locale-generale-din-5-noiembrie\/#primaryimage"},"thumbnailUrl":"https:\/\/bas-tv.md\/wp-content\/uploads\/2023\/08\/img_9569.jpeg","datePublished":"2023-08-07T09:00:05+00:00","dateModified":"2023-09-25T11:16:27+00:00","description":"Perioada electoral\u0103 pentru alegerile locale generale din 5 noiembrie 2023, \u00eencepe pe 7 august, anun\u021b\u0103 Comisia Electoral\u0103 Central\u0103 (CEC).","inLanguage":"ro-RO","potentialAction":[{"@type":"ReadAction","target":["https:\/\/bas-tv.md\/ro\/in-republica-moldova-incepe-perioada-electorala-pentru-alegerile-locale-generale-din-5-noiembrie\/"]}]},{"@type":"ImageObject","inLanguage":"ro-RO","@id":"https:\/\/bas-tv.md\/ro\/in-republica-moldova-incepe-perioada-electorala-pentru-alegerile-locale-generale-din-5-noiembrie\/#primaryimage","url":"https:\/\/bas-tv.md\/wp-content\/uploads\/2023\/08\/img_9569.jpeg","contentUrl":"https:\/\/bas-tv.md\/wp-content\/uploads\/2023\/08\/img_9569.jpeg","width":840,"height":420,"caption":"a-tv.md"},{"@type":"WebSite","@id":"https:\/\/bas-tv.md\/ro\/#website","url":"https:\/\/bas-tv.md\/ro\/","name":"BasTV","description":"Moldova","publisher":{"@id":"https:\/\/bas-tv.md\/ro\/#organization"},"potentialAction":[{"@type":"SearchAction","target":{"@type":"EntryPoint","urlTemplate":"https:\/\/bas-tv.md\/ro\/?s={search_term_string}"},"query-input":{"@type":"PropertyValueSpecification","valueRequired":true,"valueName":"search_term_string"}}],"inLanguage":"ro-RO"},{"@type":"Organization","@id":"https:\/\/bas-tv.md\/ro\/#organization","name":"BasTV","url":"https:\/\/bas-tv.md\/ro\/","logo":{"@type":"ImageObject","inLanguage":"ro-RO","@id":"https:\/\/bas-tv.md\/ro\/#\/schema\/logo\/image\/","url":"https:\/\/bas-tv.md\/wp-content\/uploads\/2023\/05\/bas-tv-culoarea-rosie.png","contentUrl":"https:\/\/bas-tv.md\/wp-content\/uploads\/2023\/05\/bas-tv-culoarea-rosie.png","width":202,"height":50,"caption":"BasTV"},"image":{"@id":"https:\/\/bas-tv.md\/ro\/#\/schema\/logo\/image\/"}},{"@type":"Person","@id":"https:\/\/bas-tv.md\/ro\/#\/schema\/person\/8740f45ea2eca1f1695284fc03529af0","name":"Redactor","image":{"@type":"ImageObject","inLanguage":"ro-RO","@id":"https:\/\/bas-tv.md\/wp-content\/litespeed\/avatar\/91c0586f3f6f4396a4ec1287c965eeeb.jpg?ver=1776950945","url":"https:\/\/bas-tv.md\/wp-content\/litespeed\/avatar\/91c0586f3f6f4396a4ec1287c965eeeb.jpg?ver=1776950945","contentUrl":"https:\/\/bas-tv.md\/wp-content\/litespeed\/avatar\/91c0586f3f6f4396a4ec1287c965eeeb.jpg?ver=1776950945","caption":"Redactor"},"url":"https:\/\/bas-tv.md\/ro\/author\/redactor\/"}]}},"views":454,"_links":{"self":[{"href":"https:\/\/bas-tv.md\/ro\/wp-json\/wp\/v2\/posts\/96479","targetHints":{"allow":["GET"]}}],"collection":[{"href":"https:\/\/bas-tv.md\/ro\/wp-json\/wp\/v2\/posts"}],"about":[{"href":"https:\/\/bas-tv.md\/ro\/wp-json\/wp\/v2\/types\/post"}],"author":[{"embeddable":true,"href":"https:\/\/bas-tv.md\/ro\/wp-json\/wp\/v2\/users\/3"}],"replies":[{"embeddable":true,"href":"https:\/\/bas-tv.md\/ro\/wp-json\/wp\/v2\/comments?post=96479"}],"version-history":[{"count":2,"href":"https:\/\/bas-tv.md\/ro\/wp-json\/wp\/v2\/posts\/96479\/revisions"}],"predecessor-version":[{"id":96484,"href":"https:\/\/bas-tv.md\/ro\/wp-json\/wp\/v2\/posts\/96479\/revisions\/96484"}],"wp:featuredmedia":[{"embeddable":true,"href":"https:\/\/bas-tv.md\/ro\/wp-json\/wp\/v2\/media\/96482"}],"wp:attachment":[{"href":"https:\/\/bas-tv.md\/ro\/wp-json\/wp\/v2\/media?parent=96479"}],"wp:term":[{"taxonomy":"category","embeddable":true,"href":"https:\/\/bas-tv.md\/ro\/wp-json\/wp\/v2\/categories?post=96479"},{"taxonomy":"post_tag","embeddable":true,"href":"https:\/\/bas-tv.md\/ro\/wp-json\/wp\/v2\/tags?post=96479"}],"curies":[{"name":"wp","href":"https:\/\/api.w.org\/{rel}","templated":true}]}}